{"id":41255,"date":"2018-11-11T12:05:08","date_gmt":"2018-11-11T17:05:08","guid":{"rendered":"http:\/\/www.evafm.net\/sitio\/?p=41255"},"modified":"2018-11-11T12:05:08","modified_gmt":"2018-11-11T17:05:08","slug":"conmemoran-en-paris-el-centenario-del-fin-de-la-primera-guerra-mundial","status":"publish","type":"post","link":"https:\/\/www.evafm.net\/sitio\/conmemoran-en-paris-el-centenario-del-fin-de-la-primera-guerra-mundial\/","title":{"rendered":"Conmemoran en Par\u00eds el centenario del fin de la Primera Guerra Mundial"},"content":{"rendered":"<div class=\"row pb-content-type-text\">\n<div class=\"col-xs-12 col-print-12\">\n<p class=\"element element-paragraph\"><strong>Cerca de 70 jefes de Estado y de Gobierno conmemoraron este domingo en Par\u00eds el centenario del fin de la Primera Guerra Mundial<\/strong>, en un acto que busca reavivar el multilateralismo cada vez m\u00e1s amenazado por los discursos nacionalistas.<\/p>\n<\/div>\n<\/div>\n<div class=\"row pb-content-type-text\">\n<div class=\"col-xs-12 col-print-12\">\n<p class=\"element element-paragraph\">L\u00edderes de todo el planeta, incluyendo el estadounidense\u00a0<strong>Donald Trump<\/strong>, la alemana\u00a0<strong>Angela Merkel<\/strong>\u00a0y el espa\u00f1ol<strong>\u00a0Pedro S\u00e1nchez<\/strong>, participaron en las ceremonias presididas por el presidente franc\u00e9s\u00a0<strong>Emmanuel Macron<\/strong>, que llegaron a su epicentro en el<strong>\u00a0Arco del Triunfo<\/strong>\u00a0y concluir\u00e1n con un\u00a0<strong>Foro de la Paz<\/strong>.<\/p>\n<div class=\"row pb-content-type-text\">\n<div class=\"col-xs-12 col-print-12\">\n<p class=\"element element-paragraph\">\u00ab<strong>\u00a1No olvidemos!<\/strong>\u00ab, exhort\u00f3 Macron a los l\u00edderes mundiales, pidiendo que la reuni\u00f3n no se \u00abs\u00f3lo una cuesti\u00f3n de un d\u00eda\u00bb, sino una iniciativa duradera para cambiar el futuro.<\/p>\n<\/div>\n<\/div>\n<div class=\"row pb-content-type-text\">\n<div class=\"col-xs-12 col-print-12\">\n<p class=\"element element-paragraph\">\u00abJuntos,\u00a0<strong>podemos evitar las amenazas del calentamiento global y la destrucci\u00f3n del medio ambiente, la pobreza, el hambre, las enfermedades, las desigualdades, la ignorancia<\/strong>.\u00bb<\/p>\n<div class=\"row pb-content-type-text\">\n<div class=\"col-xs-12 col-print-12\">\n<p class=\"element element-paragraph\">Los dignatarios comenzaron a llegar a las 09:00 horas\u00a0al\u00a0<strong>Palacio del El\u00edseo<\/strong>, sede de la presidencia francesa.<\/p>\n<\/div>\n<\/div>\n<div class=\"row pb-content-type-text\">\n<div class=\"col-xs-12 col-print-12\">\n<p class=\"element element-paragraph\">Cerca de las 11:00 los l\u00edderes marcharon por la avenida de los Campos El\u00edseos hacia el\u00a0emblem\u00e1tico Arco del Triunfo, donde se encuentra la\u00a0<strong>Tumba del soldado desconocido<\/strong>, que representa a los 10 millones de combatientes muertos en la Primera Guerra Mundial.<\/p>\n<\/div>\n<\/div>\n<div class=\"row pb-content-type-text\">\n<div class=\"col-xs-12 col-print-12\">\n<p class=\"element element-paragraph\">M\u00e1s de 10.000 polic\u00edas y gendarmes se desplegaron\u00a0en la capital francesa para garantizar la seguridad de los mandatarios y sus delegaciones en una ciudad bajo amenaza terrorista permanente desde 2015.<\/p>\n<div class=\"row pb-content-type-text\">\n<div class=\"col-xs-12 col-print-12\">\n<p class=\"element element-paragraph\">Tras una breve ceremonia militar, los mandatarios se agruparon al pie del Arco del Triunfo, donde guardaron un minuto de silencio y se entonar\u00e1 un himno en honor a los ca\u00eddos.<\/p>\n<\/div>\n<\/div>\n<div class=\"row pb-content-type-text\">\n<div class=\"col-xs-12 col-print-12\">\n<p class=\"element element-paragraph\">El c\u00e9lebre violonchelista\u00a0<strong>Yo-Yo Ma<\/strong>\u00a0interpret\u00f3 la<strong>\u00a0Sarabanda<\/strong>\u00a0de la<strong>\u00a0partida n\u00famero 5 del compositor alem\u00e1n Johann Sebastian Bach<\/strong>, y luego, junto al violinista\u00a0Renaud Capu\u00e7on, un movimiento de la Sonata para Violoncello y Viol\u00edn del m\u00fasico franc\u00e9s\u00a0Maurice Ravel.\u00a0Al finalizar lleg\u00f3 el turno de la\u00a0cantante beninesa\u00a0<strong>Angelique Kidjo, quien rinri\u00f3\u00a0<\/strong>en homenaje a las tropas coloniales mientras estudiantes de secundario le\u00edan testimonios de la guerra.<\/p>\n<\/div>\n<\/div>\n<div class=\"row pb-content-type-text\">\n<div class=\"col-xs-12 col-print-12\">\n<p class=\"element element-paragraph\">Acto seguido,\u00a0<strong>Emmanuel Macron<\/strong>, cuyo pa\u00eds fue una de las grandes potencias vencedoras en 1918, pronunci\u00f3 un discurso centrado en el tema de la paz, despu\u00e9s de que esta semana multiplicara las advertencias sobre el resurgimiento de un nacionalismo similar al del per\u00edodo de entreguerras.<\/p>\n<\/div>\n<\/div>\n<div class=\"row pb-content-type-text\">\n<div class=\"col-xs-12 col-print-12\">\n<p class=\"element element-paragraph\"><strong>\u00abSumemos nuestras esperanzas en lugar de oponer nuestros miedos\u00bb,<\/strong>\u00a0se\u00f1al\u00f3 Macron, quien adem\u00e1s destac\u00f3 el patriotismo en contraposici\u00f3n con el nacionalismo.<\/p>\n<p>Luego de su discurso, la orquesta de j\u00f3venes de la Uni\u00f3n Europea ejecut\u00f3 el Bolero de Ravel, en una conmemoraci\u00f3n marcada tambi\u00e9n por la m\u00fasica.<\/p>\n<div class=\"row pb-content-type-text\">\n<div class=\"col-xs-12 col-print-12\">\n<p class=\"element element-paragraph\">Al t\u00e9rmino de la pieza Macron\u00a0<strong>reaviv\u00f3 la llama del soldado desconocido ubicada al pie del Arco del Triunfo.<\/strong><\/p>\n<\/div>\n<\/div>\n<div class=\"row pb-content-type-text\">\n<div class=\"col-xs-12 col-print-12\">\n<p class=\"element element-paragraph\">\u00ab<strong>Se trata de hacer resonar el 11 de noviembre de 1918 con el 11 de noviembre de 2018<\/strong>\u00ab, hab\u00eda indicado una fuente de la presidencia francesa.<\/p>\n<\/div>\n<\/div>\n<div class=\"row pb-content-type-text\">\n<div class=\"col-xs-12 col-print-12\">\n<p class=\"element element-paragraph\">Despu\u00e9s de que se suenen los clarines en remembranza de los miles de clarines que marcaron hace 100 a\u00f1os el alto el fuego de la Primera Guerra Mundial, los mandatarios regresar\u00e1n al El\u00edseo para un almuerzo oficial.<\/p>\n<div class=\"row pb-content-type-text\">\n<div class=\"col-xs-12 col-print-12\">\n<p class=\"element element-paragraph\">Por la tarde, los dirigentes participar\u00e1n en un<strong>\u00a0Foro internacional por la Paz<\/strong>, cuyo objetivo es promover el multilateralismo, debilitado por las pol\u00edticas de algunos jefes de Estado, entre ellos\u00a0<strong>Donald Trump<\/strong>, o m\u00e1s recientemente el nuevo presidente de Brasil,\u00a0<strong>Jair Bolsonaro<\/strong>.<\/p>\n<\/div>\n<\/div>\n<div class=\"row pb-content-type-text\">\n<div class=\"col-xs-12 col-print-12\">\n<p class=\"element element-paragraph\">\u00ab<strong>No se trata solo de conmemorar el pasado sino de utilizar sus lecciones para preparar el futuro<\/strong>\u00ab, explic\u00f3 esta semana el diplom\u00e1tico franc\u00e9s Michel Duclos, que particip\u00f3 en la organizaci\u00f3n del foro.<\/p>\n<\/div>\n<\/div>\n<div class=\"row pb-content-type-text\">\n<div class=\"col-xs-12 col-print-12\">\n<p class=\"element element-paragraph\">Trump ser\u00e1 el gran ausente de esta cita que reunir\u00e1 durante tres d\u00edas a organizaciones internacionales, empresas, oeneg\u00e9s y activistas, que buscar\u00e1n encontrar juntos soluciones concretas a problemas transfronterizos, seg\u00fan dijeron los organizadores.<\/p>\n<div class=\"row pb-content-type-text\">\n<div class=\"col-xs-12 col-print-12\">\n<p class=\"element element-paragraph\">En su lugar, el inquilino de la\u00a0<strong>Casa Blanca<\/strong>, que cancel\u00f3 la v\u00edspera una visita a un cementerio donde descansan marines estadounidenses debido a la lluvia, tiene previsto ir al cementerio de Suresnes, donde yacen las sepulturas de 1.541 soldados americanos muertos en la Primera Guerra Mundial.<\/p>\n<\/div>\n<\/div>\n<div class=\"row pb-content-type-text\">\n<div class=\"col-xs-12 col-print-12\">\n<p class=\"element element-paragraph\">Entre los mandatarios latinoamericanos que participar\u00e1n en el foro figura el presidente de Colombia,\u00a0<strong>Iv\u00e1n Duque<\/strong>, y su par de Costa Rica,\u00a0<strong>Carlos Alvarado<\/strong>.<\/p>\n<\/div>\n<\/div>\n<div class=\"row pb-content-type-text\">\n<div class=\"col-xs-12 col-print-12\">\n<p class=\"element element-paragraph\"><strong>Emmanuel Macron<\/strong>,\u00a0<strong>Angela Merkel<\/strong>,\u00a0<strong>Justin Trudeau<\/strong>\u00a0y el secretario general de la ONU,\u00a0<strong>Antonio Guterres<\/strong>, subir\u00e1n a la tribuna para defender el multilateralismo en una \u00e9poca marcada por un repliegue nacionalista.<\/p>\n<\/div>\n<\/div>\n<div class=\"row pb-content-type-text\">\n<div class=\"col-xs-12 col-print-12\">\n<p class=\"element element-paragraph\">Varias manifestaciones est\u00e1n previstas en Par\u00eds, incluyendo una contra Trump el domingo por la ma\u00f1ana. El s\u00e1bado apenas unas docenas de manifestantes protestaron contra la presencia del presidente ruso,\u00a0<strong>Vladimir Putin.<\/strong><\/p>\n<p><iframe title=\"Centenario del Armisticio de 1918\" width=\"1200\" height=\"675\" src=\"https:\/\/www.youtube.com\/embed\/DkB3EfWKqTM?feature=oembed\" frameborder=\"0\" allow=\"accelerometer; autoplay; clipboard-write; encrypted-media; gyroscope; picture-in-picture; web-share\" referrerpolicy=\"strict-origin-when-cross-origin\" allowfullscreen><\/iframe><\/p>\n<div class=\"single-image\">\n<div class=\"shares\">\n<div class=\"share-button facebook\"><\/div>\n<\/div>\n<p><img decoding=\"async\" id=\"SNZYOVKZE5C6BPOEEQMZCHXIPU\" class=\"image-lazy\" src=\"https:\/\/www.infobae.com\/new-resizer\/dLwjuldGXcjvqPKaj1f_agi273s=\/600x0\/filters:quality(100)\/s3.amazonaws.com\/arc-wordpress-client-uploads\/infobae-wp\/wp-content\/uploads\/2018\/11\/11073349\/2018-11-11T101624Z_2144604110_RC1612C33970_RTRMADP_3_WW1-CENTURY-FRANCE-CEREMONY.jpg\" alt=\"El presidente franc\u00e9s Emmanuel Macron lidera la comitiva de l\u00edderes a trav\u00e9s de la avenida de los Campos El\u00edsesos y hacia el Arco del Triunfo\u00a0(Reuters)\" width=\"750\" height=\"421.875\" \/><\/div>\n<p><span class=\"credit\">El presidente franc\u00e9s Emmanuel Macron lidera la comitiva de l\u00edderes a trav\u00e9s de la avenida de los Campos El\u00edsesos y hacia el Arco del Triunfo\u00a0(Reuters)<\/span><\/p>\n<div class=\"single-image\">\n<div class=\"shares\">\n<div class=\"share-button facebook\"><\/div>\n<\/div>\n<p><img decoding=\"async\" id=\"BQCABOYTFFDVJEWDI4KIMPARLE\" class=\"image-lazy\" src=\"https:\/\/www.infobae.com\/new-resizer\/wGDxnl8Tl0I6AdONlIXSolfc6E0=\/600x0\/filters:quality(100)\/s3.amazonaws.com\/arc-wordpress-client-uploads\/infobae-wp\/wp-content\/uploads\/2018\/11\/11064850\/100-aniversario-primera-guerra-mundial-10.jpg\" alt=\"Guardia Republicana durante la conmemoraci\u00f3n en el Arco del Triunfo (Reuters)\" width=\"750\" height=\"421.875\" \/><\/div>\n<p><span class=\"credit\">Guardia Republicana durante la conmemoraci\u00f3n en el Arco del Triunfo (Reuters)<\/span><\/p>\n<div class=\"single-image\"><img decoding=\"async\" id=\"EV5W2MVII5FE3G3K6OW7PZ4KZU\" class=\"image-lazy\" src=\"https:\/\/www.infobae.com\/new-resizer\/hk0PNUL31eD7DnlXT6-VkPPfXyU=\/600x0\/filters:quality(100)\/s3.amazonaws.com\/arc-wordpress-client-uploads\/infobae-wp\/wp-content\/uploads\/2018\/11\/11075950\/100-aniversario-primera-guerra-mundial-31.jpg\" alt=\"El presidente Macron durante su discurso (Reuters)\" width=\"750\" height=\"421.875\" \/><\/div>\n<p><span class=\"credit\">El presidente Macron durante su discurso (Reuters<\/span><\/p>\n<div class=\"single-image\">\n<div class=\"shares\">\n<div class=\"share-button facebook\"><\/div>\n<\/div>\n<p><img decoding=\"async\" id=\"7GF6XJXWLRDDRPAKEITAIERNME\" class=\"image-lazy\" src=\"https:\/\/www.infobae.com\/new-resizer\/zXsh83mWiniVMDJN8NA8fFsJBB4=\/600x0\/filters:quality(100)\/s3.amazonaws.com\/arc-wordpress-client-uploads\/infobae-wp\/wp-content\/uploads\/2018\/11\/11073355\/2018-11-11T102756Z_1612014052_RC1792ECBF00_RTRMADP_3_WW1-CENTURY-FRANCE-CEREMONY.jpg\" alt=\"El presidente ruso Vladimir Putin, de espaldas, fue uno de los \u00faltimos en llegar\u00a0(Reuters)\" width=\"750\" height=\"421.875\" \/><\/div>\n<p><span class=\"credit\">El presidente ruso Vladimir Putin, de espaldas, fue uno de los \u00faltimos en llegar\u00a0(Reuters)<\/span><\/p>\n<div class=\"single-image\"><img decoding=\"async\" id=\"DLE3IZ4FX5DZLP5QR6VH4BJI5Q\" class=\"image-lazy\" src=\"https:\/\/www.infobae.com\/new-resizer\/OLtc3gsU00V8AoyMoTz2BSetq1Q=\/600x0\/filters:quality(100)\/s3.amazonaws.com\/arc-wordpress-client-uploads\/infobae-wp\/wp-content\/uploads\/2018\/11\/11064802\/100-aniversario-primera-guerra-mundial-14.jpg\" alt=\"Veteranos franceses durante el acto de conmemoraci\u00f3n\u00a0(Reuters)\" width=\"750\" height=\"421.875\" \/><\/div>\n<p><span class=\"credit\">Veteranos franceses durante el acto de conmemoraci\u00f3n\u00a0(Reuters)<\/span><\/p>\n<\/div>\n<\/div>\n<div class=\"row pb-content-type-text\">\n<div class=\"col-xs-12 col-print-12\">\n<p class=\"element element-paragraph\"><em>Con informaci\u00f3n de AFP<\/em><\/p>\n<p>Fuente: infobae.com<\/p>\n<\/div>\n<\/div>\n<\/div>\n<\/div>\n<\/div>\n<\/div>\n<\/div>\n<\/div>\n<\/div>\n<\/div>\n<\/div>\n<\/div>\n<\/div>\n<\/div>\n<div class=\"gsp_post_data\" \r\n\t            data-post_type=\"post\" \r\n\t            data-cat=\"general,noticias-internacionales\" \r\n\t            data-modified=\"120\"\r\n\t            data-created=\"1541937908\"\r\n\t            data-title=\"Conmemoran en Par\u00eds el centenario del fin de la Primera Guerra Mundial\" \r\n\t            data-home=\"https:\/\/www.evafm.net\/sitio\"><\/div>","protected":false},"excerpt":{"rendered":"<p>Cerca de 70 jefes de Estado y de Gobierno conmemoraron este domingo en Par\u00eds el centenario del fin de la Primera Guerra Mundial, en un acto que busca reavivar el multilateralismo cada vez m\u00e1s amenazado por los discursos nacionalistas. L\u00edderes de todo el planeta, incluyendo el estadounidense\u00a0Donald Trump, la alemana\u00a0Angela Merkel\u00a0y el espa\u00f1ol\u00a0Pedro S\u00e1nchez, participaron&#8230;<\/p>\n","protected":false},"author":5,"featured_media":41257,"comment_status":"closed","ping_status":"open","sticky":false,"template":"","format":"standard","meta":{"_joinchat":[],"footnotes":""},"categories":[1720,1345],"tags":[],"class_list":["post-41255","post","type-post","status-publish","format-standard","has-post-thumbnail","hentry","category-general","category-noticias-internacionales","have-post-thumb"],"_links":{"self":[{"href":"https:\/\/www.evafm.net\/sitio\/wp-json\/wp\/v2\/posts\/41255","targetHints":{"allow":["GET"]}}],"collection":[{"href":"https:\/\/www.evafm.net\/sitio\/wp-json\/wp\/v2\/posts"}],"about":[{"href":"https:\/\/www.evafm.net\/sitio\/wp-json\/wp\/v2\/types\/post"}],"author":[{"embeddable":true,"href":"https:\/\/www.evafm.net\/sitio\/wp-json\/wp\/v2\/users\/5"}],"replies":[{"embeddable":true,"href":"https:\/\/www.evafm.net\/sitio\/wp-json\/wp\/v2\/comments?post=41255"}],"version-history":[{"count":1,"href":"https:\/\/www.evafm.net\/sitio\/wp-json\/wp\/v2\/posts\/41255\/revisions"}],"predecessor-version":[{"id":41258,"href":"https:\/\/www.evafm.net\/sitio\/wp-json\/wp\/v2\/posts\/41255\/revisions\/41258"}],"wp:featuredmedia":[{"embeddable":true,"href":"https:\/\/www.evafm.net\/sitio\/wp-json\/wp\/v2\/media\/41257"}],"wp:attachment":[{"href":"https:\/\/www.evafm.net\/sitio\/wp-json\/wp\/v2\/media?parent=41255"}],"wp:term":[{"taxonomy":"category","embeddable":true,"href":"https:\/\/www.evafm.net\/sitio\/wp-json\/wp\/v2\/categories?post=41255"},{"taxonomy":"post_tag","embeddable":true,"href":"https:\/\/www.evafm.net\/sitio\/wp-json\/wp\/v2\/tags?post=41255"}],"curies":[{"name":"wp","href":"https:\/\/api.w.org\/{rel}","templated":true}]}}