{"id":41375,"date":"2018-11-14T09:13:16","date_gmt":"2018-11-14T14:13:16","guid":{"rendered":"http:\/\/www.evafm.net\/sitio\/?p=41375"},"modified":"2018-11-14T09:13:16","modified_gmt":"2018-11-14T14:13:16","slug":"ex-primera-dama-salvadorena-enfrentara-un-juicio-por-corrupcion","status":"publish","type":"post","link":"https:\/\/www.evafm.net\/sitio\/ex-primera-dama-salvadorena-enfrentara-un-juicio-por-corrupcion\/","title":{"rendered":"Ex primera dama salvadore\u00f1a enfrentar\u00e1 un juicio por corrupci\u00f3n"},"content":{"rendered":"<p>La\u00a0<strong>ex primera dama salvadore\u00f1a Ana Ligia de Saca<\/strong>\u00a0enfrentar\u00e1 en enero de 2019 la audiencia preliminar por\u00a0<strong>delitos de corrupci\u00f3n<\/strong>\u00a0vinculados a la millonaria\u00a0<strong>malversaci\u00f3n<\/strong>\u00a0por la que fue condenado su esposo, el\u00a0<strong>expresidente El\u00edas Antonio Saca<\/strong>, inform\u00f3 el \u00f3rgano Judicial.<\/p>\n<div class=\"row pb-content-type-text\">\n<div class=\"col-xs-12 col-print-12\">\n<p class=\"element element-paragraph\">Explic\u00f3 que la audiencia estaba programada para el pasado 5 de noviembre, pero fue aplazada por una recusaci\u00f3n que present\u00f3 la Fiscal\u00eda contra el juez instructor Miguel \u00c1ngel Arg\u00fcello por poner en\u00a0<strong>\u00abpeligro su imparcialidad\u00bb<\/strong>\u00a0al negarse a extender el plazo para realizar las pericias.<\/p>\n<\/div>\n<\/div>\n<div class=\"row pb-content-type-text\">\n<div class=\"col-xs-12 col-print-12\">\n<p class=\"element element-paragraph\">Arg\u00fcello, quien a finales de 2015 orden\u00f3 la apertura de juicio contra el\u00a0<strong>expresidente Francisco Flores<\/strong>\u00a0(1999-2004) por cargos de corrupci\u00f3n, tambi\u00e9n lleva la causa contra el\u00a0<strong>exmandatario Mauricio Funes<\/strong>\u00a0(2009-2014) por supuestamente malversar m\u00e1s de USD 351 millones del presupuesto estatal.<\/p>\n<div class=\"row pb-content-type-text\">\n<div class=\"col-xs-12 col-print-12\">\n<p class=\"element element-paragraph\">El proceso que Pignato enfrenta es por\u00a0<strong>lavado de dinero y simulaci\u00f3n de delito<\/strong>, cometido supuestamente al denunciar la falsificaci\u00f3n de su firma en un documento en la compra de un veh\u00edculo relacionado con los<strong>\u00a0fondos cuestionados a Funes<\/strong>.<\/p>\n<div class=\"single-image\"><img decoding=\"async\" id=\"DSAMN7MJORDMTOPUEDMEJLQHHU\" class=\"image-lazy\" src=\"https:\/\/www.infobae.com\/new-resizer\/GickGD4yyGHq4ZAc3h0MvJ-8vKY=\/600x0\/filters:quality(100)\/s3.amazonaws.com\/arc-wordpress-client-uploads\/infobae-wp\/wp-content\/uploads\/2016\/08\/26165253\/el-salvador-Ana-Ligia-Mixco-Sol-de-Saca.jpg\" alt=\"Ana Ligia ser\u00e1 acusada de lavar los millones que su esposo malvers\u00f3 y por los que fue condenado a 10 a\u00f1os de prisi\u00f3n en septiembre pasado\" width=\"750\" height=\"422.32142857142856\" \/><\/div>\n<p><span class=\"credit\">Ana Ligia ser\u00e1 acusada de lavar los millones que su esposo malvers\u00f3 y por los que fue condenado a 10 a\u00f1os de prisi\u00f3n en septiembre pasado.<\/span><\/p>\n<\/div>\n<\/div>\n<div class=\"row pb-content-type-text\">\n<div class=\"col-xs-12 col-print-12\">\n<p class=\"element element-paragraph\"><em>Con informaci\u00f3n de EFE<\/em><\/p>\n<p>Fuente: infobae.com<\/p>\n<\/div>\n<\/div>\n<\/div>\n<\/div>\n<div class=\"gsp_post_data\" \r\n\t            data-post_type=\"post\" \r\n\t            data-cat=\"noticias-internacionales\" \r\n\t            data-modified=\"120\"\r\n\t            data-created=\"1542186796\"\r\n\t            data-title=\"Ex primera dama salvadore\u00f1a enfrentar\u00e1 un juicio por corrupci\u00f3n\" \r\n\t            data-home=\"https:\/\/www.evafm.net\/sitio\"><\/div>","protected":false},"excerpt":{"rendered":"<p>La\u00a0ex primera dama salvadore\u00f1a Ana Ligia de Saca\u00a0enfrentar\u00e1 en enero de 2019 la audiencia preliminar por\u00a0delitos de corrupci\u00f3n\u00a0vinculados a la millonaria\u00a0malversaci\u00f3n\u00a0por la que fue condenado su esposo, el\u00a0expresidente El\u00edas Antonio Saca, inform\u00f3 el \u00f3rgano Judicial. Explic\u00f3 que la audiencia estaba programada para el pasado 5 de noviembre, pero fue aplazada por una recusaci\u00f3n que present\u00f3&#8230;<\/p>\n","protected":false},"author":5,"featured_media":41376,"comment_status":"closed","ping_status":"open","sticky":false,"template":"","format":"standard","meta":{"_joinchat":[],"footnotes":""},"categories":[1345],"tags":[],"class_list":["post-41375","post","type-post","status-publish","format-standard","has-post-thumbnail","hentry","category-noticias-internacionales","have-post-thumb"],"_links":{"self":[{"href":"https:\/\/www.evafm.net\/sitio\/wp-json\/wp\/v2\/posts\/41375","targetHints":{"allow":["GET"]}}],"collection":[{"href":"https:\/\/www.evafm.net\/sitio\/wp-json\/wp\/v2\/posts"}],"about":[{"href":"https:\/\/www.evafm.net\/sitio\/wp-json\/wp\/v2\/types\/post"}],"author":[{"embeddable":true,"href":"https:\/\/www.evafm.net\/sitio\/wp-json\/wp\/v2\/users\/5"}],"replies":[{"embeddable":true,"href":"https:\/\/www.evafm.net\/sitio\/wp-json\/wp\/v2\/comments?post=41375"}],"version-history":[{"count":1,"href":"https:\/\/www.evafm.net\/sitio\/wp-json\/wp\/v2\/posts\/41375\/revisions"}],"predecessor-version":[{"id":41377,"href":"https:\/\/www.evafm.net\/sitio\/wp-json\/wp\/v2\/posts\/41375\/revisions\/41377"}],"wp:featuredmedia":[{"embeddable":true,"href":"https:\/\/www.evafm.net\/sitio\/wp-json\/wp\/v2\/media\/41376"}],"wp:attachment":[{"href":"https:\/\/www.evafm.net\/sitio\/wp-json\/wp\/v2\/media?parent=41375"}],"wp:term":[{"taxonomy":"category","embeddable":true,"href":"https:\/\/www.evafm.net\/sitio\/wp-json\/wp\/v2\/categories?post=41375"},{"taxonomy":"post_tag","embeddable":true,"href":"https:\/\/www.evafm.net\/sitio\/wp-json\/wp\/v2\/tags?post=41375"}],"curies":[{"name":"wp","href":"https:\/\/api.w.org\/{rel}","templated":true}]}}