{"id":41407,"date":"2018-11-14T13:17:36","date_gmt":"2018-11-14T18:17:36","guid":{"rendered":"http:\/\/www.evafm.net\/sitio\/?p=41407"},"modified":"2018-11-14T13:17:36","modified_gmt":"2018-11-14T18:17:36","slug":"como-grabaron-las-espectaculares-escenas-de-aquaman","status":"publish","type":"post","link":"https:\/\/www.evafm.net\/sitio\/como-grabaron-las-espectaculares-escenas-de-aquaman\/","title":{"rendered":"\u00bfC\u00f3mo grabaron las espectaculares escenas de \u00abAquaman\u00bb?"},"content":{"rendered":"<p>Warner Bros. Pictures public\u00f3 en YouTube las im\u00e1genes del detr\u00e1s de c\u00e1mara de la pel\u00edcula de DC Comics \u00abAquaman\u00bb, que est\u00e1 protagonizada por el actor Jason Momoa.<\/p>\n<p>En las im\u00e1genes se muestra c\u00f3mo la producci\u00f3n recreo una ciudad debajo del mar, y las escenas de acci\u00f3n dirigidas por el realizador James Wan.<\/p>\n<p>La pel\u00edcula revela la historia original de Arthur Curry, mitad humano y mitad atlante, que lo lleva en un viaje para descubrirse a s\u00ed mismo, y en el camino revelar su pasado y su futuro como rey de los siete mares.<\/p>\n<p>El reparto lo integran Nicole Kidman, Amber Heard, Willem Dafoe, Dolph Lundgren, Djimon Hounsou, Randall Park y Temuera Morrison, entre otros.<\/p>\n<p>La pel\u00edcula \u00abAquaman\u00bb se estrenar\u00e1 el 12 de diciembre en Reino Unido; el 21, en todo el mundo.<\/p>\n<p><iframe title=\"AQUAMAN \u2013 Behind the Scenes \u2013 Warner Bros. UK\" width=\"1200\" height=\"675\" src=\"https:\/\/www.youtube.com\/embed\/SJ1YIS4s0Mw?feature=oembed\" frameborder=\"0\" allow=\"accelerometer; autoplay; clipboard-write; encrypted-media; gyroscope; picture-in-picture; web-share\" referrerpolicy=\"strict-origin-when-cross-origin\" allowfullscreen><\/iframe><\/p>\n<p>Fuente: primerahora.com<\/p>\n<div class=\"gsp_post_data\" \r\n\t            data-post_type=\"post\" \r\n\t            data-cat=\"espectaculos,general\" \r\n\t            data-modified=\"120\"\r\n\t            data-created=\"1542201456\"\r\n\t            data-title=\"\u00bfC\u00f3mo grabaron las espectaculares escenas de \u00abAquaman\u00bb?\" \r\n\t            data-home=\"https:\/\/www.evafm.net\/sitio\"><\/div>","protected":false},"excerpt":{"rendered":"<p>Warner Bros. Pictures public\u00f3 en YouTube las im\u00e1genes del detr\u00e1s de c\u00e1mara de la pel\u00edcula de DC Comics \u00abAquaman\u00bb, que est\u00e1 protagonizada por el actor Jason Momoa. En las im\u00e1genes se muestra c\u00f3mo la producci\u00f3n recreo una ciudad debajo del mar, y las escenas de acci\u00f3n dirigidas por el realizador James Wan. La pel\u00edcula revela&#8230;<\/p>\n","protected":false},"author":5,"featured_media":41409,"comment_status":"closed","ping_status":"open","sticky":false,"template":"","format":"standard","meta":{"_joinchat":[],"footnotes":""},"categories":[4,1720],"tags":[],"class_list":["post-41407","post","type-post","status-publish","format-standard","has-post-thumbnail","hentry","category-espectaculos","category-general","have-post-thumb"],"_links":{"self":[{"href":"https:\/\/www.evafm.net\/sitio\/wp-json\/wp\/v2\/posts\/41407","targetHints":{"allow":["GET"]}}],"collection":[{"href":"https:\/\/www.evafm.net\/sitio\/wp-json\/wp\/v2\/posts"}],"about":[{"href":"https:\/\/www.evafm.net\/sitio\/wp-json\/wp\/v2\/types\/post"}],"author":[{"embeddable":true,"href":"https:\/\/www.evafm.net\/sitio\/wp-json\/wp\/v2\/users\/5"}],"replies":[{"embeddable":true,"href":"https:\/\/www.evafm.net\/sitio\/wp-json\/wp\/v2\/comments?post=41407"}],"version-history":[{"count":1,"href":"https:\/\/www.evafm.net\/sitio\/wp-json\/wp\/v2\/posts\/41407\/revisions"}],"predecessor-version":[{"id":41410,"href":"https:\/\/www.evafm.net\/sitio\/wp-json\/wp\/v2\/posts\/41407\/revisions\/41410"}],"wp:featuredmedia":[{"embeddable":true,"href":"https:\/\/www.evafm.net\/sitio\/wp-json\/wp\/v2\/media\/41409"}],"wp:attachment":[{"href":"https:\/\/www.evafm.net\/sitio\/wp-json\/wp\/v2\/media?parent=41407"}],"wp:term":[{"taxonomy":"category","embeddable":true,"href":"https:\/\/www.evafm.net\/sitio\/wp-json\/wp\/v2\/categories?post=41407"},{"taxonomy":"post_tag","embeddable":true,"href":"https:\/\/www.evafm.net\/sitio\/wp-json\/wp\/v2\/tags?post=41407"}],"curies":[{"name":"wp","href":"https:\/\/api.w.org\/{rel}","templated":true}]}}