{"id":41411,"date":"2018-11-15T09:13:53","date_gmt":"2018-11-15T14:13:53","guid":{"rendered":"http:\/\/www.evafm.net\/sitio\/?p=41411"},"modified":"2018-11-15T09:13:53","modified_gmt":"2018-11-15T14:13:53","slug":"protesta-de-taxistas-informales-cierra-calles-en-sur-de-guayaquil","status":"publish","type":"post","link":"https:\/\/www.evafm.net\/sitio\/protesta-de-taxistas-informales-cierra-calles-en-sur-de-guayaquil\/","title":{"rendered":"Protesta de taxistas informales cierra calles en sur de Guayaquil"},"content":{"rendered":"<p>La avenida 25 de Julio, a la altura de la gasolinera Hermano Miguel, est\u00e1 cerrada parcialmente por una protesta de taxirrutas informales.<\/p>\n<p>En el carril exclusivo de la Metrov\u00eda en la intersecci\u00f3n de la avenida Domingo Com\u00edn y P\u00edo Jaramillo, por el redondel de La Pradera, hubo quema de llantas y aquello congestion\u00f3 el tr\u00e1fico vehicular en este sector del sur de la ciudad.<\/p>\n<p>La Autoridad de Tr\u00e1nsito Municipal (ATM) ha aconsejado a los conductores tomar v\u00edas alternas.<\/p>\n<p>Esta misma semana la ATM anunci\u00f3 la creaci\u00f3n de estaciones para taxis regulados.<\/p>\n<p>La semana pasada este \u00faltimo gremio protagoniz\u00f3 una manifestaci\u00f3n a nivel nacional en rechazo a las reformas a la Ley de Tr\u00e1nsito que se tramita en la Asamblea Nacional y en Guayaquil pidi\u00f3 a las autoridades de la entidad de tr\u00e1nsito municipal m\u00e1s control a los taxistas informales.<\/p>\n<p>Fernando Amador, director de Transporte P\u00fablico de la ATM, indic\u00f3 que desconocen cu\u00e1les son los requerimientos de los taxistas informales, pero que buscar\u00e1n establecer di\u00e1logos con ese grupo. (I)<\/p>\n<p>Fuente: eluniverso.com<\/p>\n<div class=\"gsp_post_data\" \r\n\t            data-post_type=\"post\" \r\n\t            data-cat=\"general,noticias-ecuador\" \r\n\t            data-modified=\"120\"\r\n\t            data-created=\"1542273233\"\r\n\t            data-title=\"Protesta de taxistas informales cierra calles en sur de Guayaquil\" \r\n\t            data-home=\"https:\/\/www.evafm.net\/sitio\"><\/div>","protected":false},"excerpt":{"rendered":"<p>La avenida 25 de Julio, a la altura de la gasolinera Hermano Miguel, est\u00e1 cerrada parcialmente por una protesta de taxirrutas informales. En el carril exclusivo de la Metrov\u00eda en la intersecci\u00f3n de la avenida Domingo Com\u00edn y P\u00edo Jaramillo, por el redondel de La Pradera, hubo quema de llantas y aquello congestion\u00f3 el tr\u00e1fico&#8230;<\/p>\n","protected":false},"author":5,"featured_media":41412,"comment_status":"closed","ping_status":"open","sticky":false,"template":"","format":"standard","meta":{"_joinchat":[],"footnotes":""},"categories":[1720,1558],"tags":[],"class_list":["post-41411","post","type-post","status-publish","format-standard","has-post-thumbnail","hentry","category-general","category-noticias-ecuador","have-post-thumb"],"_links":{"self":[{"href":"https:\/\/www.evafm.net\/sitio\/wp-json\/wp\/v2\/posts\/41411","targetHints":{"allow":["GET"]}}],"collection":[{"href":"https:\/\/www.evafm.net\/sitio\/wp-json\/wp\/v2\/posts"}],"about":[{"href":"https:\/\/www.evafm.net\/sitio\/wp-json\/wp\/v2\/types\/post"}],"author":[{"embeddable":true,"href":"https:\/\/www.evafm.net\/sitio\/wp-json\/wp\/v2\/users\/5"}],"replies":[{"embeddable":true,"href":"https:\/\/www.evafm.net\/sitio\/wp-json\/wp\/v2\/comments?post=41411"}],"version-history":[{"count":1,"href":"https:\/\/www.evafm.net\/sitio\/wp-json\/wp\/v2\/posts\/41411\/revisions"}],"predecessor-version":[{"id":41413,"href":"https:\/\/www.evafm.net\/sitio\/wp-json\/wp\/v2\/posts\/41411\/revisions\/41413"}],"wp:featuredmedia":[{"embeddable":true,"href":"https:\/\/www.evafm.net\/sitio\/wp-json\/wp\/v2\/media\/41412"}],"wp:attachment":[{"href":"https:\/\/www.evafm.net\/sitio\/wp-json\/wp\/v2\/media?parent=41411"}],"wp:term":[{"taxonomy":"category","embeddable":true,"href":"https:\/\/www.evafm.net\/sitio\/wp-json\/wp\/v2\/categories?post=41411"},{"taxonomy":"post_tag","embeddable":true,"href":"https:\/\/www.evafm.net\/sitio\/wp-json\/wp\/v2\/tags?post=41411"}],"curies":[{"name":"wp","href":"https:\/\/api.w.org\/{rel}","templated":true}]}}