{"id":41417,"date":"2018-11-15T09:41:10","date_gmt":"2018-11-15T14:41:10","guid":{"rendered":"http:\/\/www.evafm.net\/sitio\/?p=41417"},"modified":"2018-11-15T09:41:10","modified_gmt":"2018-11-15T14:41:10","slug":"amenazan-con-hacer-caer-al-gobierno-de-theresa-may","status":"publish","type":"post","link":"https:\/\/www.evafm.net\/sitio\/amenazan-con-hacer-caer-al-gobierno-de-theresa-may\/","title":{"rendered":"Amenazan con hacer caer al gobierno de Theresa May"},"content":{"rendered":"<div class=\"row pb-content-type-text\">\n<div class=\"col-xs-12 col-print-12\">\n<p class=\"element element-paragraph\">Un l\u00edder de la facci\u00f3n pro Brexit del Partido Conservador brit\u00e1nico pidi\u00f3\u00a0<strong>convocar a un voto de confianza contra la primera ministra, Theresa May<\/strong>, como rechazo al acuerdo alcanzado entre Londres y Bruselas sobre las condiciones de salida a la Uni\u00f3n Europea.<\/p>\n<\/div>\n<\/div>\n<div class=\"row pb-content-type-text\">\n<div class=\"col-xs-12 col-print-12\">\n<p class=\"element element-paragraph\">Jacob Rees-Mogg cumpli\u00f3 con el proceso de\u00a0escribir una carta a Graham Brady, actual titular del llamado Comit\u00e9 1922, quien debe recibir el pedido de 48 diputados (15% del grupo parlamentario) para convocar al voto de confianza.<\/p>\n<\/div>\n<\/div>\n<div class=\"row pb-content-type-text\">\n<div class=\"col-xs-12 col-print-12\">\n<p class=\"element element-paragraph\">La postura de Rees-Mogg probablemente sea seguida por otros miembros del sector: el l\u00edder encabeza el denominado\u00a0<strong>European Research Group<\/strong>, formaci\u00f3n que cuenta con cerca de 50 integrantes, aunque algunos ya se\u00f1alaron que no hay un consenso general.<\/p>\n<\/div>\n<\/div>\n<div class=\"row pb-content-type-text\">\n<div class=\"col-xs-12 col-print-12\">\n<p class=\"element element-paragraph\">De todas formas, el env\u00edo de la carta ya fue realizado\u00a0<strong>por la legisladora\u00a0Anne Marie Morris<\/strong>, seg\u00fan lo confirm\u00f3 a\u00a0<em>Sky News<\/em>. M\u00e1s enf\u00e1tico se mostr\u00f3 el parlamentario\u00a0<strong>Andrew Bridgen<\/strong>, quien\u00a0<strong>pidi\u00f3 la renuncia de May<\/strong>.<\/p>\n<p>De alcanzar la cifra requerida,\u00a0<strong>May ser\u00eda sometida al voto de los 315 congresistas conservadores, quienes la reemplazar\u00edan en caso de no otorgarle la confianza<\/strong>.<\/p>\n<div class=\"row pb-content-type-text\">\n<div class=\"col-xs-12 col-print-12\">\n<p class=\"element element-paragraph\">Entre los \u00abtories\u00bb partidarios de un brexit duro, el tratado que espera formalizar May no es aceptable porque consideran que puede obligar al Reino Unido a seguir las normas comunitarias sin poder influir en ellas durante varios a\u00f1os.<\/p>\n<\/div>\n<\/div>\n<div class=\"row pb-content-type-text\">\n<div class=\"col-xs-12 col-print-12\">\n<p class=\"element element-paragraph\">La ley brit\u00e1nica establece que deben celebrarse elecciones cada cinco a\u00f1os, con s\u00f3lo dos excepciones: si lo piden dos tercios de los diputados o si tras una moci\u00f3n de censura los diputados no se ponen de acuerdo en un periodo de quince d\u00edas sobre el nombramiento de un nuevo primer ministro.<\/p>\n<\/div>\n<\/div>\n<div class=\"row pb-content-type-text\">\n<div class=\"col-xs-12 col-print-12\">\n<p class=\"element element-paragraph\">La diputada \u00abtory\u00bb\u00a0<strong>Nadine Dorries<\/strong>\u00a0afirm\u00f3, tras conocer la decisi\u00f3n del gabinete, que esta es\u00a0<strong>\u00abla ruta m\u00e1s r\u00e1pida para unas primarias\u00bb<\/strong>\u00a0<strong>en la formaci\u00f3n<\/strong>.<\/p>\n<\/div>\n<\/div>\n<div class=\"row pb-content-type-text\">\n<div class=\"col-xs-12 col-print-12\">\n<p class=\"element element-paragraph\">Mark Francois, vicepresidente del European Research Group (ERG), que agrupa a algunos de los conservadores m\u00e1s euroesc\u00e9pticos, indic\u00f3 que\u00a0<strong>muchos de sus colegas est\u00e1n \u00abmolestos\u00bb con el texto que ha acordado May<\/strong>\u00a0y emplaz\u00f3 a esperar \u00aba ver qu\u00e9 ocurre en los pr\u00f3ximos d\u00edas\u00bb.<\/p>\n<p><iframe title=\"Directo BREXIT | THERESA MAY explica su acuerdo con la UE en el parlamento\" width=\"1200\" height=\"675\" src=\"https:\/\/www.youtube.com\/embed\/qR53TPmZEvw?feature=oembed\" frameborder=\"0\" allow=\"accelerometer; autoplay; clipboard-write; encrypted-media; gyroscope; picture-in-picture; web-share\" referrerpolicy=\"strict-origin-when-cross-origin\" allowfullscreen><\/iframe><\/p>\n<div class=\"single-image\">\n<div class=\"shares\">\n<div class=\"share-button facebook\"><\/div>\n<\/div>\n<p><img decoding=\"async\" id=\"GTWXKWKGARGJHEEYIIM2W3QL54\" class=\"image-lazy\" src=\"https:\/\/www.infobae.com\/new-resizer\/GWZ31HVa86R5dBiMElNzclojdfM=\/600x0\/filters:quality(100)\/s3.amazonaws.com\/arc-wordpress-client-uploads\/infobae-wp\/wp-content\/uploads\/2018\/11\/15081021\/Theresa-May-1920-2.jpg\" alt=\"Los sectores euroesc\u00e9pticos rechazan un \u201cbrexit suave\u201d que otorgue concesiones a Bruselas\" width=\"750\" height=\"422.32142857142856\" \/><\/div>\n<p><span class=\"credit\">Los sectores euroesc\u00e9pticos rechazan un \u201cbrexit suave\u201d que otorgue concesiones a Bruselas.<\/span><\/p>\n<\/div>\n<\/div>\n<div class=\"row pb-content-type-text\">\n<div class=\"col-xs-12 col-print-12\">\n<p class=\"element element-paragraph\"><em>(Con informaci\u00f3n de AP y EFE)<\/em><\/p>\n<p>Fuente: infobae.com &#8211; youtube.com<\/p>\n<\/div>\n<\/div>\n<\/div>\n<\/div>\n<div class=\"gsp_post_data\" \r\n\t            data-post_type=\"post\" \r\n\t            data-cat=\"general,noticias-internacionales\" \r\n\t            data-modified=\"120\"\r\n\t            data-created=\"1542274870\"\r\n\t            data-title=\"Amenazan con hacer caer al gobierno de Theresa May\" \r\n\t            data-home=\"https:\/\/www.evafm.net\/sitio\"><\/div>","protected":false},"excerpt":{"rendered":"<p>Un l\u00edder de la facci\u00f3n pro Brexit del Partido Conservador brit\u00e1nico pidi\u00f3\u00a0convocar a un voto de confianza contra la primera ministra, Theresa May, como rechazo al acuerdo alcanzado entre Londres y Bruselas sobre las condiciones de salida a la Uni\u00f3n Europea. Jacob Rees-Mogg cumpli\u00f3 con el proceso de\u00a0escribir una carta a Graham Brady, actual titular&#8230;<\/p>\n","protected":false},"author":5,"featured_media":41419,"comment_status":"closed","ping_status":"open","sticky":false,"template":"","format":"standard","meta":{"_joinchat":[],"footnotes":""},"categories":[1720,1345],"tags":[],"class_list":["post-41417","post","type-post","status-publish","format-standard","has-post-thumbnail","hentry","category-general","category-noticias-internacionales","have-post-thumb"],"_links":{"self":[{"href":"https:\/\/www.evafm.net\/sitio\/wp-json\/wp\/v2\/posts\/41417","targetHints":{"allow":["GET"]}}],"collection":[{"href":"https:\/\/www.evafm.net\/sitio\/wp-json\/wp\/v2\/posts"}],"about":[{"href":"https:\/\/www.evafm.net\/sitio\/wp-json\/wp\/v2\/types\/post"}],"author":[{"embeddable":true,"href":"https:\/\/www.evafm.net\/sitio\/wp-json\/wp\/v2\/users\/5"}],"replies":[{"embeddable":true,"href":"https:\/\/www.evafm.net\/sitio\/wp-json\/wp\/v2\/comments?post=41417"}],"version-history":[{"count":1,"href":"https:\/\/www.evafm.net\/sitio\/wp-json\/wp\/v2\/posts\/41417\/revisions"}],"predecessor-version":[{"id":41420,"href":"https:\/\/www.evafm.net\/sitio\/wp-json\/wp\/v2\/posts\/41417\/revisions\/41420"}],"wp:featuredmedia":[{"embeddable":true,"href":"https:\/\/www.evafm.net\/sitio\/wp-json\/wp\/v2\/media\/41419"}],"wp:attachment":[{"href":"https:\/\/www.evafm.net\/sitio\/wp-json\/wp\/v2\/media?parent=41417"}],"wp:term":[{"taxonomy":"category","embeddable":true,"href":"https:\/\/www.evafm.net\/sitio\/wp-json\/wp\/v2\/categories?post=41417"},{"taxonomy":"post_tag","embeddable":true,"href":"https:\/\/www.evafm.net\/sitio\/wp-json\/wp\/v2\/tags?post=41417"}],"curies":[{"name":"wp","href":"https:\/\/api.w.org\/{rel}","templated":true}]}}