{"id":41421,"date":"2018-11-15T09:53:04","date_gmt":"2018-11-15T14:53:04","guid":{"rendered":"http:\/\/www.evafm.net\/sitio\/?p=41421"},"modified":"2018-11-15T09:53:04","modified_gmt":"2018-11-15T14:53:04","slug":"ernesto-fraga-araujo-futuro-canciller-de-brasil","status":"publish","type":"post","link":"https:\/\/www.evafm.net\/sitio\/ernesto-fraga-araujo-futuro-canciller-de-brasil\/","title":{"rendered":"Ernesto Fraga Ara\u00fajo futuro canciller de Brasil"},"content":{"rendered":"<div class=\"row pb-content-type-text\">\n<div class=\"col-xs-12 col-print-12\">\n<p class=\"element element-paragraph\">El presidente electo de Brasil,\u00a0<strong>Jair Bolsonaro<\/strong>, anunci\u00f3 al diplom\u00e1tico\u00a0<strong>Ernesto Fraga Ara\u00fajo<\/strong>como ministro de Relaciones Exteriores de su pr\u00f3ximo Gobierno, el cual comenzar\u00e1 el 1 de enero.<\/p>\n<\/div>\n<\/div>\n<div class=\"row pb-content-type-text\">\n<div class=\"col-xs-12 col-print-12\">\n<p class=\"element element-paragraph\">Bolsonaro resalt\u00f3 que Fraga Ara\u00fajo, de 50 a\u00f1os y actual responsable de las relaciones con EEUU y Canad\u00e1,\u00a0<strong>es un diplom\u00e1tico con 29 a\u00f1os de carrera y un \u00abintelectual brillante\u00bb<\/strong>, que fue escogido por su perfil y sus propuestas.<\/p>\n<\/div>\n<\/div>\n<div class=\"row pb-content-type-text\">\n<div class=\"col-xs-12 col-print-12\">\n<p class=\"element element-paragraph\">\u00ab<strong>La pol\u00edtica exterior brasile\u00f1a debe ser parte del momento de regeneraci\u00f3n que hoy vive Brasil<\/strong>\u00ab, afirm\u00f3 Bolsonaro.<\/p>\n<\/div>\n<\/div>\n<div class=\"row pb-content-type-text\">\n<div class=\"col-xs-12 col-print-12\">\n<p class=\"element element-paragraph\">En una rueda de prensa, el futuro mandatario subray\u00f3 que el objetivo del Ministerio de Relaciones Exteriores ser\u00e1 \u00ab<strong>incrementar los negocios con todo el mundo<\/strong>\u00ab, pero \u00ab<strong>sin tendencia ideol\u00f3gica<\/strong>\u00ab, y retomar la iniciativa para \u00ab<strong>volver a brillar<\/strong>\u00ab.<\/p>\n<\/div>\n<\/div>\n<div class=\"row pb-content-type-text\">\n<div id=\"\" class=\"wrapper clearfix pb-feature pb-layout-item pb-f-ads-dfp left-align\">\n<div id=\"inline\" class=\"ad-slot\"><\/div>\n<\/div>\n<div class=\"col-xs-12 col-print-12\">\n<p class=\"element element-paragraph\">El futuro canciller, quien sustituir\u00e1 en el cargo a\u00a0<strong>Aloysio Nunes<\/strong>, asegur\u00f3 este mi\u00e9rcoles que \u00ab<strong>dar\u00e1 preferencia a todos los socios<\/strong>\u00bb e \u00ab<strong>incrementar\u00e1 las asociaciones<\/strong>\u00ab.<\/p>\n<div class=\"row pb-content-type-text\">\n<div class=\"col-xs-12 col-print-12\">\n<p class=\"element element-paragraph\">El capit\u00e1n de la reserva del Ej\u00e9rcito ha prometido un giro en la pol\u00edtica exterior y ya ha advertido que\u00a0<strong>pretende darle una nueva dimensi\u00f3n al Mercosur<\/strong>, bloque que tambi\u00e9n integran Uruguay, Paraguay y Argentina y del que Venezuela est\u00e1 suspendido.<\/p>\n<\/div>\n<\/div>\n<div class=\"row pb-content-type-text\">\n<div class=\"col-xs-12 col-print-12\">\n<p class=\"element element-paragraph\">Siguiendo los pasos del presidente de Estados Unidos,\u00a0<strong>Donald Trump<\/strong>, Bolsonaro gener\u00f3 pol\u00e9mica al expresar su\u00a0<strong>prop\u00f3sito de trasladar la embajada de Brasil en Israel de Tel Aviv a Jerusal\u00e9n<\/strong>\u00a0y este mi\u00e9rcoles reaccion\u00f3 a la decisi\u00f3n de Cuba de abandonar el programa \u00ab<strong>M\u00e1s M\u00e9dicos<\/strong>\u00ab.<\/p>\n<\/div>\n<\/div>\n<div class=\"row pb-content-type-text\">\n<div class=\"col-xs-12 col-print-12\">\n<p class=\"element element-paragraph\">\u00abCondicionamos la continuidad del programa M\u00e1s M\u00e9dicos a la aplicaci\u00f3n de test de capacidad; un salario integral a los profesionales cubanos, hoy en gran parte destinado a la dictadura, y la libertad para traer a sus familias. Infelizmente, Cuba no acept\u00f3\u00bb, subray\u00f3 Bolsonaro.<\/p>\n<\/div>\n<\/div>\n<div class=\"row pb-content-type-text\">\n<div class=\"col-xs-12 col-print-12\">\n<p class=\"element element-paragraph\">\u00abEllos se est\u00e1n retirando del M\u00e1s M\u00e9dicos por no aceptar revisar esa situaci\u00f3n absurda que viola derechos humanos. \u00a1Lamentable!\u00bb, agreg\u00f3.<\/p>\n<\/div>\n<\/div>\n<div class=\"row pb-content-type-text\">\n<div class=\"col-xs-12 col-print-12\">\n<p class=\"element element-paragraph\">Adem\u00e1s de Fraga Ara\u00fajo, Bolsonaro ha revelado el nombre de otros siete ministros, entre ellos el juez Sergio Moro, quien conden\u00f3 al ex presidente Luiz In\u00e1cio Lula da Silva por corrupci\u00f3n pasiva y lavado de dinero.<\/p>\n<div class=\"single-image\">\n<div class=\"shares\">\n<div class=\"share-button facebook\"><\/div>\n<\/div>\n<p><img decoding=\"async\" id=\"EEH4BC2EKJBPLOTJ5AJZOYA4JM\" class=\"image-lazy\" src=\"https:\/\/www.infobae.com\/new-resizer\/HLoj9pQu81bMuXy5cGIX4EIPNv0=\/600x0\/filters:quality(100)\/s3.amazonaws.com\/arc-wordpress-client-uploads\/infobae-wp\/wp-content\/uploads\/2018\/11\/15094545\/Ernesto-Fraga-Araujo-1920-2.jpg\" alt=\"Jair Bolsonaro junto a Ernesto Fraga Ara\u00fajo\" width=\"750\" height=\"421.875\" \/><\/div>\n<p><span class=\"credit\">Jair Bolsonaro junto a Ernesto Fraga Ara\u00fajo.<\/span><\/p>\n<p>Fuente: infobae.com<\/p>\n<\/div>\n<\/div>\n<\/div>\n<\/div>\n<div class=\"gsp_post_data\" \r\n\t            data-post_type=\"post\" \r\n\t            data-cat=\"general,noticias-internacionales\" \r\n\t            data-modified=\"120\"\r\n\t            data-created=\"1542275584\"\r\n\t            data-title=\"Ernesto Fraga Ara\u00fajo futuro canciller de Brasil\" \r\n\t            data-home=\"https:\/\/www.evafm.net\/sitio\"><\/div>","protected":false},"excerpt":{"rendered":"<p>El presidente electo de Brasil,\u00a0Jair Bolsonaro, anunci\u00f3 al diplom\u00e1tico\u00a0Ernesto Fraga Ara\u00fajocomo ministro de Relaciones Exteriores de su pr\u00f3ximo Gobierno, el cual comenzar\u00e1 el 1 de enero. Bolsonaro resalt\u00f3 que Fraga Ara\u00fajo, de 50 a\u00f1os y actual responsable de las relaciones con EEUU y Canad\u00e1,\u00a0es un diplom\u00e1tico con 29 a\u00f1os de carrera y un \u00abintelectual brillante\u00bb,&#8230;<\/p>\n","protected":false},"author":5,"featured_media":41422,"comment_status":"closed","ping_status":"open","sticky":false,"template":"","format":"standard","meta":{"_joinchat":[],"footnotes":""},"categories":[1720,1345],"tags":[],"class_list":["post-41421","post","type-post","status-publish","format-standard","has-post-thumbnail","hentry","category-general","category-noticias-internacionales","have-post-thumb"],"_links":{"self":[{"href":"https:\/\/www.evafm.net\/sitio\/wp-json\/wp\/v2\/posts\/41421","targetHints":{"allow":["GET"]}}],"collection":[{"href":"https:\/\/www.evafm.net\/sitio\/wp-json\/wp\/v2\/posts"}],"about":[{"href":"https:\/\/www.evafm.net\/sitio\/wp-json\/wp\/v2\/types\/post"}],"author":[{"embeddable":true,"href":"https:\/\/www.evafm.net\/sitio\/wp-json\/wp\/v2\/users\/5"}],"replies":[{"embeddable":true,"href":"https:\/\/www.evafm.net\/sitio\/wp-json\/wp\/v2\/comments?post=41421"}],"version-history":[{"count":1,"href":"https:\/\/www.evafm.net\/sitio\/wp-json\/wp\/v2\/posts\/41421\/revisions"}],"predecessor-version":[{"id":41423,"href":"https:\/\/www.evafm.net\/sitio\/wp-json\/wp\/v2\/posts\/41421\/revisions\/41423"}],"wp:featuredmedia":[{"embeddable":true,"href":"https:\/\/www.evafm.net\/sitio\/wp-json\/wp\/v2\/media\/41422"}],"wp:attachment":[{"href":"https:\/\/www.evafm.net\/sitio\/wp-json\/wp\/v2\/media?parent=41421"}],"wp:term":[{"taxonomy":"category","embeddable":true,"href":"https:\/\/www.evafm.net\/sitio\/wp-json\/wp\/v2\/categories?post=41421"},{"taxonomy":"post_tag","embeddable":true,"href":"https:\/\/www.evafm.net\/sitio\/wp-json\/wp\/v2\/tags?post=41421"}],"curies":[{"name":"wp","href":"https:\/\/api.w.org\/{rel}","templated":true}]}}