{"id":41457,"date":"2018-11-15T11:12:43","date_gmt":"2018-11-15T16:12:43","guid":{"rendered":"http:\/\/www.evafm.net\/sitio\/?p=41457"},"modified":"2018-11-15T11:12:43","modified_gmt":"2018-11-15T16:12:43","slug":"mas-categorias-en-los-premos-itv","status":"publish","type":"post","link":"https:\/\/www.evafm.net\/sitio\/mas-categorias-en-los-premos-itv\/","title":{"rendered":"M\u00e1s categor\u00edas en los premos ITV"},"content":{"rendered":"<p>Los premios<strong>\u00a0ITV del<\/strong>\u00a0<strong>Instituto Superior de Estudios de Televisi\u00f3n<\/strong>\u00a0celebrar\u00e1 su 23\u00aa edici\u00f3n con dos nuevas categor\u00edas: mejor influenciador en Instagram y mejor influenciador en Twitter. Estas categor\u00edas se sumar\u00e1n a las 20 existentes.<\/p>\n<p>La premiaci\u00f3n est\u00e1 fijada para el lunes 19 de noviembre, a las 21:00, en el Teatro Centro de Arte y tambi\u00e9n se transmitir\u00e1 en los portales\u00a0www.premiositv.com\u00a0y\u00a0www.itv.edu.ec.<\/p>\n<p>Los shows, conducci\u00f3n y producci\u00f3n de los premios estar\u00e1n a cargo de los estudiantes de las diferentes carreras con la gu\u00eda y supervisi\u00f3n de las autoridades del ITV creado en 1993.<\/p>\n<p>En los premios, que empezaron en 1996, la selecci\u00f3n de los ganadores la hace el p\u00fablico con votaciones por internet en la web\u00a0www.premiositv.com. Una vez que ingresen tienen que poner sus datos y seleccionar al candidato de su preferencia. La selecci\u00f3n la puede hacer en doce categor\u00edas como m\u00ednimo.<\/p>\n<p>\u201cEn esta vig\u00e9sima tercera entrega de los premios ITV hay 22 categor\u00edas en televisi\u00f3n, radio y digital, de las cuales el p\u00fablico, en la primera etapa de votaci\u00f3n, defini\u00f3 los cuatro nominados oficiales en las diferentes categor\u00edas con 230.000 votos, aproximadamente\u201d, se\u00f1alan los organizadores.<\/p>\n<p>La segunda y \u00faltima etapa de votaci\u00f3n estar\u00e1 abierta hasta las 18:00 del 19 de noviembre, cuando se realizar\u00e1 la premiaci\u00f3n con invitados especiales.<\/p>\n<p>El a\u00f1o pasado en la edici\u00f3n 22\u00aa el premio de mejor comentarista deportivo fue para Josimar Andrade (fallecido); mejor comunicadora de TV para Gabriela Pazmi\u00f1o; mejor presentador de noticias para Alfonso Espinosa de los Monteros; mejor presentadora de noticias, Roc\u00edo Cede\u00f1o; mejor actor de TV, Mart\u00edn Calle.(I)<\/p>\n<p>Fuente: eluniverso.com<\/p>\n<div class=\"gsp_post_data\" \r\n\t            data-post_type=\"post\" \r\n\t            data-cat=\"farandula-ecuatoriana,general\" \r\n\t            data-modified=\"120\"\r\n\t            data-created=\"1542280363\"\r\n\t            data-title=\"M\u00e1s categor\u00edas en los premos ITV\" \r\n\t            data-home=\"https:\/\/www.evafm.net\/sitio\"><\/div>","protected":false},"excerpt":{"rendered":"<p>Los premios\u00a0ITV del\u00a0Instituto Superior de Estudios de Televisi\u00f3n\u00a0celebrar\u00e1 su 23\u00aa edici\u00f3n con dos nuevas categor\u00edas: mejor influenciador en Instagram y mejor influenciador en Twitter. Estas categor\u00edas se sumar\u00e1n a las 20 existentes. La premiaci\u00f3n est\u00e1 fijada para el lunes 19 de noviembre, a las 21:00, en el Teatro Centro de Arte y tambi\u00e9n se transmitir\u00e1&#8230;<\/p>\n","protected":false},"author":5,"featured_media":41458,"comment_status":"closed","ping_status":"open","sticky":false,"template":"","format":"standard","meta":{"_joinchat":[],"footnotes":""},"categories":[1562,1720],"tags":[],"class_list":["post-41457","post","type-post","status-publish","format-standard","has-post-thumbnail","hentry","category-farandula-ecuatoriana","category-general","have-post-thumb"],"_links":{"self":[{"href":"https:\/\/www.evafm.net\/sitio\/wp-json\/wp\/v2\/posts\/41457","targetHints":{"allow":["GET"]}}],"collection":[{"href":"https:\/\/www.evafm.net\/sitio\/wp-json\/wp\/v2\/posts"}],"about":[{"href":"https:\/\/www.evafm.net\/sitio\/wp-json\/wp\/v2\/types\/post"}],"author":[{"embeddable":true,"href":"https:\/\/www.evafm.net\/sitio\/wp-json\/wp\/v2\/users\/5"}],"replies":[{"embeddable":true,"href":"https:\/\/www.evafm.net\/sitio\/wp-json\/wp\/v2\/comments?post=41457"}],"version-history":[{"count":1,"href":"https:\/\/www.evafm.net\/sitio\/wp-json\/wp\/v2\/posts\/41457\/revisions"}],"predecessor-version":[{"id":41459,"href":"https:\/\/www.evafm.net\/sitio\/wp-json\/wp\/v2\/posts\/41457\/revisions\/41459"}],"wp:featuredmedia":[{"embeddable":true,"href":"https:\/\/www.evafm.net\/sitio\/wp-json\/wp\/v2\/media\/41458"}],"wp:attachment":[{"href":"https:\/\/www.evafm.net\/sitio\/wp-json\/wp\/v2\/media?parent=41457"}],"wp:term":[{"taxonomy":"category","embeddable":true,"href":"https:\/\/www.evafm.net\/sitio\/wp-json\/wp\/v2\/categories?post=41457"},{"taxonomy":"post_tag","embeddable":true,"href":"https:\/\/www.evafm.net\/sitio\/wp-json\/wp\/v2\/tags?post=41457"}],"curies":[{"name":"wp","href":"https:\/\/api.w.org\/{rel}","templated":true}]}}