{"id":41479,"date":"2018-11-16T18:04:23","date_gmt":"2018-11-16T23:04:23","guid":{"rendered":"http:\/\/www.evafm.net\/sitio\/?p=41479"},"modified":"2018-11-16T18:04:23","modified_gmt":"2018-11-16T23:04:23","slug":"emelec-renueva-con-adidas-por-dos-anos-mas","status":"publish","type":"post","link":"https:\/\/www.evafm.net\/sitio\/emelec-renueva-con-adidas-por-dos-anos-mas\/","title":{"rendered":"Emelec renueva con Adidas por dos a\u00f1os m\u00e1s"},"content":{"rendered":"<p><strong>Luis Neme<\/strong>,\u00a0hijo del presidente de<strong>CS<\/strong>\u00a0<strong>Emelec<\/strong>,<strong>\u00a0Nassib Neme<\/strong>, y miembro del equipo de marketing del equipo azul, brind\u00f3 declaraciones para EL UNIVERSO, en donde confirm\u00f3 la renovaci\u00f3n por dos a\u00f1os m\u00e1s del contrato de Emelec con la multinacional<em>\u00a0<\/em>Adidas hasta el 2022.<\/p>\n<p>La l\u00ednea deportiva firm\u00f3 con Emelec en el a\u00f1o 2016 hasta el 2020.<\/p>\n<p>\u201cLa renovaci\u00f3n con Adidas (es una extensi\u00f3n realmente) estaba prevista, porque es un contrato de cinco a\u00f1os,\u00a0 pero ten\u00eda que haber una extensi\u00f3n que se daba este a\u00f1o. Hace dos semana hubo la reuni\u00f3n para acordar los detalles, cambios menores y finalmente los mas importante la extensi\u00f3n del contrato\u201d, expres\u00f3 Luis Neme.<\/p>\n<p>El informante confirm\u00f3 que los altos ejecutivos de la marca en Latinoam\u00e9rica est\u00e1n conformes con el v\u00ednculo existente con los &#8216;millonarios&#8217;.\u201cVinieron dos directores y nos expresaron que estaban muy contentos de la alianza CSE-Adidas y ratificaron su compromiso para dar todo el soporte al equipo para el mejor desempe\u00f1o de los jugadores y crecimiento de la marca Emelec\u201d, agreg\u00f3.<\/p>\n<p>\u00abAdidas est\u00e1 muy contento con el rendimiento comercial que deja tambi\u00e9n un r\u00e9dito variable al club del 15% de las ventas de productos marca CSE. Igual nosotros t\u00e1mbien les expresamos nuestra satisfacci\u00f3n como lcub y muy contentos de la gran sinergia entre los equipos de trabajo y que cada vez trabajamos mejor para el \u00e9xtio de la alianza de la marca con Emelec\u00bb, concluy\u00f3 el joven que colabora con la directiva del &#8216;bombillo&#8217;.<strong>(D)<\/strong><\/p>\n<p>Fuente: eluniverso.com<\/p>\n<div class=\"gsp_post_data\" \r\n\t            data-post_type=\"post\" \r\n\t            data-cat=\"deportes-ecuador,general\" \r\n\t            data-modified=\"120\"\r\n\t            data-created=\"1542391463\"\r\n\t            data-title=\"Emelec renueva con Adidas por dos a\u00f1os m\u00e1s\" \r\n\t            data-home=\"https:\/\/www.evafm.net\/sitio\"><\/div>","protected":false},"excerpt":{"rendered":"<p>Luis Neme,\u00a0hijo del presidente deCS\u00a0Emelec,\u00a0Nassib Neme, y miembro del equipo de marketing del equipo azul, brind\u00f3 declaraciones para EL UNIVERSO, en donde confirm\u00f3 la renovaci\u00f3n por dos a\u00f1os m\u00e1s del contrato de Emelec con la multinacional\u00a0Adidas hasta el 2022. La l\u00ednea deportiva firm\u00f3 con Emelec en el a\u00f1o 2016 hasta el 2020. \u201cLa renovaci\u00f3n con&#8230;<\/p>\n","protected":false},"author":5,"featured_media":41480,"comment_status":"closed","ping_status":"open","sticky":false,"template":"","format":"standard","meta":{"_joinchat":[],"footnotes":""},"categories":[1557,1720],"tags":[],"class_list":["post-41479","post","type-post","status-publish","format-standard","has-post-thumbnail","hentry","category-deportes-ecuador","category-general","have-post-thumb"],"_links":{"self":[{"href":"https:\/\/www.evafm.net\/sitio\/wp-json\/wp\/v2\/posts\/41479","targetHints":{"allow":["GET"]}}],"collection":[{"href":"https:\/\/www.evafm.net\/sitio\/wp-json\/wp\/v2\/posts"}],"about":[{"href":"https:\/\/www.evafm.net\/sitio\/wp-json\/wp\/v2\/types\/post"}],"author":[{"embeddable":true,"href":"https:\/\/www.evafm.net\/sitio\/wp-json\/wp\/v2\/users\/5"}],"replies":[{"embeddable":true,"href":"https:\/\/www.evafm.net\/sitio\/wp-json\/wp\/v2\/comments?post=41479"}],"version-history":[{"count":1,"href":"https:\/\/www.evafm.net\/sitio\/wp-json\/wp\/v2\/posts\/41479\/revisions"}],"predecessor-version":[{"id":41481,"href":"https:\/\/www.evafm.net\/sitio\/wp-json\/wp\/v2\/posts\/41479\/revisions\/41481"}],"wp:featuredmedia":[{"embeddable":true,"href":"https:\/\/www.evafm.net\/sitio\/wp-json\/wp\/v2\/media\/41480"}],"wp:attachment":[{"href":"https:\/\/www.evafm.net\/sitio\/wp-json\/wp\/v2\/media?parent=41479"}],"wp:term":[{"taxonomy":"category","embeddable":true,"href":"https:\/\/www.evafm.net\/sitio\/wp-json\/wp\/v2\/categories?post=41479"},{"taxonomy":"post_tag","embeddable":true,"href":"https:\/\/www.evafm.net\/sitio\/wp-json\/wp\/v2\/tags?post=41479"}],"curies":[{"name":"wp","href":"https:\/\/api.w.org\/{rel}","templated":true}]}}