{"id":41482,"date":"2018-11-16T18:09:54","date_gmt":"2018-11-16T23:09:54","guid":{"rendered":"http:\/\/www.evafm.net\/sitio\/?p=41482"},"modified":"2018-11-16T18:09:54","modified_gmt":"2018-11-16T23:09:54","slug":"ecuador-amargo-a-peru-0-2-con-goles-de-antonio-y-enner-valencia","status":"publish","type":"post","link":"https:\/\/www.evafm.net\/sitio\/ecuador-amargo-a-peru-0-2-con-goles-de-antonio-y-enner-valencia\/","title":{"rendered":"Ecuador amarg\u00f3 a Per\u00fa (0-2) con goles de Antonio y Enner Valencia"},"content":{"rendered":"<div class=\"location-event\">Lima &#8211;<\/div>\n<p>Era una noche especial para los hinchas peruanos porque celebraban el regreso de su selecci\u00f3n nacional al estadio que los vio clasificar a un Mundial de la FIFA 36 a\u00f1os despu\u00e9s. Se conmemoraba el &#8216;D\u00eda del Hincha Peruano&#8217;.<\/p>\n<p>Y\u00a0<strong>Ecuador<\/strong>\u00a0les amarg\u00f3 la fiesta con un triunfo de 2-0 tras un destacado segundo tiempo, este jueves en Lima, desquit\u00e1ndose -a la vez- de las dos derrotas ante los bicolores por Eliminatorias a Rusia-2018, ambas por marcador de 2 a 1.<\/p>\n<p>Ambos conjuntos se encuentran en plena preparaci\u00f3n para la Copa Am\u00e9rica de Brasil-2019 y la clasificatoria sudamericana al Mundial Catar-2022.<\/p>\n<p>Con un buen sistema defensivo y contragolpes demoledores, los pupilos de Hern\u00e1n Dar\u00edo G\u00f3mez doblegaron a la mundialista selecci\u00f3n de Ricardo Gareca que, a pesar de tener un juego colectivo superior, no tuvo profundidad en sus ataques.<\/p>\n<p>Los goles fueron obra de Antonio Valencia (46m) y Enner Valencia (73m).<\/p>\n<p>El del Manchester United marc\u00f3 el primero tras un segundo intento de remate en el \u00e1rea chica, primero le peg\u00f3 con derecho y finalmente la mand\u00f3 a guardar con toque de zurda, tras un pase desde la raya que sirvi\u00f3 Ayrton Preciado.<\/p>\n<div id=\"vidoomy\">\n<div>Enner aument\u00f3 la ventaja con un zurdazo elevado luego de dejar en el camino a dos defensores peruanos, que no lo pudieron frenar en una entrada en diagonal.<\/div>\n<\/div>\n<p>Desde el regreso del &#8216;Bolillo&#8217;, Ecuador ha disputado amistosos contra Jamaica y Guatemala, a las que venci\u00f3 2-0. Tambi\u00e9n se enfrent\u00f3 con Catar y perdi\u00f3 4-3. Y ante Om\u00e1n empat\u00f3 0-0.<\/p>\n<p>La Tricolor tambi\u00e9n jugar\u00e1 el martes 20 con Panam\u00e1, selecci\u00f3n a la que el DT colombiano dirigi\u00f3 hasta el Mundial de Rusia y a la que clasific\u00f3 por primera vez en su historia.<\/p>\n<p><strong>Alineaciones:<\/strong><\/p>\n<p>P\u00e9r\u00fa: Pedro Gallese; Luis Adv\u00edncula, Christian Ramos (Araujo, 78m), Luis Abram, Miguel Trauco; Renato Tapia (Aquino, 63m), Yoshimar Yot\u00fan (Polo, 72m), Edison Flores, Andr\u00e9 Carrillo (Gonz\u00e1les, 64m), Ra\u00fal Ruid\u00edaz (Benavente, 46m); Jefferson Farf\u00e1n (Reyna, 77m). DT: Ricardo Gareca.<\/p>\n<p>Ecuador: Alexander Dom\u00ednguez; Juan Carlos Paredes, Arturo Mina, Gabriel Achilier, Beder Caicedo; Antonio Valencia (R. Ibarra, 80m), Carlos Gruezo, Jefferson Orejuela (Intriago, 77m), Sebasti\u00e1n M\u00e9ndez, Jefferson Montero (Preciado, 35m); Enner Valencia (Cifuente, 82m). DT: Hern\u00e1n Dar\u00edo G\u00f3mez.<\/p>\n<p>\u00c1rbitro: Leod\u00e1n Gonz\u00e1lez (Uruguay). Amonest\u00f3 a Orejuela (35m) y Gruezo (40m), de Ecuador.<\/p>\n<p>Estadio: Nacional de Lima. (D)<\/p>\n<p><iframe title=\"Peru 0:2 Ecuador\" width=\"1200\" height=\"675\" src=\"https:\/\/www.youtube.com\/embed\/75w15bU0Mz0?feature=oembed\" frameborder=\"0\" allow=\"accelerometer; autoplay; clipboard-write; encrypted-media; gyroscope; picture-in-picture; web-share\" referrerpolicy=\"strict-origin-when-cross-origin\" allowfullscreen><\/iframe><\/p>\n<p>Fuente: eluniverso.com &#8211; youtube.com<\/p>\n<div class=\"gsp_post_data\" \r\n\t            data-post_type=\"post\" \r\n\t            data-cat=\"deportes-internacionales,general\" \r\n\t            data-modified=\"120\"\r\n\t            data-created=\"1542391794\"\r\n\t            data-title=\"Ecuador amarg\u00f3 a Per\u00fa (0-2) con goles de Antonio y Enner Valencia\" \r\n\t            data-home=\"https:\/\/www.evafm.net\/sitio\"><\/div>","protected":false},"excerpt":{"rendered":"<p>Lima &#8211; Era una noche especial para los hinchas peruanos porque celebraban el regreso de su selecci\u00f3n nacional al estadio que los vio clasificar a un Mundial de la FIFA 36 a\u00f1os despu\u00e9s. Se conmemoraba el &#8216;D\u00eda del Hincha Peruano&#8217;. Y\u00a0Ecuador\u00a0les amarg\u00f3 la fiesta con un triunfo de 2-0 tras un destacado segundo tiempo, este&#8230;<\/p>\n","protected":false},"author":5,"featured_media":41484,"comment_status":"closed","ping_status":"open","sticky":false,"template":"","format":"standard","meta":{"_joinchat":[],"footnotes":""},"categories":[1342,1720],"tags":[],"class_list":["post-41482","post","type-post","status-publish","format-standard","has-post-thumbnail","hentry","category-deportes-internacionales","category-general","have-post-thumb"],"_links":{"self":[{"href":"https:\/\/www.evafm.net\/sitio\/wp-json\/wp\/v2\/posts\/41482","targetHints":{"allow":["GET"]}}],"collection":[{"href":"https:\/\/www.evafm.net\/sitio\/wp-json\/wp\/v2\/posts"}],"about":[{"href":"https:\/\/www.evafm.net\/sitio\/wp-json\/wp\/v2\/types\/post"}],"author":[{"embeddable":true,"href":"https:\/\/www.evafm.net\/sitio\/wp-json\/wp\/v2\/users\/5"}],"replies":[{"embeddable":true,"href":"https:\/\/www.evafm.net\/sitio\/wp-json\/wp\/v2\/comments?post=41482"}],"version-history":[{"count":1,"href":"https:\/\/www.evafm.net\/sitio\/wp-json\/wp\/v2\/posts\/41482\/revisions"}],"predecessor-version":[{"id":41485,"href":"https:\/\/www.evafm.net\/sitio\/wp-json\/wp\/v2\/posts\/41482\/revisions\/41485"}],"wp:featuredmedia":[{"embeddable":true,"href":"https:\/\/www.evafm.net\/sitio\/wp-json\/wp\/v2\/media\/41484"}],"wp:attachment":[{"href":"https:\/\/www.evafm.net\/sitio\/wp-json\/wp\/v2\/media?parent=41482"}],"wp:term":[{"taxonomy":"category","embeddable":true,"href":"https:\/\/www.evafm.net\/sitio\/wp-json\/wp\/v2\/categories?post=41482"},{"taxonomy":"post_tag","embeddable":true,"href":"https:\/\/www.evafm.net\/sitio\/wp-json\/wp\/v2\/tags?post=41482"}],"curies":[{"name":"wp","href":"https:\/\/api.w.org\/{rel}","templated":true}]}}