{"id":41489,"date":"2018-11-17T08:50:46","date_gmt":"2018-11-17T13:50:46","guid":{"rendered":"http:\/\/www.evafm.net\/sitio\/?p=41489"},"modified":"2018-11-17T08:50:46","modified_gmt":"2018-11-17T13:50:46","slug":"cuarenta-empresas-ofrecen-de-2-000-a-3-000-empleos","status":"publish","type":"post","link":"https:\/\/www.evafm.net\/sitio\/cuarenta-empresas-ofrecen-de-2-000-a-3-000-empleos\/","title":{"rendered":"Cuarenta empresas ofrecen de 2.000 a 3.000 empleos"},"content":{"rendered":"<p>Eran alrededor de las 11:30, faltaban algo menos de tres horas para la apertura de la feria de empleos Multitrabajos.com, pero afuera del sitio, en el\u00a0<strong>Centro de Convenciones de Guayaquil<\/strong>, ya hab\u00eda casi 200 personas con carpetas y sobres haciendo fila para ser las primeras en ingresar.<\/p>\n<p>\u201cMe enter\u00e9 por las redes sociales, estoy aqu\u00ed desde las 09:00 para entrar primero y buscar que me den trabajo\u201d, manifest\u00f3 Kimberly Andrade, de 22 a\u00f1os, bachiller en inform\u00e1tica.<\/p>\n<p>Adentro, los estands de las 40 empresas participantes estaban casi listos.\u00a0 Est\u00e1n Arca Continental, Deloitte, Almacenes Jaher, Banco del Austro, Banco Solidario, Royaltex, Ecuaqu\u00edmica, Almacenes T\u00eda, Corporaci\u00f3n GPF, entre otros.<\/p>\n<p>Sergio Vera, vocero de Multitrabajos.com,\u00a0 organizadora del evento, indic\u00f3 que es la segunda edici\u00f3n de esta feria, pero la primera que se realiza en Guayaquil.<\/p>\n<p>Estim\u00f3 que entre las 40 empresas participantes ofrecer\u00e1n de 2.000 a 3.000 empleos, aunque se proyecta que los visiten m\u00e1s\u00a0 de 30.000 interesados hasta hoy cuando se cierra la feria.<\/p>\n<p>\u201cEso quiere decir que no todas las personas pueden salir con trabajos\u201d, sostuvo Vera, quien justific\u00f3 la gran demanda\u00a0 de aspirantes a las plazas de trabajo a la situaci\u00f3n econ\u00f3mica actual que atraviesa el pa\u00eds.<\/p>\n<p>Seg\u00fan cifras del\u00a0<strong>Instituto de Estad\u00edstica y Censos<\/strong>\u00a0(INEC), de septiembre del 2017 a septiembre pasado 29.102 personas perdieron su empleo adecuado o pleno, mientras otras 5.759 salieron del desempleo a nivel nacional.<\/p>\n<p>En ese mismo periodo la tasa de desempleo estad\u00edsticamente no tuvo mayor variaci\u00f3n y mejor\u00f3 apenas en un 0,1%; esto es, menos personas que integran la Poblaci\u00f3n Econ\u00f3micamente Activa (PEA) estuvieron desempleadas, ya que en septiembre del 2017 esa cifra fue de 338.577; en tanto que en el mismo mes del 2018 ese indicador baj\u00f3 a 332.818.\u00a0 (I)<\/p>\n<p><strong>Feria de empleos<br \/>\nMultitrabajos.com<\/strong><\/p>\n<p><strong>Ingreso libre\u00a0<\/strong><br \/>\nSergio Vera, vocero de Multitrabajos.com, se\u00f1al\u00f3 que el ingreso a la feria es libre por tratarse de un evento con\u00a0 orientaci\u00f3n de responsabilidad social empresarial.<\/p>\n<p><strong>Horarios<\/strong><br \/>\nLa feria fue abierta ayer, alrededor de las 14:00, mientras que hoy el p\u00fablico podr\u00e1 acceder desde las 10:00.<\/p>\n<p>Fuente: eluniverso.com<\/p>\n<div class=\"gsp_post_data\" \r\n\t            data-post_type=\"post\" \r\n\t            data-cat=\"noticias-ecuador\" \r\n\t            data-modified=\"120\"\r\n\t            data-created=\"1542444646\"\r\n\t            data-title=\"Cuarenta empresas ofrecen de 2.000 a 3.000 empleos\" \r\n\t            data-home=\"https:\/\/www.evafm.net\/sitio\"><\/div>","protected":false},"excerpt":{"rendered":"<p>Eran alrededor de las 11:30, faltaban algo menos de tres horas para la apertura de la feria de empleos Multitrabajos.com, pero afuera del sitio, en el\u00a0Centro de Convenciones de Guayaquil, ya hab\u00eda casi 200 personas con carpetas y sobres haciendo fila para ser las primeras en ingresar. \u201cMe enter\u00e9 por las redes sociales, estoy aqu\u00ed&#8230;<\/p>\n","protected":false},"author":5,"featured_media":41490,"comment_status":"closed","ping_status":"open","sticky":false,"template":"","format":"standard","meta":{"_joinchat":[],"footnotes":""},"categories":[1558],"tags":[],"class_list":["post-41489","post","type-post","status-publish","format-standard","has-post-thumbnail","hentry","category-noticias-ecuador","have-post-thumb"],"_links":{"self":[{"href":"https:\/\/www.evafm.net\/sitio\/wp-json\/wp\/v2\/posts\/41489","targetHints":{"allow":["GET"]}}],"collection":[{"href":"https:\/\/www.evafm.net\/sitio\/wp-json\/wp\/v2\/posts"}],"about":[{"href":"https:\/\/www.evafm.net\/sitio\/wp-json\/wp\/v2\/types\/post"}],"author":[{"embeddable":true,"href":"https:\/\/www.evafm.net\/sitio\/wp-json\/wp\/v2\/users\/5"}],"replies":[{"embeddable":true,"href":"https:\/\/www.evafm.net\/sitio\/wp-json\/wp\/v2\/comments?post=41489"}],"version-history":[{"count":1,"href":"https:\/\/www.evafm.net\/sitio\/wp-json\/wp\/v2\/posts\/41489\/revisions"}],"predecessor-version":[{"id":41491,"href":"https:\/\/www.evafm.net\/sitio\/wp-json\/wp\/v2\/posts\/41489\/revisions\/41491"}],"wp:featuredmedia":[{"embeddable":true,"href":"https:\/\/www.evafm.net\/sitio\/wp-json\/wp\/v2\/media\/41490"}],"wp:attachment":[{"href":"https:\/\/www.evafm.net\/sitio\/wp-json\/wp\/v2\/media?parent=41489"}],"wp:term":[{"taxonomy":"category","embeddable":true,"href":"https:\/\/www.evafm.net\/sitio\/wp-json\/wp\/v2\/categories?post=41489"},{"taxonomy":"post_tag","embeddable":true,"href":"https:\/\/www.evafm.net\/sitio\/wp-json\/wp\/v2\/tags?post=41489"}],"curies":[{"name":"wp","href":"https:\/\/api.w.org\/{rel}","templated":true}]}}