{"id":41492,"date":"2018-11-17T09:02:50","date_gmt":"2018-11-17T14:02:50","guid":{"rendered":"http:\/\/www.evafm.net\/sitio\/?p=41492"},"modified":"2018-11-17T09:02:50","modified_gmt":"2018-11-17T14:02:50","slug":"hallaron-el-submarino-argentino-ara-san-juan","status":"publish","type":"post","link":"https:\/\/www.evafm.net\/sitio\/hallaron-el-submarino-argentino-ara-san-juan\/","title":{"rendered":"Hallaron el submarino argentino ARA San Juan"},"content":{"rendered":"<div class=\"row pb-content-type-text\">\n<div class=\"col-xs-12 col-print-12\">\n<p class=\"element element-paragraph\">La empresa estadounidense\u00a0<strong>Ocean Infinity<\/strong>\u00a0localiz\u00f3 en el oc\u00e9ano Atl\u00e1ntico el\u00a0<strong>submarino argentino ARA San Juan<\/strong>, que llevaba desaparecido e incomunicado desde el 15 de noviembre de 2017 con 44 tripulantes a bordo, cuyos familiares han recibido la noticia entre el impacto y la emoci\u00f3n.<\/p>\n<\/div>\n<\/div>\n<div class=\"row pb-content-type-text\">\n<div class=\"col-xs-12 col-print-12\">\n<p class=\"element element-paragraph\">Seg\u00fan indic\u00f3 Ocean Infinity, el submarino\u00a0<strong>estaba localizado a 917 metros de profundidad, a unas 250 millas n\u00e1uticas (460 kil\u00f3metros de distancia) del golfo chubutense de San Jorge, a la altura de ciudad de Comodoro Rivadavia<\/strong>, donde se hab\u00eda montado el centro de operaciones durante la b\u00fasqueda.<\/p>\n<\/div>\n<\/div>\n<div class=\"row pb-content-type-text\">\n<div class=\"col-xs-12 col-print-12\">\n<p class=\"element element-paragraph\">La empresa\u00a0<strong>iba a abandonar esta semana<\/strong>\u00a0la b\u00fasqueda, en principio por unos meses, hasta que en las \u00faltimas horas<strong>\u00a0decidi\u00f3 volver a revisar diversos puntos documentados<\/strong>\u00a0y\u00a0<strong>se dirigi\u00f3 al lugar<\/strong>\u00a0donde se ha hallado el contacto definitivo.<\/p>\n<div class=\"row pb-content-type-text\">\n<div class=\"col-xs-12 col-print-12\">\n<p class=\"element element-paragraph\">El \u00faltimo paradero conocido de la nave, en cuya primera fase de b\u00fasqueda hab\u00edan participado medios de 13 pa\u00edses, sin \u00e9xito, fue a\u00a0<strong>unos 432 kil\u00f3metros de la costa patag\u00f3nica argentina<\/strong>, cuando estaba de camino desde Ushuaia, donde hab\u00eda realizado ejercicios militares, a la bonaerense ciudad de Mar del Plata, donde estaba su base.<\/p>\n<\/div>\n<\/div>\n<div class=\"row pb-content-type-text\">\n<div class=\"col-xs-12 col-print-12\">\n<p class=\"element element-paragraph\">Familiares de los 44 tripulantes afirmaron estar \u00ab<strong>muy shockeados<\/strong>\u00bb con el hallazgo.<\/p>\n<p class=\"element element-paragraph\">\u00ab<strong>Es muy impactante. Gracias a Dios ellos est\u00e1n en paz<\/strong>\u00ab, cont\u00f3\u00a0<strong>Marta Vallejos<\/strong>, hermana de Celso, uno de los marineros de la Armada Argentina que viajaban en el buque.<\/p>\n<div class=\"row pb-content-type-text\">\n<div class=\"col-xs-12 col-print-12\">\n<p class=\"element element-paragraph\">Esta noticia se produce apenas un d\u00eda despu\u00e9s de conmemorarse, con emotivos actos en Mar del Plata,\u00a0<strong>el primer aniversario de la falta de noticias del sumergible<\/strong>, en los que los seres queridos de los 44, adem\u00e1s de homenajear a sus h\u00e9roes, exigieron que siguiera la b\u00fasqueda, al tiempo que el presidente del pa\u00eds, Mauricio Macri, mostr\u00f3 su compromiso con que se conozca la verdad.<\/p>\n<\/div>\n<\/div>\n<div class=\"row pb-content-type-text\">\n<div class=\"col-xs-12 col-print-12\">\n<p class=\"element element-paragraph\">Gran parte de las familias -que proceden de distintos puntos del pa\u00eds-\u00a0<strong>recibieron esta madrugada la noticia con el desenlace<\/strong>\u00a0reunidos en el hotel que la Armada pone a sus disposici\u00f3n en la ciudad marplatense, ubicada a 400 kil\u00f3metros al sur de Buenos Aires.<\/p>\n<div class=\"row pb-content-type-text\">\n<div class=\"col-xs-12 col-print-12\">\n<p class=\"element element-paragraph\"><strong>Cu\u00e1nto cobrar\u00e1 la empresa Ocean Infinity por haber hallado el submarino<\/strong><\/p>\n<\/div>\n<\/div>\n<div class=\"row pb-content-type-text\">\n<div class=\"col-xs-12 col-print-12\">\n<p class=\"element element-paragraph\">Seg\u00fan el contrato firmado con el Estado argentino, la compa\u00f1\u00eda cobrar\u00e1\u00a0<strong>7.500.000 d\u00f3lares<\/strong>.<\/p>\n<p class=\"element element-paragraph\">La particularidad del contrato es que Ocean Infinity no percibir\u00eda remuneraci\u00f3n alguna si el operativo de b\u00fasqueda no arrojaba ning\u00fan resultado.<\/p>\n<\/div>\n<\/div>\n<div class=\"row pb-content-type-text\">\n<div class=\"col-xs-12 col-print-12\">\n<p class=\"element element-paragraph\">La firma fue seleccionada tras la intervenci\u00f3n de la Comisi\u00f3n de Asesoramiento T\u00e9cnico del Proceso de Contrataci\u00f3n y de una Comisi\u00f3n Evaluadora de Contrataciones de la Armada Argentina.<\/p>\n<p class=\"element element-paragraph\"><strong>Se eludi\u00f3 el llamado a licitaci\u00f3n por una cuesti\u00f3n de urgencia<\/strong>.<\/p>\n<div class=\"row pb-content-type-text\">\n<div class=\"col-xs-12 col-print-12\">\n<p class=\"element element-paragraph\">De las cuatro firmas que se prestaron a la requisitoria naval, solo dos se presentaron finalmente a competir.<\/p>\n<p class=\"element element-paragraph\">La estadounidense\u00a0<strong>Ocean Infinity<\/strong>\u00a0y\u00a0<strong>Sistemas Electr\u00f3nicos Acu\u00e1ticos (SEA)<\/strong>, del venezolano Hugo Marino.<\/p>\n<\/div>\n<\/div>\n<div class=\"row pb-content-type-text\">\n<div class=\"col-xs-12 col-print-12\">\n<p class=\"element element-paragraph\">Los evaluadores tuvieron en cuenta que todos los equipos que utilizar\u00eda Ocean Infinity eran propios y pose\u00eda una extensa trayectoria en el mercado de actividades submarinas.<\/p>\n<\/div>\n<\/div>\n<div class=\"row pb-content-type-text\">\n<div class=\"col-xs-12 col-print-12\">\n<p class=\"element element-paragraph\">El contrato tambi\u00e9n detallaba que la b\u00fasqueda se llevar\u00eda adelante por 100 d\u00edas en un \u00e1rea de de 3.000 millas n\u00e1uticas.<\/p>\n<\/div>\n<\/div>\n<div class=\"row pb-content-type-text\">\n<div class=\"col-xs-12 col-print-12\">\n<p class=\"element element-paragraph\"><strong>Los familiares de los tripulantes del ARA San Juan, entre el alivio y las dudas<\/strong><\/p>\n<\/div>\n<\/div>\n<div class=\"row pb-content-type-text\">\n<div class=\"col-xs-12 col-print-12\">\n<p class=\"element element-paragraph\">Fue una madrugada que quedar\u00e1 en la memoria del resto de la vida de los familiares de los 44 tripulantes del ARA San Juan. Despu\u00e9s de exactamente un a\u00f1o y dos d\u00edas de su desaparici\u00f3n,\u00a0<strong>se confirm\u00f3 el hallazgo del submarino<\/strong>, en condiciones que a\u00fan deben establecerse.<\/p>\n<\/div>\n<\/div>\n<div class=\"row pb-content-type-text\">\n<div class=\"col-xs-12 col-print-12\">\n<p class=\"element element-paragraph\">Se atraves\u00f3 una larga noche en la que el dolor empez\u00f3 a transformarse en alivio: \u00ab<strong>Ahora sabemos d\u00f3nde est\u00e1, podemos comenzar el duelo<\/strong>\u00ab, resumi\u00f3 a<strong><em>\u00a0Infobae<\/em><\/strong>\u00a0Jorge Villarreal, padre del teniente de nav\u00edo Fernando Vicente Villarreal.<\/p>\n<div class=\"row pb-content-type-text\">\n<div class=\"col-xs-12 col-print-12\">\n<p class=\"element element-paragraph\">Jorge estaba en pleno contacto con m\u00e1s familiares de los h\u00e9roes del San Juan en el momento de la confirmaci\u00f3n de la noticia y pudo comenzar a sondear las primeras sensaciones. Las reacciones fueron diversas: \u00ab<strong>Hay alegr\u00eda por la novedad pero algunos se descompensaron<\/strong>\u00ab, cont\u00f3.<\/p>\n<\/div>\n<\/div>\n<div class=\"row pb-content-type-text\">\n<div class=\"col-xs-12 col-print-12\">\n<p class=\"element element-paragraph\">El anuncio oficial lleg\u00f3 a los familiares alrededor de las 0:30 del s\u00e1bado.<\/p>\n<p class=\"element element-paragraph\"><strong>Muchos de ellos ya estaban reunidos en Mar del Plata y recibieron juntos la noticia, pero sin mayores detalles<\/strong>.<\/p>\n<\/div>\n<\/div>\n<div class=\"row pb-content-type-text\">\n<div class=\"col-xs-12 col-print-12\">\n<p class=\"element element-paragraph\">La cuenta de Twitter que usan los familiares para comunicar novedades sintetiz\u00f3 lo que ocurr\u00eda esta madrugada: \u00ab<strong>Un 15 nos los quit\u00f3 y un 15 los trajo de vuelta. <\/strong><\/p>\n<p class=\"element element-paragraph\"><strong>Tantos sentimientos tenemos en estos momentos, pedimos respeto y honor para ellos, un paso m\u00e1s cerca de volver a casa<\/strong>\u00ab.<\/p>\n<p class=\"element element-paragraph\">Otro mensaje apunta hacia lo que vendr\u00e1: \u00ab<strong>Tuvo que pasar un a\u00f1o pero nunca bajamos los brazos, hoy empezamos a tener respuestas<\/strong>\u00ab.<\/p>\n<div class=\"row pb-content-type-text\">\n<div class=\"col-xs-12 col-print-12\">\n<p class=\"element element-paragraph\">A partir de ahora, Jorge Villarreal anticip\u00f3 que durante el d\u00eda de hoy las familias comenzar\u00e1n a recibir m\u00e1s datos sobre el hallazgo: \u00ab<strong>Nosotros vamos a ver antes que nadie esas im\u00e1genes para ver en qu\u00e9 estado encontraron al submarino<\/strong>\u00ab.<\/p>\n<\/div>\n<\/div>\n<div class=\"row pb-content-type-text\">\n<div class=\"col-xs-12 col-print-12\">\n<p class=\"element element-paragraph\">Las primeras reacciones de los familiares incluyen sentimientos encontrados.<strong>\u00a0Jorge sintetiz\u00f3 que hay alegr\u00eda, alivio, pero tambi\u00e9n dudas y sospechas<\/strong>.<\/p>\n<\/div>\n<\/div>\n<div class=\"row pb-content-type-text\">\n<div class=\"col-xs-12 col-print-12\">\n<p class=\"element element-paragraph\">Primero, Jorge rescata lo central: \u00ab<strong>Ahora sabemos d\u00f3nde est\u00e1 el submarino, estamos un poco m\u00e1s enteros y vamos a poder hacer nuestro duelo<\/strong>\u00ab.<\/p>\n<\/div>\n<\/div>\n<div class=\"row pb-content-type-text\">\n<div class=\"col-xs-12 col-print-12\">\n<p class=\"element element-paragraph\">R\u00e1pidamente, comienza a hablar de \u00abverdad\u00bb, \u00abresponsables\u00bb y \u00abjusticia\u00bb: \u00ab<strong>Ahora la verdad se va a saber porque lo encontraron y va a haber justicia si es que hay alg\u00fan responsable<\/strong>\u00ab. En ese sentido, record\u00f3 cu\u00e1les son las principales dudas que todav\u00eda mantienen en la incertidumbre a los familiares: \u00ab<strong>El submarino ten\u00eda muchas falencias, no s\u00e9 si estaba en condiciones<\/strong>\u00ab, resumi\u00f3 de manera prudente.<\/p>\n<\/div>\n<\/div>\n<div class=\"row pb-content-type-text\">\n<div class=\"col-xs-12 col-print-12\">\n<p class=\"element element-paragraph\">Sin embargo, Jorge fue m\u00e1s contundente ante otra consulta de\u00a0<em>Infobae<\/em>: \u00ab<strong>Me llama la atenci\u00f3n que el submarino apareci\u00f3 el \u00faltimo d\u00eda de b\u00fasqueda y que no lo hayan detectado antes, porque ya hab\u00edan pasado por ese punto<\/strong>\u00ab.<\/p>\n<div class=\"row pb-content-type-text\">\n<div class=\"col-xs-12 col-print-12\">\n<p class=\"element element-paragraph\">En esa misma l\u00ednea de pensamiento se expres\u00f3 Isabel Polo, hermana de uno de los tripulantes: \u00abEs un circo armado.<\/p>\n<p class=\"element element-paragraph\">Ellos lo sab\u00edan. Vino Macri al acto y horas despu\u00e9s Aguad habl\u00f3 de un contacto que les pas\u00f3 por alto.<\/p>\n<p class=\"element element-paragraph\">Estoy descre\u00edda. Espero equivocarme\u00bb.<\/p>\n<\/div>\n<\/div>\n<div class=\"row pb-content-type-text\">\n<div class=\"col-xs-12 col-print-12\">\n<p class=\"element element-paragraph\">A pesar del alivio que siente esta mujer por el hallazgo se mostr\u00f3 poco optimista sobre la posibilidad de que el Gobierno monte otro operativo para reflotar los cuerpos.<\/p>\n<p class=\"element element-paragraph\">\u00abSeguro que nos van a decir que no se puede\u00bb, le dijo Isabel al canal\u00a0<em>C5N<\/em>.<\/p>\n<\/div>\n<\/div>\n<div class=\"row pb-content-type-text\">\n<div class=\"col-xs-12 col-print-12\">\n<p class=\"element element-paragraph\">Sin embargo, ella record\u00f3 que en las charlas que les dieron a los familiares los expertos de la empresa Ocean Infinity les explicaron que \u00ab<strong>hasta los 1500 se puede reflotar dependiendo del estado en que est\u00e9 el submarino<\/strong>\u00ab.<\/p>\n<\/div>\n<\/div>\n<div class=\"row pb-content-type-text\">\n<div class=\"col-xs-12 col-print-12\">\n<p class=\"element element-paragraph\">Ahora, Jorge y los dem\u00e1s familiares de los 44 tripulantes comienzan una nueva etapa, luego de un a\u00f1o y dos d\u00edas de dolor e incertidumbre. Pero m\u00e1s all\u00e1 de los datos y las preguntas que surgir\u00e1n a partir de ahora, Jorge concluye la conversaci\u00f3n con una certeza sobre su hijo Fernando: \u00abEl h\u00e9roe nunca muere, siempre est\u00e1 presente\u00bb.<\/p>\n<\/div>\n<\/div>\n<div class=\"row pb-content-type-text\">\n<div class=\"col-xs-12 col-print-12\">\n<p class=\"element element-paragraph\"><strong>El lugar exacto donde fue hallado el submarino<\/strong><\/p>\n<\/div>\n<\/div>\n<div class=\"row pb-content-type-text\">\n<div class=\"col-xs-12 col-print-12\">\n<p class=\"element element-paragraph\">El submarino estaba localizado a\u00a0<strong>917\u00a0metros de profundidad, a unas 250 millas n\u00e1uticas (460 kil\u00f3metros de distancia) del golfo chubutense de San Jorge, a la altura de ciudad de Comodoro Rivadavia<\/strong>, donde se hab\u00eda montado el centro de operaciones durante la b\u00fasqueda.<\/p>\n<\/div>\n<\/div>\n<div class=\"row pb-content-type-text\">\n<div class=\"col-xs-12 col-print-12\">\n<p class=\"element element-paragraph\">Los trabajos de b\u00fasqueda en el oc\u00e9ano, donde participaron diversos pa\u00edses, se delimitaron a<strong>un \u00e1rea de 430 kil\u00f3metros de la costa<\/strong>, en torno a una zona donde varias agencias internacionales se\u00f1alaron que se detect\u00f3 una explosi\u00f3n horas despu\u00e9s del \u00faltimo contacto del submarino.<\/p>\n<\/div>\n<\/div>\n<div class=\"row pb-content-type-text\">\n<div class=\"col-xs-12 col-print-12\">\n<p class=\"element element-paragraph\">El Seabed Constructor zarp\u00f3 el 7 de septiembre y estaba a punto de cesar la b\u00fasqueda cuando se produjo este hallazgo, un d\u00eda despu\u00e9s de que se cumpliera el primer aniversario de la desaparici\u00f3n de la embarcaci\u00f3n.<\/p>\n<\/div>\n<\/div>\n<div class=\"row pb-content-type-text\">\n<div class=\"col-xs-12 col-print-12\">\n<p class=\"element element-paragraph\">El buque arrib\u00f3 a la zona cerca de las 22:30 del viernes.<strong>\u00a0Dos horas despu\u00e9s, se informaba que se trataba del submarino desaparecido<\/strong>.<\/p>\n<\/div>\n<\/div>\n<div class=\"row pb-content-type-text\">\n<div class=\"col-xs-12 col-print-12\">\n<p class=\"element element-paragraph\">La confirmaci\u00f3n lleg\u00f3 a las 00:30 de este s\u00e1bado, luego de que uno de los minisubmarinos ROV (veh\u00edculo de observaci\u00f3n remota) se sumergiera\u00a0917 metros dentro del \u00e1rea \u00ab15A-4\u00bb.<\/p>\n<p><img decoding=\"async\" src=\"https:\/\/www.eluniverso.com\/sites\/default\/files\/styles\/powgallery_1024\/public\/fotos\/2018\/11\/submarino.jpg?itok=gQnbolQI\" alt=\"Restos del submarino ARA San Juan 16-11-2018\" \/><\/p>\n<div class=\"single-image\">\n<div class=\"shares\">\n<div class=\"share-button facebook\"><\/div>\n<\/div>\n<p><img decoding=\"async\" id=\"G3AQ77WAOZC2FOEL25JWVLNI2M\" class=\"image-lazy\" src=\"https:\/\/www.infobae.com\/new-resizer\/5ZM4f0Vbs8It-SYeFRJYAyntKsM=\/600x0\/filters:quality(100)\/s3.amazonaws.com\/arc-wordpress-client-uploads\/infobae-wp\/wp-content\/uploads\/2018\/11\/17084358\/mapa-ubicacion-submarino-ara-san-juan-1920.jpg\" alt=\"La ubicaci\u00f3n del submarino\" width=\"750\" height=\"421.484375\" \/><\/div>\n<p><span class=\"credit\">La ubicaci\u00f3n del submarino.<\/span><\/p>\n<div class=\"single-image\">\n<div class=\"shares\">\n<div class=\"share-button facebook\"><\/div>\n<\/div>\n<p><img decoding=\"async\" id=\"K5LLQJDYNNBRLHGA4XEQZ43QDM\" class=\"image-lazy\" src=\"https:\/\/www.infobae.com\/new-resizer\/edeSE6ZMbdmnYIdPkpzUB2IJnLw=\/600x0\/filters:quality(100)\/s3.amazonaws.com\/arc-wordpress-client-uploads\/infobae-wp\/wp-content\/uploads\/2018\/11\/17071934\/familiares-ara-san-juan-mar-del-plata-1920-7.jpg\" alt=\"Familiares de los tripulantes del submarino (REUTERS\/Marina Devo)\" width=\"750\" height=\"421.484375\" \/><\/div>\n<p><span class=\"credit\">Familiares de los tripulantes del submarino (REUTERS\/Marina Devo)<\/span><\/p>\n<div class=\"single-image\">\n<div class=\"shares\">\n<div class=\"share-button facebook\"><\/div>\n<\/div>\n<p><img decoding=\"async\" id=\"I72FGVSF6VEUVEJ2FLEXIWFET4\" class=\"image-lazy\" src=\"https:\/\/www.infobae.com\/new-resizer\/4GOBb9BcBgS1pcUfaaUkm5RJfwg=\/600x0\/filters:quality(100)\/s3.amazonaws.com\/arc-wordpress-client-uploads\/infobae-wp\/wp-content\/uploads\/2018\/11\/15201355\/Aniversario-ARA-San-Juan-Acto-de-la-Armada-en-Mar-del-Plata-15112018-30.jpg\" alt=\"(Christian Heit)\" width=\"750\" height=\"500.0\" \/><\/div>\n<p><span class=\"credit\">(Christian Heit)<\/span><\/p>\n<div class=\"single-image\">\n<div class=\"shares\">\n<div class=\"share-button facebook\"><\/div>\n<\/div>\n<p><img decoding=\"async\" id=\"5W4HODS3BJFZHMIUYGGEUE7P5Y\" class=\"image-lazy\" src=\"https:\/\/www.infobae.com\/new-resizer\/4NXxGh6aL-NMpQ8ZDhwnBpanwDY=\/600x0\/filters:quality(100)\/s3.amazonaws.com\/arc-wordpress-client-uploads\/infobae-wp\/wp-content\/uploads\/2018\/11\/17071912\/familiares-ara-san-juan-mar-del-plata-1920-4.jpg\" alt=\"(REUTERS\/Marina Devo)\" width=\"750\" height=\"421.484375\" \/><\/div>\n<p><span class=\"credit\">(REUTERS\/Marina Devo)<\/span><\/p>\n<div class=\"single-image\">\n<div class=\"shares\">\n<div class=\"share-button facebook\"><\/div>\n<\/div>\n<p><img decoding=\"async\" id=\"PBQ52YP2EFHAVKIEWZRPQZBXWM\" class=\"image-lazy\" src=\"https:\/\/www.infobae.com\/new-resizer\/bh7KoJSJmpVCuZqtFsHn64RhNKg=\/600x0\/filters:quality(100)\/s3.amazonaws.com\/arc-wordpress-client-uploads\/infobae-wp\/wp-content\/uploads\/2018\/11\/17071956\/familiares-ara-san-juan-mar-del-plata-1920-10.jpg\" alt=\"(REUTERS\/Marina Devo)\" width=\"750\" height=\"421.484375\" \/><\/div>\n<p><span class=\"credit\">(REUTERS\/Marina Devo)<\/span><\/p>\n<p>Fuente: infobae.com<\/p>\n<\/div>\n<\/div>\n<\/div>\n<\/div>\n<\/div>\n<\/div>\n<\/div>\n<\/div>\n<\/div>\n<\/div>\n<\/div>\n<\/div>\n<\/div>\n<\/div>\n<\/div>\n<\/div>\n<div class=\"gsp_post_data\" \r\n\t            data-post_type=\"post\" \r\n\t            data-cat=\"general,noticias-internacionales\" \r\n\t            data-modified=\"120\"\r\n\t            data-created=\"1542445370\"\r\n\t            data-title=\"Hallaron el submarino argentino ARA San Juan\" \r\n\t            data-home=\"https:\/\/www.evafm.net\/sitio\"><\/div>","protected":false},"excerpt":{"rendered":"<p>La empresa estadounidense\u00a0Ocean Infinity\u00a0localiz\u00f3 en el oc\u00e9ano Atl\u00e1ntico el\u00a0submarino argentino ARA San Juan, que llevaba desaparecido e incomunicado desde el 15 de noviembre de 2017 con 44 tripulantes a bordo, cuyos familiares han recibido la noticia entre el impacto y la emoci\u00f3n. Seg\u00fan indic\u00f3 Ocean Infinity, el submarino\u00a0estaba localizado a 917 metros de profundidad, a&#8230;<\/p>\n","protected":false},"author":5,"featured_media":41493,"comment_status":"closed","ping_status":"open","sticky":false,"template":"","format":"standard","meta":{"_joinchat":[],"footnotes":""},"categories":[1720,1345],"tags":[],"class_list":["post-41492","post","type-post","status-publish","format-standard","has-post-thumbnail","hentry","category-general","category-noticias-internacionales","have-post-thumb"],"_links":{"self":[{"href":"https:\/\/www.evafm.net\/sitio\/wp-json\/wp\/v2\/posts\/41492","targetHints":{"allow":["GET"]}}],"collection":[{"href":"https:\/\/www.evafm.net\/sitio\/wp-json\/wp\/v2\/posts"}],"about":[{"href":"https:\/\/www.evafm.net\/sitio\/wp-json\/wp\/v2\/types\/post"}],"author":[{"embeddable":true,"href":"https:\/\/www.evafm.net\/sitio\/wp-json\/wp\/v2\/users\/5"}],"replies":[{"embeddable":true,"href":"https:\/\/www.evafm.net\/sitio\/wp-json\/wp\/v2\/comments?post=41492"}],"version-history":[{"count":1,"href":"https:\/\/www.evafm.net\/sitio\/wp-json\/wp\/v2\/posts\/41492\/revisions"}],"predecessor-version":[{"id":41494,"href":"https:\/\/www.evafm.net\/sitio\/wp-json\/wp\/v2\/posts\/41492\/revisions\/41494"}],"wp:featuredmedia":[{"embeddable":true,"href":"https:\/\/www.evafm.net\/sitio\/wp-json\/wp\/v2\/media\/41493"}],"wp:attachment":[{"href":"https:\/\/www.evafm.net\/sitio\/wp-json\/wp\/v2\/media?parent=41492"}],"wp:term":[{"taxonomy":"category","embeddable":true,"href":"https:\/\/www.evafm.net\/sitio\/wp-json\/wp\/v2\/categories?post=41492"},{"taxonomy":"post_tag","embeddable":true,"href":"https:\/\/www.evafm.net\/sitio\/wp-json\/wp\/v2\/tags?post=41492"}],"curies":[{"name":"wp","href":"https:\/\/api.w.org\/{rel}","templated":true}]}}