{"id":41501,"date":"2018-11-17T09:43:50","date_gmt":"2018-11-17T14:43:50","guid":{"rendered":"http:\/\/www.evafm.net\/sitio\/?p=41501"},"modified":"2018-11-17T09:43:50","modified_gmt":"2018-11-17T14:43:50","slug":"ecuador-medira-a-panama-con-alternantes","status":"publish","type":"post","link":"https:\/\/www.evafm.net\/sitio\/ecuador-medira-a-panama-con-alternantes\/","title":{"rendered":"Ecuador medir\u00e1 a Panam\u00e1 con alternantes"},"content":{"rendered":"<div class=\"location-event\">Quito &#8211;<\/div>\n<p>El t\u00e9cnico de la selecci\u00f3n de<strong>\u00a0Ecuador<\/strong>, Hern\u00e1n Dar\u00edo G\u00f3mez, se mostr\u00f3 satisfecho de haber tenido un plantel completo ante\u00a0<strong>Per\u00fa<\/strong>, a la cual derrot\u00f3 0-2, pero anticip\u00f3 que contra\u00a0<strong>Panam\u00e1<\/strong>\u00a0alinear\u00e1n la mayor\u00eda de quienes no actuaron en Lima.<\/p>\n<p>Antonio Valencia regres\u00f3 a Inglaterra y ser\u00e1 uno de los ausentes.<\/p>\n<p>\u00abPara este partido (contra los incas) hubo m\u00e1s tiempo de trabajo, con una n\u00f3mina m\u00e1s completa y eso es importante.<\/p>\n<p>Ahora ante Panam\u00e1 pondremos casi la totalidad de jugadores distintos\u00bb, inform\u00f3 el Bolillo G\u00f3mez en conferencia de prensa.<\/p>\n<p>Argument\u00f3 su decisi\u00f3n: \u00abHay que seguir mirando y aumentando el n\u00famero de futbolistas que los necesitaremos para jugar la eliminatoria (rumbo al Mundial Catar-2022), que es un camino muy largo, duro\u00bb, apunt\u00f3.<\/p>\n<p>La Tricolor medir\u00e1 a Los Canaleros el pr\u00f3ximo martes en Ciudad de Panam\u00e1, partido pactado para las 20:00 en el estadio Rommel Fern\u00e1ndez.<\/p>\n<p>Para ese duelo, Bolillo no tendr\u00e1 a To\u00f1o Valencia, quien ayer se desplaz\u00f3 a Inglaterra para unirse a su club, el Manchester United. (D)<\/p>\n<p>Fuente: eluniverso.com<\/p>\n<div class=\"gsp_post_data\" \r\n\t            data-post_type=\"post\" \r\n\t            data-cat=\"deportes-internacionales,general\" \r\n\t            data-modified=\"120\"\r\n\t            data-created=\"1542447830\"\r\n\t            data-title=\"Ecuador medir\u00e1 a Panam\u00e1 con alternantes\" \r\n\t            data-home=\"https:\/\/www.evafm.net\/sitio\"><\/div>","protected":false},"excerpt":{"rendered":"<p>Quito &#8211; El t\u00e9cnico de la selecci\u00f3n de\u00a0Ecuador, Hern\u00e1n Dar\u00edo G\u00f3mez, se mostr\u00f3 satisfecho de haber tenido un plantel completo ante\u00a0Per\u00fa, a la cual derrot\u00f3 0-2, pero anticip\u00f3 que contra\u00a0Panam\u00e1\u00a0alinear\u00e1n la mayor\u00eda de quienes no actuaron en Lima. Antonio Valencia regres\u00f3 a Inglaterra y ser\u00e1 uno de los ausentes. \u00abPara este partido (contra los incas)&#8230;<\/p>\n","protected":false},"author":5,"featured_media":41502,"comment_status":"closed","ping_status":"open","sticky":false,"template":"","format":"standard","meta":{"_joinchat":[],"footnotes":""},"categories":[1342,1720],"tags":[],"class_list":["post-41501","post","type-post","status-publish","format-standard","has-post-thumbnail","hentry","category-deportes-internacionales","category-general","have-post-thumb"],"_links":{"self":[{"href":"https:\/\/www.evafm.net\/sitio\/wp-json\/wp\/v2\/posts\/41501","targetHints":{"allow":["GET"]}}],"collection":[{"href":"https:\/\/www.evafm.net\/sitio\/wp-json\/wp\/v2\/posts"}],"about":[{"href":"https:\/\/www.evafm.net\/sitio\/wp-json\/wp\/v2\/types\/post"}],"author":[{"embeddable":true,"href":"https:\/\/www.evafm.net\/sitio\/wp-json\/wp\/v2\/users\/5"}],"replies":[{"embeddable":true,"href":"https:\/\/www.evafm.net\/sitio\/wp-json\/wp\/v2\/comments?post=41501"}],"version-history":[{"count":1,"href":"https:\/\/www.evafm.net\/sitio\/wp-json\/wp\/v2\/posts\/41501\/revisions"}],"predecessor-version":[{"id":41503,"href":"https:\/\/www.evafm.net\/sitio\/wp-json\/wp\/v2\/posts\/41501\/revisions\/41503"}],"wp:featuredmedia":[{"embeddable":true,"href":"https:\/\/www.evafm.net\/sitio\/wp-json\/wp\/v2\/media\/41502"}],"wp:attachment":[{"href":"https:\/\/www.evafm.net\/sitio\/wp-json\/wp\/v2\/media?parent=41501"}],"wp:term":[{"taxonomy":"category","embeddable":true,"href":"https:\/\/www.evafm.net\/sitio\/wp-json\/wp\/v2\/categories?post=41501"},{"taxonomy":"post_tag","embeddable":true,"href":"https:\/\/www.evafm.net\/sitio\/wp-json\/wp\/v2\/tags?post=41501"}],"curies":[{"name":"wp","href":"https:\/\/api.w.org\/{rel}","templated":true}]}}