{"id":41519,"date":"2018-11-17T10:46:58","date_gmt":"2018-11-17T15:46:58","guid":{"rendered":"http:\/\/www.evafm.net\/sitio\/?p=41519"},"modified":"2018-11-17T10:46:58","modified_gmt":"2018-11-17T15:46:58","slug":"selena-gomez-y-lady-gaga-juntas-en-la-gala-anual-de-lupus-research-alliance","status":"publish","type":"post","link":"https:\/\/www.evafm.net\/sitio\/selena-gomez-y-lady-gaga-juntas-en-la-gala-anual-de-lupus-research-alliance\/","title":{"rendered":"Selena Gomez y Lady Gaga, juntas en la gala anual de Lupus Research Alliance"},"content":{"rendered":"<p>La\u00a0cantante\u00a0S<strong>elena<\/strong><strong>\u00a0Gomez<\/strong>\u00a0hace algunas semanas caus\u00f3\u00a0mucha preocupaci\u00f3n a todos sus fieles seguidores y fans, pues la hermosa estrella\u00a0<strong>tuvo que ser internada en un hospital al sufrir una crisis nerviosa.<\/strong><\/p>\n<p>Selena Gomez de 26 a\u00f1os reaparecer\u00e1 en un\u00a0<strong>evento anual de Lupus Reserarch Alliance,\u00a0<\/strong>cuya organizaci\u00f3n tiene la misi\u00f3n de\u00a0<strong>prevenir y curar la enfermedad<\/strong>, de igual forma\u00a0<strong>la cantante y actriz Lady Gaga<\/strong>\u00a0tambi\u00e9n estar\u00e1 presente en la gala.<\/p>\n<p>La estrella del pop, Selena\u00a0Gomez, en su \u00faltima publicaci\u00f3n en redes sociales, hab\u00eda anunciado\u00a0<strong>que se tomar\u00eda un tiempo para estar fuera de los escenarios\u00a0<\/strong>y disfrutar la compa\u00f1\u00eda de su familia y amigos cercanos.<\/p>\n<p>La actriz Lady Gaga, quien ha logrado buenas cr\u00edticas desde el lanzamiento de su protag\u00f3nico en la\u00a0\u00a0pel\u00edcula\u00a0\u201cNace\u00a0una estrella\u201d; tambi\u00e9n estar\u00e1 junto con Selena Gomez, ambas famosos coincidir\u00e1n en dicho evento que se llevar\u00e1 a cabo el pr\u00f3ximo 19 de noviembre en el sal\u00f3n Ziegfeld Ballroom, en Nueva York.<\/p>\n<p>&nbsp;<\/p>\n<p>La cantante Selena Gomez, antes de ser internada a un centro psiqui\u00e1trico, colaboro con el cantante Ozuna con el tema Taki taki, dicha canci\u00f3n ha enloquecido a todos sus fans, la m\u00fasica es muy atrevida y muestra la sensualidad de la joven artista.<\/p>\n<p>El evento de Lupus Reserarch Alliance, es una gala anual, donde la organizaci\u00f3n agradece el apoyo financiero para tratar de encontrar mejores m\u00e9todos para la enfermedad de Lupus, este mal le provoco un desgaste f\u00edsico a la cantante Selena Gomez, incluso su vida estaba en riesgo; afortunadamente tuvo un trasplante de ri\u00f1\u00f3n y\u00a0la donante fue una de sus grandes amigas,\u00a0quien estuvo acompa\u00f1ando a la famosa durante la recuperaci\u00f3n de la operaci\u00f3n.<\/p>\n<p>Cabe mencionar que la organizaci\u00f3n logr\u00f3\u00a0recaudar el a\u00f1o pasado un total de medio mill\u00f3n de d\u00f3lares y este a\u00f1o esperan superar la cifra.<\/p>\n<p>https:\/\/www.instagram.com\/p\/BnmNNepgYiQ\/?utm_source=ig_web_copy_link<\/p>\n<p>https:\/\/www.instagram.com\/p\/Bm449ADA6Db\/?utm_source=ig_web_copy_link<\/p>\n<p>Fuente: laverdadnoticias.com &#8211; instagram.com<\/p>\n<div class=\"gsp_post_data\" \r\n\t            data-post_type=\"post\" \r\n\t            data-cat=\"farandula-internacional,general\" \r\n\t            data-modified=\"120\"\r\n\t            data-created=\"1542451618\"\r\n\t            data-title=\"Selena Gomez y Lady Gaga, juntas en la gala anual de Lupus Research Alliance\" \r\n\t            data-home=\"https:\/\/www.evafm.net\/sitio\"><\/div>","protected":false},"excerpt":{"rendered":"<p>La\u00a0cantante\u00a0Selena\u00a0Gomez\u00a0hace algunas semanas caus\u00f3\u00a0mucha preocupaci\u00f3n a todos sus fieles seguidores y fans, pues la hermosa estrella\u00a0tuvo que ser internada en un hospital al sufrir una crisis nerviosa. Selena Gomez de 26 a\u00f1os reaparecer\u00e1 en un\u00a0evento anual de Lupus Reserarch Alliance,\u00a0cuya organizaci\u00f3n tiene la misi\u00f3n de\u00a0prevenir y curar la enfermedad, de igual forma\u00a0la cantante y actriz&#8230;<\/p>\n","protected":false},"author":5,"featured_media":41522,"comment_status":"closed","ping_status":"open","sticky":false,"template":"","format":"standard","meta":{"_joinchat":[],"footnotes":""},"categories":[1346,1720],"tags":[],"class_list":["post-41519","post","type-post","status-publish","format-standard","has-post-thumbnail","hentry","category-farandula-internacional","category-general","have-post-thumb"],"_links":{"self":[{"href":"https:\/\/www.evafm.net\/sitio\/wp-json\/wp\/v2\/posts\/41519","targetHints":{"allow":["GET"]}}],"collection":[{"href":"https:\/\/www.evafm.net\/sitio\/wp-json\/wp\/v2\/posts"}],"about":[{"href":"https:\/\/www.evafm.net\/sitio\/wp-json\/wp\/v2\/types\/post"}],"author":[{"embeddable":true,"href":"https:\/\/www.evafm.net\/sitio\/wp-json\/wp\/v2\/users\/5"}],"replies":[{"embeddable":true,"href":"https:\/\/www.evafm.net\/sitio\/wp-json\/wp\/v2\/comments?post=41519"}],"version-history":[{"count":1,"href":"https:\/\/www.evafm.net\/sitio\/wp-json\/wp\/v2\/posts\/41519\/revisions"}],"predecessor-version":[{"id":41523,"href":"https:\/\/www.evafm.net\/sitio\/wp-json\/wp\/v2\/posts\/41519\/revisions\/41523"}],"wp:featuredmedia":[{"embeddable":true,"href":"https:\/\/www.evafm.net\/sitio\/wp-json\/wp\/v2\/media\/41522"}],"wp:attachment":[{"href":"https:\/\/www.evafm.net\/sitio\/wp-json\/wp\/v2\/media?parent=41519"}],"wp:term":[{"taxonomy":"category","embeddable":true,"href":"https:\/\/www.evafm.net\/sitio\/wp-json\/wp\/v2\/categories?post=41519"},{"taxonomy":"post_tag","embeddable":true,"href":"https:\/\/www.evafm.net\/sitio\/wp-json\/wp\/v2\/tags?post=41519"}],"curies":[{"name":"wp","href":"https:\/\/api.w.org\/{rel}","templated":true}]}}