{"id":41536,"date":"2018-11-17T21:56:29","date_gmt":"2018-11-18T02:56:29","guid":{"rendered":"http:\/\/www.evafm.net\/sitio\/?p=41536"},"modified":"2018-11-17T21:56:29","modified_gmt":"2018-11-18T02:56:29","slug":"fallecio-a-los-62-anos-el-chef-ecuatoriano-gino-molinari","status":"publish","type":"post","link":"https:\/\/www.evafm.net\/sitio\/fallecio-a-los-62-anos-el-chef-ecuatoriano-gino-molinari\/","title":{"rendered":"Falleci\u00f3 a los 62 a\u00f1os el chef ecuatoriano Gino Molinari"},"content":{"rendered":"<p>El chef ecuatoriano\u00a0<strong>Gino Molinari Negrete<\/strong>falleci\u00f3 este s\u00e1bado en Guayaquil.<\/p>\n<p>Molinari hab\u00eda nacido el 17 de noviembre de 1956 y tras sufir una penosa enfermedad dej\u00f3 de existir el mismo d\u00eda que cumpl\u00eda sus 62 a\u00f1os.<\/p>\n<p>El reconocido chef ecuatoriano se desempe\u00f1aba como vicepresidente de la Asociaci\u00f3n de Periodistas Gastron\u00f3micos Latinoamericanos y fue homenajeado por el Sal\u00f3n de la Ciudad el 2 de octubre pasado, en reconocimiento a sus 30 a\u00f1os de labores en cocina frente a las c\u00e1maras de televisi\u00f3n.<\/p>\n<p>La Municipalidad porte\u00f1a le hizo la entrega de un reconocimiento por su labor en calidad de concejal del Cabildo, labor que cumpli\u00f3 desde el 2012.<\/p>\n<p>Molinari fue autor de cuatro libros que recogen sus recetas, presentadas a diario durante los a\u00f1os que aparec\u00eda en las pantallas de los canales\u00a0<em>Ecuavisa<\/em>\u00a0y\u00a0<em>Gamavisi\u00f3n<\/em>.<\/p>\n<p>En el 2003 hab\u00eda recibido en Panam\u00e1 el nombramiento de embajador gastron\u00f3mico del Turismo.<\/p>\n<p>Al homenaje del pasado 2 de octubre se hab\u00edan sumado la Asociaci\u00f3n Nacional de Chefs y la Asociaci\u00f3n de Escuelas de Gastronom\u00eda de Ecuador. (I)<\/p>\n<p>Fuente: eluniverso.comn<\/p>\n<div class=\"gsp_post_data\" \r\n\t            data-post_type=\"post\" \r\n\t            data-cat=\"farandula-ecuatoriana,general\" \r\n\t            data-modified=\"120\"\r\n\t            data-created=\"1542491789\"\r\n\t            data-title=\"Falleci\u00f3 a los 62 a\u00f1os el chef ecuatoriano Gino Molinari\" \r\n\t            data-home=\"https:\/\/www.evafm.net\/sitio\"><\/div>","protected":false},"excerpt":{"rendered":"<p>El chef ecuatoriano\u00a0Gino Molinari Negretefalleci\u00f3 este s\u00e1bado en Guayaquil. Molinari hab\u00eda nacido el 17 de noviembre de 1956 y tras sufir una penosa enfermedad dej\u00f3 de existir el mismo d\u00eda que cumpl\u00eda sus 62 a\u00f1os. El reconocido chef ecuatoriano se desempe\u00f1aba como vicepresidente de la Asociaci\u00f3n de Periodistas Gastron\u00f3micos Latinoamericanos y fue homenajeado por el&#8230;<\/p>\n","protected":false},"author":5,"featured_media":41537,"comment_status":"closed","ping_status":"open","sticky":false,"template":"","format":"standard","meta":{"_joinchat":[],"footnotes":""},"categories":[1562,1720],"tags":[],"class_list":["post-41536","post","type-post","status-publish","format-standard","has-post-thumbnail","hentry","category-farandula-ecuatoriana","category-general","have-post-thumb"],"_links":{"self":[{"href":"https:\/\/www.evafm.net\/sitio\/wp-json\/wp\/v2\/posts\/41536","targetHints":{"allow":["GET"]}}],"collection":[{"href":"https:\/\/www.evafm.net\/sitio\/wp-json\/wp\/v2\/posts"}],"about":[{"href":"https:\/\/www.evafm.net\/sitio\/wp-json\/wp\/v2\/types\/post"}],"author":[{"embeddable":true,"href":"https:\/\/www.evafm.net\/sitio\/wp-json\/wp\/v2\/users\/5"}],"replies":[{"embeddable":true,"href":"https:\/\/www.evafm.net\/sitio\/wp-json\/wp\/v2\/comments?post=41536"}],"version-history":[{"count":1,"href":"https:\/\/www.evafm.net\/sitio\/wp-json\/wp\/v2\/posts\/41536\/revisions"}],"predecessor-version":[{"id":41538,"href":"https:\/\/www.evafm.net\/sitio\/wp-json\/wp\/v2\/posts\/41536\/revisions\/41538"}],"wp:featuredmedia":[{"embeddable":true,"href":"https:\/\/www.evafm.net\/sitio\/wp-json\/wp\/v2\/media\/41537"}],"wp:attachment":[{"href":"https:\/\/www.evafm.net\/sitio\/wp-json\/wp\/v2\/media?parent=41536"}],"wp:term":[{"taxonomy":"category","embeddable":true,"href":"https:\/\/www.evafm.net\/sitio\/wp-json\/wp\/v2\/categories?post=41536"},{"taxonomy":"post_tag","embeddable":true,"href":"https:\/\/www.evafm.net\/sitio\/wp-json\/wp\/v2\/tags?post=41536"}],"curies":[{"name":"wp","href":"https:\/\/api.w.org\/{rel}","templated":true}]}}