{"id":41539,"date":"2018-11-17T22:06:47","date_gmt":"2018-11-18T03:06:47","guid":{"rendered":"http:\/\/www.evafm.net\/sitio\/?p=41539"},"modified":"2018-11-17T22:06:47","modified_gmt":"2018-11-18T03:06:47","slug":"karol-g-hospitalizada-de-emergencia-en-las-vegas","status":"publish","type":"post","link":"https:\/\/www.evafm.net\/sitio\/karol-g-hospitalizada-de-emergencia-en-las-vegas\/","title":{"rendered":"Karol G. hospitalizada de emergencia en Las Vegas"},"content":{"rendered":"<p dir=\"ltr\">Aparentemente Las Vegas no le ha hecho bien a la cantautora colombiana Karol G., quien revel\u00f3 a sus fans que su after party despu\u00e9s de los Latin Grammys no fue en ninguna discoteca u hotel, sino en un hospital.<\/p>\n<p dir=\"ltr\">\u00a1Incre\u00edble!<\/p>\n<p dir=\"ltr\">La cantante de \u201cPineaple\u201d se hab\u00eda ca\u00eddo hace dos d\u00edas durante un concierto en esa ciudad y, aunque sigui\u00f3 su show como si nada, sus fans quedaron preocupados, pues durante la Alfombra Roja de los Grammy se ve\u00eda cansada.<\/p>\n<p dir=\"ltr\">Aun as\u00ed, deleit\u00f3 al p\u00fablico con una interpretaci\u00f3n en vivo de su \u00e9xito \u201cMi cama\u201d y dio un discurso enternecedor al aceptar su primer Latin Grammy. Karol G. fue la ganadora en el g\u00e9nero \u201cMejor artista nuevo\u201d, que recibi\u00f3 acompa\u00f1ada de su pap\u00e1.<\/p>\n<p dir=\"ltr\">Pero mientras el resto de los famosos compart\u00edan en las redes sociales videos y fotos de las celebraciones despu\u00e9s del show, transmitido por la cadena Telemundo, en las Instagram Stories de la cuenta de Karol G. se public\u00f3 una foto de la artista en la cama de un hospital.<\/p>\n<div class=\"photo-inline-horizontal\">\n<div class=\"img-container picture \">\n<div class=\"inline-caption\">\n<div class=\"inline-caption-text\">Captura de pantalla de Instagram Stories de la cuenta de Karol G.<\/div>\n<\/div>\n<\/div>\n<\/div>\n<p dir=\"ltr\">Aunque no se ha revelado qu\u00e9 problema de salud la puso en esa condici\u00f3n, sus fans se han abocado a desearle una r\u00e1pida recuperaci\u00f3n, a las que nos sumamos.<\/p>\n<p>https:\/\/youtu.be\/m0hlvdLSeu8<\/p>\n<p>https:\/\/www.instagram.com\/p\/BqLGYatAWGu\/?utm_source=ig_web_copy_link<\/p>\n<p>https:\/\/www.instagram.com\/p\/BqQWFiwlkyY\/?utm_source=ig_web_copy_link<\/p>\n<p><img decoding=\"async\" class=\" lazy responsive-image\" title=\"KHosp.jpg\" src=\"https:\/\/www.elnuevoherald.com\/ultimas-noticias\/59bvoq\/picture221796555\/alternates\/FREE_1140\/KHosp.jpg\" alt=\"KHosp.jpg\" \/><\/p>\n<div class=\"inline-caption\">\n<div class=\"inline-caption-text\">Captura de pantalla de Instagram Stories de la cuenta de Karol G.<\/div>\n<\/div>\n<div><\/div>\n<div>Fuente: elnuevoherald.com<\/div>\n<div class=\"inline-caption\">\n<div><\/div>\n<\/div>\n<div class=\"gsp_post_data\" \r\n\t            data-post_type=\"post\" \r\n\t            data-cat=\"farandula-internacional\" \r\n\t            data-modified=\"120\"\r\n\t            data-created=\"1542492407\"\r\n\t            data-title=\"Karol G. hospitalizada de emergencia en Las Vegas\" \r\n\t            data-home=\"https:\/\/www.evafm.net\/sitio\"><\/div>","protected":false},"excerpt":{"rendered":"<p>Aparentemente Las Vegas no le ha hecho bien a la cantautora colombiana Karol G., quien revel\u00f3 a sus fans que su after party despu\u00e9s de los Latin Grammys no fue en ninguna discoteca u hotel, sino en un hospital. \u00a1Incre\u00edble! La cantante de \u201cPineaple\u201d se hab\u00eda ca\u00eddo hace dos d\u00edas durante un concierto en esa&#8230;<\/p>\n","protected":false},"author":5,"featured_media":41542,"comment_status":"closed","ping_status":"open","sticky":false,"template":"","format":"standard","meta":{"_joinchat":[],"footnotes":""},"categories":[1346],"tags":[],"class_list":["post-41539","post","type-post","status-publish","format-standard","has-post-thumbnail","hentry","category-farandula-internacional","have-post-thumb"],"_links":{"self":[{"href":"https:\/\/www.evafm.net\/sitio\/wp-json\/wp\/v2\/posts\/41539","targetHints":{"allow":["GET"]}}],"collection":[{"href":"https:\/\/www.evafm.net\/sitio\/wp-json\/wp\/v2\/posts"}],"about":[{"href":"https:\/\/www.evafm.net\/sitio\/wp-json\/wp\/v2\/types\/post"}],"author":[{"embeddable":true,"href":"https:\/\/www.evafm.net\/sitio\/wp-json\/wp\/v2\/users\/5"}],"replies":[{"embeddable":true,"href":"https:\/\/www.evafm.net\/sitio\/wp-json\/wp\/v2\/comments?post=41539"}],"version-history":[{"count":1,"href":"https:\/\/www.evafm.net\/sitio\/wp-json\/wp\/v2\/posts\/41539\/revisions"}],"predecessor-version":[{"id":41544,"href":"https:\/\/www.evafm.net\/sitio\/wp-json\/wp\/v2\/posts\/41539\/revisions\/41544"}],"wp:featuredmedia":[{"embeddable":true,"href":"https:\/\/www.evafm.net\/sitio\/wp-json\/wp\/v2\/media\/41542"}],"wp:attachment":[{"href":"https:\/\/www.evafm.net\/sitio\/wp-json\/wp\/v2\/media?parent=41539"}],"wp:term":[{"taxonomy":"category","embeddable":true,"href":"https:\/\/www.evafm.net\/sitio\/wp-json\/wp\/v2\/categories?post=41539"},{"taxonomy":"post_tag","embeddable":true,"href":"https:\/\/www.evafm.net\/sitio\/wp-json\/wp\/v2\/tags?post=41539"}],"curies":[{"name":"wp","href":"https:\/\/api.w.org\/{rel}","templated":true}]}}