{"id":41591,"date":"2018-11-19T17:50:31","date_gmt":"2018-11-19T22:50:31","guid":{"rendered":"http:\/\/www.evafm.net\/sitio\/?p=41591"},"modified":"2018-11-19T17:50:31","modified_gmt":"2018-11-19T22:50:31","slug":"adamari-lopez-anuncia-que-le-dieron-de-alta","status":"publish","type":"post","link":"https:\/\/www.evafm.net\/sitio\/adamari-lopez-anuncia-que-le-dieron-de-alta\/","title":{"rendered":"Adamari L\u00f3pez anuncia que le dieron de alta"},"content":{"rendered":"<p>Luego de poco m\u00e1s de un mes ausente de las pantallas de \u2018Un Nuevo D\u00eda\u2019, debido a una complicada afecci\u00f3n en sus pulmones, Adamari L\u00f3pez por fin se comunic\u00f3 con sus fan\u00e1ticos, a trav\u00e9s de una entrevista telef\u00f3nica durante el\u00a0show matutino,\u00a0donde anunci\u00f3 que por fin la hab\u00edan dado de alta.<\/p>\n<p>Desde su hogar y bajo el cuidado de su familia, la presentadora asegur\u00f3 que ya est\u00e1 mucho m\u00e1s cerca de volver a su vida cotidiana: \u201cAqu\u00ed estoy en mi casa.<\/p>\n<p>Ya m\u00e1s recuperada y esperando estar del todo bien para regresar y estar m\u00e1s cerquita de ustedes que son mi familia y nuestra gente tan linda que siempre nos manda buena energ\u00eda y oraciones\u201d.<\/p>\n<p>La guapa boricua tambi\u00e9n confes\u00f3 que la condici\u00f3n respiratoria que sufri\u00f3, producto de una influenza, result\u00f3 m\u00e1s grave de lo que nunca imagin\u00f3.<\/p>\n<p>\u201cEstoy mejor, todav\u00eda me falta por recuperarme much\u00edsimo, no pensaba que un catarro, una influenza, me iba a afectar tanto, pero bueno, as\u00ed es la vida y hay que aprender y corregir cosas que hac\u00eda mal y seguir hacia adelante (\u2026). Estuve bien delicada, hay muchas cosas que no recuerdo de ese proceso que viv\u00ed en estas \u00faltimas semanas, pero estoy bien, en camino a recuperarme, a estar mejor, a estar m\u00e1s fuerte, y fortalecer mi sistema inmunol\u00f3gico\u201d, revel\u00f3.<\/p>\n<p>Ahora, desde la comodidad de su casa, la conductora continua su tratamiento y est\u00e1 empe\u00f1ada en invertir todo su esfuerzo para volver a ser la misma mujer alegre y llena de energ\u00eda de siempre. \u201cTengo terapia todos los d\u00edas para poder fortalecer el cuerpo, para poder fortalecer la voz, en el proceso hubo muchos cambios, que hay que ir recuperando.<\/p>\n<p>Todo lleva su tiempo, es un proceso lento, que me gustar\u00eda que fuera un poco m\u00e1s r\u00e1pido pero nada, los m\u00e9dicos dice que debo tomar las cosas con calma, de momento no deber\u00eda estar en ning\u00fan lugar donde hay gente enferma, todav\u00eda mi sistema inmunol\u00f3gico d\u00e9bil\u201d.<\/p>\n<p>Adamari L\u00f3pez tambi\u00e9n confes\u00f3 que una de las cosas m\u00e1s dif\u00edciles de su estancia en el hospital fue estar alejada de su hija Ala\u00efa, quien sufri\u00f3 mucho durante su ausencia.<\/p>\n<p>https:\/\/www.instagram.com\/p\/Bo7S4olnCXi\/?utm_source=ig_web_copy_link<\/p>\n<p>https:\/\/www.instagram.com\/p\/Bm9hADzHNiu\/?utm_source=ig_web_copy_link<\/p>\n<p>Fuente: mundohispanico.com &#8211; instagram.com<\/p>\n<div class=\"gsp_post_data\" \r\n\t            data-post_type=\"post\" \r\n\t            data-cat=\"farandula-internacional\" \r\n\t            data-modified=\"120\"\r\n\t            data-created=\"1542649831\"\r\n\t            data-title=\"Adamari L\u00f3pez anuncia que le dieron de alta\" \r\n\t            data-home=\"https:\/\/www.evafm.net\/sitio\"><\/div>","protected":false},"excerpt":{"rendered":"<p>Luego de poco m\u00e1s de un mes ausente de las pantallas de \u2018Un Nuevo D\u00eda\u2019, debido a una complicada afecci\u00f3n en sus pulmones, Adamari L\u00f3pez por fin se comunic\u00f3 con sus fan\u00e1ticos, a trav\u00e9s de una entrevista telef\u00f3nica durante el\u00a0show matutino,\u00a0donde anunci\u00f3 que por fin la hab\u00edan dado de alta. Desde su hogar y bajo&#8230;<\/p>\n","protected":false},"author":5,"featured_media":41594,"comment_status":"closed","ping_status":"open","sticky":false,"template":"","format":"standard","meta":{"_joinchat":[],"footnotes":""},"categories":[1346],"tags":[],"class_list":["post-41591","post","type-post","status-publish","format-standard","has-post-thumbnail","hentry","category-farandula-internacional","have-post-thumb"],"_links":{"self":[{"href":"https:\/\/www.evafm.net\/sitio\/wp-json\/wp\/v2\/posts\/41591","targetHints":{"allow":["GET"]}}],"collection":[{"href":"https:\/\/www.evafm.net\/sitio\/wp-json\/wp\/v2\/posts"}],"about":[{"href":"https:\/\/www.evafm.net\/sitio\/wp-json\/wp\/v2\/types\/post"}],"author":[{"embeddable":true,"href":"https:\/\/www.evafm.net\/sitio\/wp-json\/wp\/v2\/users\/5"}],"replies":[{"embeddable":true,"href":"https:\/\/www.evafm.net\/sitio\/wp-json\/wp\/v2\/comments?post=41591"}],"version-history":[{"count":1,"href":"https:\/\/www.evafm.net\/sitio\/wp-json\/wp\/v2\/posts\/41591\/revisions"}],"predecessor-version":[{"id":41595,"href":"https:\/\/www.evafm.net\/sitio\/wp-json\/wp\/v2\/posts\/41591\/revisions\/41595"}],"wp:featuredmedia":[{"embeddable":true,"href":"https:\/\/www.evafm.net\/sitio\/wp-json\/wp\/v2\/media\/41594"}],"wp:attachment":[{"href":"https:\/\/www.evafm.net\/sitio\/wp-json\/wp\/v2\/media?parent=41591"}],"wp:term":[{"taxonomy":"category","embeddable":true,"href":"https:\/\/www.evafm.net\/sitio\/wp-json\/wp\/v2\/categories?post=41591"},{"taxonomy":"post_tag","embeddable":true,"href":"https:\/\/www.evafm.net\/sitio\/wp-json\/wp\/v2\/tags?post=41591"}],"curies":[{"name":"wp","href":"https:\/\/api.w.org\/{rel}","templated":true}]}}