{"id":41596,"date":"2018-11-19T18:15:37","date_gmt":"2018-11-19T23:15:37","guid":{"rendered":"http:\/\/www.evafm.net\/sitio\/?p=41596"},"modified":"2018-11-19T18:15:37","modified_gmt":"2018-11-19T23:15:37","slug":"autoridades-pendientes-de-interpol-sobre-alerta-roja-a-correa","status":"publish","type":"post","link":"https:\/\/www.evafm.net\/sitio\/autoridades-pendientes-de-interpol-sobre-alerta-roja-a-correa\/","title":{"rendered":"Autoridades pendientes de Interpol sobre alerta roja a Correa"},"content":{"rendered":"<p>Ecuador est\u00e1 pendiente de una decisi\u00f3n de\u00a0<b>Interpol<\/b>\u00a0sobre la solicitud de emisi\u00f3n de alerta roja para la\u00a0<b>b\u00fasqueda y captura<\/b>\u00a0del expresidente\u00a0<b>Rafael<\/b>\u00a0<b>Correa<\/b>, pronunciamiento que seg\u00fan los plazos establecidos deb\u00eda producirse este lunes.<\/p>\n<p>El organismo policial internacional ten\u00eda hasta hoy (lunes 19 de noviembre de 2018) para responder a la Justicia ecuatoriana sobre si difunde o no esa alerta contra el expresidente, llamado a juicio este mes por presunto secuestro.<\/p>\n<p>El coronel\u00a0<b>Pablo<\/b>\u00a0<b>Ram\u00edrez<\/b>, un responsable de la\u00a0<b>Polic\u00eda<\/b>\u00a0<b>Judicial<\/b>, confirm\u00f3 a Efe que esa Direcci\u00f3n policial ha recibido oficialmente la indicaci\u00f3n de que \u201cInterpol dar\u00e1 cualquier comunicaci\u00f3n sobre el tema al\u00a0<b>Ministerio del Interior<\/b>\u00a0en el transcurso del d\u00eda\u201d.<\/p>\n<p>El pasado 7 de noviembre la jueza nacional ecuatoriana\u00a0<b>Daniella<\/b>\u00a0<b>Camacho<\/b>\u00a0dict\u00f3 un auto de llamamiento a juicio a Correa y otros tres procesados m\u00e1s por el delito de plagio (secuestro) del pol\u00edtico\u00a0<b>Fernando<\/b>\u00a0<b>Balda<\/b>\u00a0en la capital colombiana en agosto de 2012.<\/p>\n<p>El exmandatario reside en\u00a0<b>B\u00e9lgica<\/b>\u00a0desde julio del a\u00f1o pasado y est\u00e1<b>\u00a0pr\u00f3fugo de la justicia<\/b>\u00a0desde que se le impuso regresar a\u00a0<b>Quito<\/b>\u00a0cada dos semanas como medida preventiva.<\/p>\n<p>Correa, que considera que en su pa\u00eds no ser\u00e1 sometido a un juicio justo, desoy\u00f3 la\u00a0<b>medida<\/b>\u00a0<b>cautelar<\/b>\u00a0y pidi\u00f3 personarse en el Consulado de su pa\u00eds en\u00a0<b>Bruselas<\/b>, lo que la jueza consider\u00f3 una violaci\u00f3n de la medida cautelar.<\/p>\n<p>Al dictaminar el llamamiento a juicio hace m\u00e1s de una semana, la magistrada reiter\u00f3 su solicitud a Interpol para la captura del expresidente con fines de extradici\u00f3n, pedido del que la\u00a0<b>organizaci\u00f3n<\/b>\u00a0<b>internacional<\/b>\u00a0no se ha pronunciado oficialmente.<\/p>\n<p>El juicio contra Correa y el exjefe de la Inteligencia ecuatoriana\u00a0<b>Pablo<\/b>\u00a0<b>Romero<\/b>, tambi\u00e9n imputado en el caso y en\u00a0<b>Espa\u00f1a<\/b>, se encuentra suspendido hasta que ambos regresen al pa\u00eds.<\/p>\n<p>En una reciente entrevista con Efe tras conocer el auto de llamamiento a comparecer ante la justicia, Correa asegur\u00f3 que estudia pedir asilo en B\u00e9lgica, decisi\u00f3n que depender\u00e1 de la respuesta de organismos internacionales como Interpol.<\/p>\n<p>\u201cLo sigo estudiando,<b>\u00a0utilizar\u00e9 todos los derechos<\/b>\u00a0que tengo para defenderme y a mi familia\u201d, manifest\u00f3 el exdirigente.<\/p>\n<p>Por otra parte, Balda, que ejerci\u00f3 la acusaci\u00f3n particular en el caso que mantiene en jaque judicial al pol\u00edtico izquierdista, inform\u00f3 este lunes de su decisi\u00f3n de retrasar la interposici\u00f3n de una denuncia ante la\u00a0<b>Fiscal\u00eda General del Estado\u00a0<\/b>contra Correa por\u00a0<b>peculado<\/b>\u00a0(malversaci\u00f3n de fondos p\u00fablicos).<\/p>\n<p>Esa nueva denuncia, seg\u00fan Balda, se basar\u00eda en los\u00a0<b>elementos de convicci\u00f3n\u00a0<\/b>presentados en la etapa previa a juicio y reconocidos por la jueza, que apuntan a que se emplearon caudales p\u00fablicos para su secuestro.<\/p>\n<p>Balda argument\u00f3 que la decisi\u00f3n de aplazar la demanda se debe a que se encontraron<b>\u00a0\u201celementos que prueban la participaci\u00f3n de otros funcionarios de Estado\u201d<\/b>, lo que le obliga \u201ca tomarse m\u00e1s tiempo\u201d.<\/p>\n<p>&nbsp;<\/p>\n<div class=\"gsp_post_data\" \r\n\t            data-post_type=\"post\" \r\n\t            data-cat=\"general,noticias-ecuador\" \r\n\t            data-modified=\"120\"\r\n\t            data-created=\"1542651337\"\r\n\t            data-title=\"Autoridades pendientes de Interpol sobre alerta roja a Correa\" \r\n\t            data-home=\"https:\/\/www.evafm.net\/sitio\"><\/div>","protected":false},"excerpt":{"rendered":"<p>Ecuador est\u00e1 pendiente de una decisi\u00f3n de\u00a0Interpol\u00a0sobre la solicitud de emisi\u00f3n de alerta roja para la\u00a0b\u00fasqueda y captura\u00a0del expresidente\u00a0Rafael\u00a0Correa, pronunciamiento que seg\u00fan los plazos establecidos deb\u00eda producirse este lunes. El organismo policial internacional ten\u00eda hasta hoy (lunes 19 de noviembre de 2018) para responder a la Justicia ecuatoriana sobre si difunde o no esa alerta&#8230;<\/p>\n","protected":false},"author":5,"featured_media":41597,"comment_status":"closed","ping_status":"open","sticky":false,"template":"","format":"standard","meta":{"_joinchat":[],"footnotes":""},"categories":[1720,1558],"tags":[],"class_list":["post-41596","post","type-post","status-publish","format-standard","has-post-thumbnail","hentry","category-general","category-noticias-ecuador","have-post-thumb"],"_links":{"self":[{"href":"https:\/\/www.evafm.net\/sitio\/wp-json\/wp\/v2\/posts\/41596","targetHints":{"allow":["GET"]}}],"collection":[{"href":"https:\/\/www.evafm.net\/sitio\/wp-json\/wp\/v2\/posts"}],"about":[{"href":"https:\/\/www.evafm.net\/sitio\/wp-json\/wp\/v2\/types\/post"}],"author":[{"embeddable":true,"href":"https:\/\/www.evafm.net\/sitio\/wp-json\/wp\/v2\/users\/5"}],"replies":[{"embeddable":true,"href":"https:\/\/www.evafm.net\/sitio\/wp-json\/wp\/v2\/comments?post=41596"}],"version-history":[{"count":1,"href":"https:\/\/www.evafm.net\/sitio\/wp-json\/wp\/v2\/posts\/41596\/revisions"}],"predecessor-version":[{"id":41598,"href":"https:\/\/www.evafm.net\/sitio\/wp-json\/wp\/v2\/posts\/41596\/revisions\/41598"}],"wp:featuredmedia":[{"embeddable":true,"href":"https:\/\/www.evafm.net\/sitio\/wp-json\/wp\/v2\/media\/41597"}],"wp:attachment":[{"href":"https:\/\/www.evafm.net\/sitio\/wp-json\/wp\/v2\/media?parent=41596"}],"wp:term":[{"taxonomy":"category","embeddable":true,"href":"https:\/\/www.evafm.net\/sitio\/wp-json\/wp\/v2\/categories?post=41596"},{"taxonomy":"post_tag","embeddable":true,"href":"https:\/\/www.evafm.net\/sitio\/wp-json\/wp\/v2\/tags?post=41596"}],"curies":[{"name":"wp","href":"https:\/\/api.w.org\/{rel}","templated":true}]}}