{"id":41599,"date":"2018-11-19T18:20:00","date_gmt":"2018-11-19T23:20:00","guid":{"rendered":"http:\/\/www.evafm.net\/sitio\/?p=41599"},"modified":"2018-11-19T18:20:00","modified_gmt":"2018-11-19T23:20:00","slug":"consejos-al-comprar-ropa-en-este-black-friday-en-ecuador","status":"publish","type":"post","link":"https:\/\/www.evafm.net\/sitio\/consejos-al-comprar-ropa-en-este-black-friday-en-ecuador\/","title":{"rendered":"Consejos al comprar ropa en este Black Friday en Ecuador"},"content":{"rendered":"<p>Ocho de cada diez ecuatorianos piensan aprovechar las ofertas de este\u00a0viernes negro\u00a0para comprar ropa. Los almacenes ofrecen descuentos de hasta el 80% y otros promocionan un segundo art\u00edculo a mitad de precio o que al comprar dos prendas una tercera no tendr\u00e1 costo alguno.<\/p>\n<p><strong>Antes de lanzarse a llenar su coche de compras considere las reglas de cada almac\u00e9n. <\/strong><\/p>\n<p><strong>Si las prendas ser\u00e1n para regalo, aseg\u00farese de que podr\u00e1 cambiarla si se equivoca con la talla o color preferido de quien la recibir\u00e1. <\/strong><\/p>\n<p><strong>Algunas tiendas no tienen esta opci\u00f3n en caso de ofertas.<\/strong><\/p>\n<p>No compre solo porque \u201cest\u00e1 barato\u201d, considere si la ropa que va a adquirir es necesaria de acuerdo con el clima y con su estilo de vida.<\/p>\n<p>Recuerde que se suelen ofertar prendas por cambio de temporada.<\/p>\n<p>Aproveche los descuentos para adelantar la compra de ropa para Navidad, fin de a\u00f1o o las pr\u00f3ximas vacaciones, as\u00ed evitar\u00e1 el estr\u00e9s en esas fechas.\u00a0<strong>(I)<\/strong><\/p>\n<p>Fuente: eluniverso.com<\/p>\n<div class=\"gsp_post_data\" \r\n\t            data-post_type=\"post\" \r\n\t            data-cat=\"noticias-ecuador\" \r\n\t            data-modified=\"120\"\r\n\t            data-created=\"1542651600\"\r\n\t            data-title=\"Consejos al comprar ropa en este Black Friday en Ecuador\" \r\n\t            data-home=\"https:\/\/www.evafm.net\/sitio\"><\/div>","protected":false},"excerpt":{"rendered":"<p>Ocho de cada diez ecuatorianos piensan aprovechar las ofertas de este\u00a0viernes negro\u00a0para comprar ropa. Los almacenes ofrecen descuentos de hasta el 80% y otros promocionan un segundo art\u00edculo a mitad de precio o que al comprar dos prendas una tercera no tendr\u00e1 costo alguno. Antes de lanzarse a llenar su coche de compras considere las&#8230;<\/p>\n","protected":false},"author":5,"featured_media":41600,"comment_status":"closed","ping_status":"open","sticky":false,"template":"","format":"standard","meta":{"_joinchat":[],"footnotes":""},"categories":[1558],"tags":[],"class_list":["post-41599","post","type-post","status-publish","format-standard","has-post-thumbnail","hentry","category-noticias-ecuador","have-post-thumb"],"_links":{"self":[{"href":"https:\/\/www.evafm.net\/sitio\/wp-json\/wp\/v2\/posts\/41599","targetHints":{"allow":["GET"]}}],"collection":[{"href":"https:\/\/www.evafm.net\/sitio\/wp-json\/wp\/v2\/posts"}],"about":[{"href":"https:\/\/www.evafm.net\/sitio\/wp-json\/wp\/v2\/types\/post"}],"author":[{"embeddable":true,"href":"https:\/\/www.evafm.net\/sitio\/wp-json\/wp\/v2\/users\/5"}],"replies":[{"embeddable":true,"href":"https:\/\/www.evafm.net\/sitio\/wp-json\/wp\/v2\/comments?post=41599"}],"version-history":[{"count":1,"href":"https:\/\/www.evafm.net\/sitio\/wp-json\/wp\/v2\/posts\/41599\/revisions"}],"predecessor-version":[{"id":41601,"href":"https:\/\/www.evafm.net\/sitio\/wp-json\/wp\/v2\/posts\/41599\/revisions\/41601"}],"wp:featuredmedia":[{"embeddable":true,"href":"https:\/\/www.evafm.net\/sitio\/wp-json\/wp\/v2\/media\/41600"}],"wp:attachment":[{"href":"https:\/\/www.evafm.net\/sitio\/wp-json\/wp\/v2\/media?parent=41599"}],"wp:term":[{"taxonomy":"category","embeddable":true,"href":"https:\/\/www.evafm.net\/sitio\/wp-json\/wp\/v2\/categories?post=41599"},{"taxonomy":"post_tag","embeddable":true,"href":"https:\/\/www.evafm.net\/sitio\/wp-json\/wp\/v2\/tags?post=41599"}],"curies":[{"name":"wp","href":"https:\/\/api.w.org\/{rel}","templated":true}]}}