{"id":41602,"date":"2018-11-19T18:27:26","date_gmt":"2018-11-19T23:27:26","guid":{"rendered":"http:\/\/www.evafm.net\/sitio\/?p=41602"},"modified":"2018-11-19T18:27:26","modified_gmt":"2018-11-19T23:27:26","slug":"jair-bolsonaro-una-parte-de-petrobras-puede-ser-privatizada","status":"publish","type":"post","link":"https:\/\/www.evafm.net\/sitio\/jair-bolsonaro-una-parte-de-petrobras-puede-ser-privatizada\/","title":{"rendered":"Jair Bolsonaro : \u00abuna parte de Petrobras puede ser privatizada\u00bb"},"content":{"rendered":"<div class=\"row pb-content-type-text\">\n<div class=\"col-xs-12 col-print-12\">\n<p class=\"element element-paragraph\"><strong>\u00abAlguna parte puede ser privatizada, pero no toda. Es una empresa estrat\u00e9gica\u00bb, afirm\u00f3 Bolsonaro<\/strong>\u00a0en declaraciones a periodistas al ser interrogado sobre la decisi\u00f3n de su equipo econ\u00f3mico de nombrar como\u00a0<strong>nuevo presidente de Petrobras al economista liberal Roberto Castello Branco<\/strong>, que ha defendido la privatizaci\u00f3n de la compa\u00f1\u00eda.<\/p>\n<\/div>\n<\/div>\n<div class=\"row pb-content-type-text\">\n<div class=\"col-xs-12 col-print-12\">\n<p class=\"element element-paragraph\">El diputado ultraderechista afirm\u00f3 que ha conversado sobre un plan para privatizar algunos sectores de la empresa con el economista Paulo Guedes, a quien ya anunci\u00f3 como su futuro ministro de Econom\u00eda.<\/p>\n<\/div>\n<\/div>\n<div class=\"row pb-content-type-text\">\n<div class=\"col-xs-12 col-print-12\">\n<p class=\"element element-paragraph\">\u00abEstamos conversando con \u00e9l sobre eso. No soy una persona inflexible, pero tenemos que, con mucha responsabilidad, llevar adelante un plan como ese (de venta de partes de la empresa)\u00bb, afirm\u00f3.<\/p>\n<\/div>\n<\/div>\n<div class=\"row pb-content-type-text\">\n<div class=\"col-xs-12 col-print-12\">\n<p class=\"element element-paragraph\">Bolsonaro asegur\u00f3 que\u00a0<strong>\u00abvi atr\u00e1s con buenos ojos lo de\u00bb Embraer, otra empresa estrat\u00e9gica para Brasil por ser el tercer mayor fabricante de aviones del mundo y que fue privatizada en la d\u00e9cada de 1990<\/strong>\u00a0con una cl\u00e1usula que le permite al Estado vetar cualquier negocio de la compa\u00f1\u00eda que considere contrario a sus intereses.<\/p>\n<\/div>\n<\/div>\n<div class=\"row pb-content-type-text\">\n<div id=\"\" class=\"wrapper clearfix pb-feature pb-layout-item pb-f-ads-dfp left-align\">\n<div id=\"inline\" class=\"ad-slot\"><\/div>\n<\/div>\n<div class=\"col-xs-12 col-print-12\">\n<p class=\"element element-paragraph\">\u00abPodemos conversar, pero entiendo que es una empresa estrat\u00e9gica que puede ser privatizada solo en parte\u00bb, agreg\u00f3 al dejar claro su rechazo a la posible venta de las principales operaciones de Petrobras.<\/p>\n<\/div>\n<\/div>\n<div class=\"row pb-content-type-text\">\n<div class=\"col-xs-12 col-print-12\">\n<p class=\"element element-paragraph\">En unas declaraciones a la prensa este mismo lunes, el vicepresidente electo de Brasil, el general de la reserva del Ej\u00e9rcito<strong>\u00a0Hamilton Mourao, fue m\u00e1s espec\u00edfico y aclar\u00f3 que las \u00e1reas que pueden ser privatizadas son las subsidiarias para actividades como distribuci\u00f3n o refino de combustibles, pero no la producci\u00f3n.<\/strong><\/p>\n<\/div>\n<\/div>\n<div class=\"row pb-content-type-text\">\n<div class=\"col-xs-12 col-print-12\">\n<p class=\"element element-paragraph\">\u00abLo que hemos dicho es que el n\u00facleo duro de Petrbras, que es la extracci\u00f3n (de petr\u00f3leo), que es donde est\u00e1 la inteligencia, el conocimiento\u2026 eso no va a ser privatizado\u00bb, afirm\u00f3 Mourao. \u00abPero podemos negociar la venta de \u00e1reas como distribuci\u00f3n, refino\u2026 Eso es algo que puede ser negociado\u00bb, dijo.<\/p>\n<\/div>\n<\/div>\n<div class=\"row pb-content-type-text\">\n<div class=\"col-xs-12 col-print-12\">\n<p class=\"element element-paragraph\"><strong>El presidente electo afirm\u00f3 que aprovechar\u00e1 un viaje que realizar\u00e1 a Brasilia este martes para conversar sobre Petrobras con su equipo econ\u00f3mico<\/strong>\u00a0y con el futuro presidente de la estatal, en caso de que ambos coincidan en la ciudad.<\/p>\n<div class=\"row pb-content-type-text\">\n<div class=\"col-xs-12 col-print-12\">\n<p class=\"element element-paragraph\">Bolsonaro afirm\u00f3 que la elecci\u00f3n de Castello Branco como presidente de Petrobras fue una decisi\u00f3n de Guedes pero que \u00e9l le dio \u00abcarta blanca\u00bb a su futuro ministro de Econom\u00eda para que escoja a todo su equipo.<\/p>\n<\/div>\n<\/div>\n<div class=\"row pb-content-type-text\">\n<div class=\"col-xs-12 col-print-12\">\n<p class=\"element element-paragraph\">\u00abYo lo \u00fanico que le exijo es productividad, que pueda reducir la m\u00e1quina y hacerla funcionar para bienestar de la poblaci\u00f3n\u00bb, dijo.<\/p>\n<\/div>\n<\/div>\n<div class=\"row pb-content-type-text\">\n<div class=\"col-xs-12 col-print-12\">\n<p class=\"element element-paragraph\">Agreg\u00f3 que todo el equipo econ\u00f3mico escogido por Guedes es una \u00abparte importante de nuestro plan de Gobierno\u00bb, de cuyos integrantes dijo que \u00abno pueden equivocarse. No tienen derecho a equivocarse. No pueden tomar una decisi\u00f3n y volver atr\u00e1s porque ser\u00e1 una se\u00f1al negativa para el mercado\u00bb.<\/p>\n<\/div>\n<\/div>\n<div class=\"row pb-content-type-text\">\n<div class=\"col-xs-12 col-print-12\">\n<p class=\"element element-paragraph\">Dijo, sin embargo, que todos los miembros del equipo escogidos por Guedes ya fueron \u00abprobados por el mercado\u00bb, que ha reaccionado positivamente a sus nombramientos.<\/p>\n<\/div>\n<\/div>\n<div class=\"row pb-content-type-text\">\n<div class=\"col-xs-12 col-print-12\">\n<p class=\"element element-paragraph\">Sobre el actual presidente de Petrobras, Ivan Monteiro, afirm\u00f3 que puede ser mantenido en el equipo econ\u00f3mico de Gobierno y que tal vez pueda ser anunciado como el futuro presidente del Banco do Brasil.<\/p>\n<\/div>\n<\/div>\n<div class=\"row pb-content-type-text\">\n<div class=\"col-xs-12 col-print-12\">\n<p class=\"element element-paragraph\">Castello comandar\u00e1 en los pr\u00f3ximos a\u00f1os una de las mayores petroleras del mundo y que se encuentra en proceso de recuperaci\u00f3n despu\u00e9s de cuatro a\u00f1os de resultados negativos en los que acumul\u00f3 m\u00e1s de 19.380 millones de d\u00f3lares en p\u00e9rdidas.<\/p>\n<\/div>\n<\/div>\n<div class=\"row pb-content-type-text\">\n<div class=\"col-xs-12 col-print-12\">\n<p class=\"element element-paragraph\">En el per\u00edodo la empresa enfrent\u00f3 una grave crisis econ\u00f3mica e institucional a ra\u00edz de la ca\u00edda de los precios del petr\u00f3leo y por el descubrimiento de una gigantesca red de corrupci\u00f3n que desvi\u00f3 miles de millones de d\u00f3lares de la compa\u00f1\u00eda entre 2004 y 2014.<\/p>\n<div class=\"single-image\"><img decoding=\"async\" id=\"HMTC4J4UUJAY3APPDSQXM72F74\" class=\"image-lazy\" src=\"https:\/\/www.infobae.com\/new-resizer\/tmE6UzpPkKpFXG0yXBC1uo_1_KE=\/600x0\/filters:quality(100)\/s3.amazonaws.com\/arc-wordpress-client-uploads\/infobae-wp\/wp-content\/uploads\/2016\/06\/07122609\/Petrobras.jpg\" alt=\"Petrobras\" width=\"750\" height=\"421.75324675324674\" \/><\/div>\n<p><span class=\"credit\">Petrobras<\/span><\/p>\n<\/div>\n<\/div>\n<div class=\"row pb-content-type-text\">\n<div class=\"col-xs-12 col-print-12\">\n<p class=\"element element-paragraph\">Con informaci\u00f3n de EFE<\/p>\n<p>Fuente: infobae.com<\/p>\n<\/div>\n<\/div>\n<\/div>\n<\/div>\n<div class=\"gsp_post_data\" \r\n\t            data-post_type=\"post\" \r\n\t            data-cat=\"general,noticias-internacionales\" \r\n\t            data-modified=\"120\"\r\n\t            data-created=\"1542652046\"\r\n\t            data-title=\"Jair Bolsonaro : \u00abuna parte de Petrobras puede ser privatizada\u00bb\" \r\n\t            data-home=\"https:\/\/www.evafm.net\/sitio\"><\/div>","protected":false},"excerpt":{"rendered":"<p>\u00abAlguna parte puede ser privatizada, pero no toda. Es una empresa estrat\u00e9gica\u00bb, afirm\u00f3 Bolsonaro\u00a0en declaraciones a periodistas al ser interrogado sobre la decisi\u00f3n de su equipo econ\u00f3mico de nombrar como\u00a0nuevo presidente de Petrobras al economista liberal Roberto Castello Branco, que ha defendido la privatizaci\u00f3n de la compa\u00f1\u00eda. El diputado ultraderechista afirm\u00f3 que ha conversado sobre&#8230;<\/p>\n","protected":false},"author":5,"featured_media":41603,"comment_status":"closed","ping_status":"open","sticky":false,"template":"","format":"standard","meta":{"_joinchat":[],"footnotes":""},"categories":[1720,1345],"tags":[],"class_list":["post-41602","post","type-post","status-publish","format-standard","has-post-thumbnail","hentry","category-general","category-noticias-internacionales","have-post-thumb"],"_links":{"self":[{"href":"https:\/\/www.evafm.net\/sitio\/wp-json\/wp\/v2\/posts\/41602","targetHints":{"allow":["GET"]}}],"collection":[{"href":"https:\/\/www.evafm.net\/sitio\/wp-json\/wp\/v2\/posts"}],"about":[{"href":"https:\/\/www.evafm.net\/sitio\/wp-json\/wp\/v2\/types\/post"}],"author":[{"embeddable":true,"href":"https:\/\/www.evafm.net\/sitio\/wp-json\/wp\/v2\/users\/5"}],"replies":[{"embeddable":true,"href":"https:\/\/www.evafm.net\/sitio\/wp-json\/wp\/v2\/comments?post=41602"}],"version-history":[{"count":1,"href":"https:\/\/www.evafm.net\/sitio\/wp-json\/wp\/v2\/posts\/41602\/revisions"}],"predecessor-version":[{"id":41604,"href":"https:\/\/www.evafm.net\/sitio\/wp-json\/wp\/v2\/posts\/41602\/revisions\/41604"}],"wp:featuredmedia":[{"embeddable":true,"href":"https:\/\/www.evafm.net\/sitio\/wp-json\/wp\/v2\/media\/41603"}],"wp:attachment":[{"href":"https:\/\/www.evafm.net\/sitio\/wp-json\/wp\/v2\/media?parent=41602"}],"wp:term":[{"taxonomy":"category","embeddable":true,"href":"https:\/\/www.evafm.net\/sitio\/wp-json\/wp\/v2\/categories?post=41602"},{"taxonomy":"post_tag","embeddable":true,"href":"https:\/\/www.evafm.net\/sitio\/wp-json\/wp\/v2\/tags?post=41602"}],"curies":[{"name":"wp","href":"https:\/\/api.w.org\/{rel}","templated":true}]}}