{"id":41624,"date":"2018-11-20T16:51:44","date_gmt":"2018-11-20T21:51:44","guid":{"rendered":"http:\/\/www.evafm.net\/sitio\/?p=41624"},"modified":"2018-11-20T16:51:44","modified_gmt":"2018-11-20T21:51:44","slug":"gobierno-toma-acciones-para-central-hidroelectrica-coca-codo-sinclair","status":"publish","type":"post","link":"https:\/\/www.evafm.net\/sitio\/gobierno-toma-acciones-para-central-hidroelectrica-coca-codo-sinclair\/","title":{"rendered":"Gobierno toma acciones para central hidroel\u00e9ctrica Coca Codo Sinclair"},"content":{"rendered":"<div class=\"location-event\">Quito &#8211;<\/div>\n<p>La Corporaci\u00f3n El\u00e9ctrica del Ecuador (CELEC EP) establecer\u00e1 varias medidas para garantizar el funcionamiento adecuado de la central hidroel\u00e9ctrica Coca Codo Sinclair.<\/p>\n<p>As\u00ed lo manifest\u00f3 su gerente Gonzalo Uquillas luego de un recorrido a esa obra, ubicada entre Napo y Sucumb\u00edos, realizado este martes.<\/p>\n<p>Entre las acciones est\u00e1n: que Sinohydro, firma china que construy\u00f3 la obra, implementar\u00e1 a su costo las recomendaciones que haga la\u00a0compa\u00f1\u00eda alemana TUV SUD para reparar microfisuras presentadas, la contrataci\u00f3n de una empresa fiscalizadora que verifique el trabajo ejecutado por la firma alemana y la compa\u00f1\u00eda china.<\/p>\n<p>Adem\u00e1s habr\u00e1 un proceso de veedur\u00eda t\u00e9cnica con la participaci\u00f3n de colegios de ingenieros el\u00e9ctricos y mec\u00e1nicos.<\/p>\n<p>Se estudia iniciar acciones legales por da\u00f1os y perjuicios contra el consorcio que recomend\u00f3 la recepci\u00f3n provisional de las fases uno y dos del proyecto. (I)<\/p>\n<p>Fuente: eluniverso.com<\/p>\n<div class=\"gsp_post_data\" \r\n\t            data-post_type=\"post\" \r\n\t            data-cat=\"general,noticias-ecuador\" \r\n\t            data-modified=\"120\"\r\n\t            data-created=\"1542732704\"\r\n\t            data-title=\"Gobierno toma acciones para central hidroel\u00e9ctrica Coca Codo Sinclair\" \r\n\t            data-home=\"https:\/\/www.evafm.net\/sitio\"><\/div>","protected":false},"excerpt":{"rendered":"<p>Quito &#8211; La Corporaci\u00f3n El\u00e9ctrica del Ecuador (CELEC EP) establecer\u00e1 varias medidas para garantizar el funcionamiento adecuado de la central hidroel\u00e9ctrica Coca Codo Sinclair. As\u00ed lo manifest\u00f3 su gerente Gonzalo Uquillas luego de un recorrido a esa obra, ubicada entre Napo y Sucumb\u00edos, realizado este martes. Entre las acciones est\u00e1n: que Sinohydro, firma china que&#8230;<\/p>\n","protected":false},"author":5,"featured_media":41625,"comment_status":"closed","ping_status":"open","sticky":false,"template":"","format":"standard","meta":{"_joinchat":[],"footnotes":""},"categories":[1720,1558],"tags":[],"class_list":["post-41624","post","type-post","status-publish","format-standard","has-post-thumbnail","hentry","category-general","category-noticias-ecuador","have-post-thumb"],"_links":{"self":[{"href":"https:\/\/www.evafm.net\/sitio\/wp-json\/wp\/v2\/posts\/41624","targetHints":{"allow":["GET"]}}],"collection":[{"href":"https:\/\/www.evafm.net\/sitio\/wp-json\/wp\/v2\/posts"}],"about":[{"href":"https:\/\/www.evafm.net\/sitio\/wp-json\/wp\/v2\/types\/post"}],"author":[{"embeddable":true,"href":"https:\/\/www.evafm.net\/sitio\/wp-json\/wp\/v2\/users\/5"}],"replies":[{"embeddable":true,"href":"https:\/\/www.evafm.net\/sitio\/wp-json\/wp\/v2\/comments?post=41624"}],"version-history":[{"count":1,"href":"https:\/\/www.evafm.net\/sitio\/wp-json\/wp\/v2\/posts\/41624\/revisions"}],"predecessor-version":[{"id":41626,"href":"https:\/\/www.evafm.net\/sitio\/wp-json\/wp\/v2\/posts\/41624\/revisions\/41626"}],"wp:featuredmedia":[{"embeddable":true,"href":"https:\/\/www.evafm.net\/sitio\/wp-json\/wp\/v2\/media\/41625"}],"wp:attachment":[{"href":"https:\/\/www.evafm.net\/sitio\/wp-json\/wp\/v2\/media?parent=41624"}],"wp:term":[{"taxonomy":"category","embeddable":true,"href":"https:\/\/www.evafm.net\/sitio\/wp-json\/wp\/v2\/categories?post=41624"},{"taxonomy":"post_tag","embeddable":true,"href":"https:\/\/www.evafm.net\/sitio\/wp-json\/wp\/v2\/tags?post=41624"}],"curies":[{"name":"wp","href":"https:\/\/api.w.org\/{rel}","templated":true}]}}