{"id":41659,"date":"2018-11-20T18:31:29","date_gmt":"2018-11-20T23:31:29","guid":{"rendered":"http:\/\/www.evafm.net\/sitio\/?p=41659"},"modified":"2018-11-20T18:31:29","modified_gmt":"2018-11-20T23:31:29","slug":"bestial-el-trailer-final-de-aquaman","status":"publish","type":"post","link":"https:\/\/www.evafm.net\/sitio\/bestial-el-trailer-final-de-aquaman\/","title":{"rendered":"Bestial el tr\u00e1iler final de Aquaman"},"content":{"rendered":"<p>Durante d\u00e9cadas Aquaman, h\u00e9roe de DC C\u00f3mics, fue considerado un mal chiste. Pero los poderes del personaje no son para ser tomados a la ligera, tal y como se aprecia en el adelanto final de la pel\u00edcula.<\/p>\n<p>El v\u00eddeo, que fue estrenado en la cuenta oficial de YouTube de Warner Bros., dura poco m\u00e1s de dos minutos y medio y en \u00e9l aparecen los personajes principales del filme, en el que resaltan los impresionantes efectos especiales.<\/p>\n<p>\u201cMis padres me convirtieron en lo que soy\u2026 Soy el protector de las profundidades\u201d, se escucha decir en una de las partes del clip a Jason Momoa, quien protagoniza la cinta d\u00e1ndole vida a Arthur Curry o \u201cAquaman\u201d.<\/p>\n<p>Asimismo, se acaba de anunciar que los suscriptores de Amazon Prime en Estados Unidos, podr\u00e1n ver \u201cAquaman\u201d una semana antes de su estreno en cines, en una proyecci\u00f3n especial que se realizar\u00e1 el 15 de diciembre en m\u00e1s 1,000 salas.<\/p>\n<p>El actor Jason Momoa es el encargado de dar vida a \u201cAquaman\u201d. El reparto de la pel\u00edcula est\u00e1 conformado por Amber Heard, Nicole Kidman, Randall Park, Patrick Wilson, Dolph Lundgren, Willem Dafoe, entre otros actores..<\/p>\n<p>La pel\u00edcula est\u00e1 basada en la historia de Arthur Curry o \u201cAquaman\u201d quien es criado en el mundo de los humanos, pero en realidad es el l\u00edder de un poderoso reino subacu\u00e1tico conocido como la Atl\u00e1ntida, al que deber\u00e1 regresar para poder salvarlo.<\/p>\n<p>\u201cAquaman\u201d es la cinta en solitario superh\u00e9roe acu\u00e1tico del universo de DC Comics, en la que se contar\u00e1n las aventuras del atlante tras los hechos ocurridos en \u201cLa Liga de la Justicia\u201d, pel\u00edcula que se estren\u00f3 en 2017.<\/p>\n<p><iframe title=\"AQUAMAN - Trailer Final - Oficial Warner Bros. Pictures\" width=\"1200\" height=\"675\" src=\"https:\/\/www.youtube.com\/embed\/FR1V6iRB02w?feature=oembed\" frameborder=\"0\" allow=\"accelerometer; autoplay; clipboard-write; encrypted-media; gyroscope; picture-in-picture; web-share\" referrerpolicy=\"strict-origin-when-cross-origin\" allowfullscreen><\/iframe><\/p>\n<p>Fuente: primerahora.com<\/p>\n<div class=\"gsp_post_data\" \r\n\t            data-post_type=\"post\" \r\n\t            data-cat=\"farandula-internacional\" \r\n\t            data-modified=\"120\"\r\n\t            data-created=\"1542738689\"\r\n\t            data-title=\"Bestial el tr\u00e1iler final de Aquaman\" \r\n\t            data-home=\"https:\/\/www.evafm.net\/sitio\"><\/div>","protected":false},"excerpt":{"rendered":"<p>Durante d\u00e9cadas Aquaman, h\u00e9roe de DC C\u00f3mics, fue considerado un mal chiste. Pero los poderes del personaje no son para ser tomados a la ligera, tal y como se aprecia en el adelanto final de la pel\u00edcula. El v\u00eddeo, que fue estrenado en la cuenta oficial de YouTube de Warner Bros., dura poco m\u00e1s de&#8230;<\/p>\n","protected":false},"author":5,"featured_media":41661,"comment_status":"closed","ping_status":"open","sticky":false,"template":"","format":"standard","meta":{"_joinchat":[],"footnotes":""},"categories":[1346],"tags":[],"class_list":["post-41659","post","type-post","status-publish","format-standard","has-post-thumbnail","hentry","category-farandula-internacional","have-post-thumb"],"_links":{"self":[{"href":"https:\/\/www.evafm.net\/sitio\/wp-json\/wp\/v2\/posts\/41659","targetHints":{"allow":["GET"]}}],"collection":[{"href":"https:\/\/www.evafm.net\/sitio\/wp-json\/wp\/v2\/posts"}],"about":[{"href":"https:\/\/www.evafm.net\/sitio\/wp-json\/wp\/v2\/types\/post"}],"author":[{"embeddable":true,"href":"https:\/\/www.evafm.net\/sitio\/wp-json\/wp\/v2\/users\/5"}],"replies":[{"embeddable":true,"href":"https:\/\/www.evafm.net\/sitio\/wp-json\/wp\/v2\/comments?post=41659"}],"version-history":[{"count":1,"href":"https:\/\/www.evafm.net\/sitio\/wp-json\/wp\/v2\/posts\/41659\/revisions"}],"predecessor-version":[{"id":41662,"href":"https:\/\/www.evafm.net\/sitio\/wp-json\/wp\/v2\/posts\/41659\/revisions\/41662"}],"wp:featuredmedia":[{"embeddable":true,"href":"https:\/\/www.evafm.net\/sitio\/wp-json\/wp\/v2\/media\/41661"}],"wp:attachment":[{"href":"https:\/\/www.evafm.net\/sitio\/wp-json\/wp\/v2\/media?parent=41659"}],"wp:term":[{"taxonomy":"category","embeddable":true,"href":"https:\/\/www.evafm.net\/sitio\/wp-json\/wp\/v2\/categories?post=41659"},{"taxonomy":"post_tag","embeddable":true,"href":"https:\/\/www.evafm.net\/sitio\/wp-json\/wp\/v2\/tags?post=41659"}],"curies":[{"name":"wp","href":"https:\/\/api.w.org\/{rel}","templated":true}]}}