{"id":41663,"date":"2018-11-20T18:51:34","date_gmt":"2018-11-20T23:51:34","guid":{"rendered":"http:\/\/www.evafm.net\/sitio\/?p=41663"},"modified":"2018-11-20T18:51:35","modified_gmt":"2018-11-20T23:51:35","slug":"david-bisbal-contra-salvame","status":"publish","type":"post","link":"https:\/\/www.evafm.net\/sitio\/david-bisbal-contra-salvame\/","title":{"rendered":"David Bisbal contra \u2018S\u00e1lvame\u2019"},"content":{"rendered":"<p><b>David Bisbal<\/b>\u00a0ha estallado contra \u2018S\u00e1lvame\u2019 despu\u00e9s que hablara con su madre sobre el proceso de separaci\u00f3n entre \u00e9l y su expareja,<b>\u00a0Elena Tablada<\/b>.<\/p>\n<p>El cantante almeriense era uno de los artistas invitados este lunes a la gala contra el sida\u00a0<b>People in Red<\/b>, celebrada en Barcelona.<\/p>\n<p>Su llegada caus\u00f3 gran revuelo pues confes\u00f3 a\u00a0<i>Chance<\/i>, al borde del llanto, \u201csab\u00e9is que yo de mis asuntos personales no hablo, pero tengo que decir una cosa muy importante.<\/p>\n<p><b>Hab\u00e9is enga\u00f1ado a mi madre<\/b>, una persona mayor que no est\u00e1 al 100% porque todo este tipo de cosas le afectan, eso no est\u00e1 bien\u201d.<\/p>\n<p><iframe title=\"Bisbal: &quot;Hab\u00e9is enga\u00f1ado a mi madre, una persona mayor&quot;\" width=\"1200\" height=\"675\" src=\"https:\/\/www.youtube.com\/embed\/B2ooh3Bnd8A?feature=oembed\" frameborder=\"0\" allow=\"accelerometer; autoplay; clipboard-write; encrypted-media; gyroscope; picture-in-picture; web-share\" referrerpolicy=\"strict-origin-when-cross-origin\" allowfullscreen><\/iframe><\/p>\n<p>Fuente: lavanguardia.com<\/p>\n<div class=\"gsp_post_data\" \r\n\t            data-post_type=\"post\" \r\n\t            data-cat=\"farandula-internacional\" \r\n\t            data-modified=\"120\"\r\n\t            data-created=\"1542739894\"\r\n\t            data-title=\"David Bisbal contra \u2018S\u00e1lvame\u2019\" \r\n\t            data-home=\"https:\/\/www.evafm.net\/sitio\"><\/div>","protected":false},"excerpt":{"rendered":"<p>David Bisbal\u00a0ha estallado contra \u2018S\u00e1lvame\u2019 despu\u00e9s que hablara con su madre sobre el proceso de separaci\u00f3n entre \u00e9l y su expareja,\u00a0Elena Tablada. El cantante almeriense era uno de los artistas invitados este lunes a la gala contra el sida\u00a0People in Red, celebrada en Barcelona. Su llegada caus\u00f3 gran revuelo pues confes\u00f3 a\u00a0Chance, al borde del&#8230;<\/p>\n","protected":false},"author":5,"featured_media":41665,"comment_status":"closed","ping_status":"open","sticky":false,"template":"","format":"standard","meta":{"_joinchat":[],"footnotes":""},"categories":[1346],"tags":[],"class_list":["post-41663","post","type-post","status-publish","format-standard","has-post-thumbnail","hentry","category-farandula-internacional","have-post-thumb"],"_links":{"self":[{"href":"https:\/\/www.evafm.net\/sitio\/wp-json\/wp\/v2\/posts\/41663","targetHints":{"allow":["GET"]}}],"collection":[{"href":"https:\/\/www.evafm.net\/sitio\/wp-json\/wp\/v2\/posts"}],"about":[{"href":"https:\/\/www.evafm.net\/sitio\/wp-json\/wp\/v2\/types\/post"}],"author":[{"embeddable":true,"href":"https:\/\/www.evafm.net\/sitio\/wp-json\/wp\/v2\/users\/5"}],"replies":[{"embeddable":true,"href":"https:\/\/www.evafm.net\/sitio\/wp-json\/wp\/v2\/comments?post=41663"}],"version-history":[{"count":1,"href":"https:\/\/www.evafm.net\/sitio\/wp-json\/wp\/v2\/posts\/41663\/revisions"}],"predecessor-version":[{"id":41666,"href":"https:\/\/www.evafm.net\/sitio\/wp-json\/wp\/v2\/posts\/41663\/revisions\/41666"}],"wp:featuredmedia":[{"embeddable":true,"href":"https:\/\/www.evafm.net\/sitio\/wp-json\/wp\/v2\/media\/41665"}],"wp:attachment":[{"href":"https:\/\/www.evafm.net\/sitio\/wp-json\/wp\/v2\/media?parent=41663"}],"wp:term":[{"taxonomy":"category","embeddable":true,"href":"https:\/\/www.evafm.net\/sitio\/wp-json\/wp\/v2\/categories?post=41663"},{"taxonomy":"post_tag","embeddable":true,"href":"https:\/\/www.evafm.net\/sitio\/wp-json\/wp\/v2\/tags?post=41663"}],"curies":[{"name":"wp","href":"https:\/\/api.w.org\/{rel}","templated":true}]}}