{"id":41667,"date":"2018-11-21T16:18:05","date_gmt":"2018-11-21T21:18:05","guid":{"rendered":"http:\/\/www.evafm.net\/sitio\/?p=41667"},"modified":"2018-11-21T16:18:05","modified_gmt":"2018-11-21T21:18:05","slug":"luis-verdesoto-y-esthela-acero-aceptan-designacion-de-autoridades-electorales","status":"publish","type":"post","link":"https:\/\/www.evafm.net\/sitio\/luis-verdesoto-y-esthela-acero-aceptan-designacion-de-autoridades-electorales\/","title":{"rendered":"Luis Verdesoto y Esthela Acero aceptan designaci\u00f3n de autoridades electorales"},"content":{"rendered":"<p><b>Esthela Acero<\/b>\u00a0y\u00a0<b>Luis Verdesoto<\/b>, vocales del\u00a0<b>Consejo Nacional Electoral (CNE)<\/b>, informaron que reconocen a las autoridades designadas, seg\u00fan expone el organismo electoral desde su cuenta oficial de Twitter, este mi\u00e9rcoles 21 de noviembre de 2018.<\/p>\n<p>Durante una reuni\u00f3n con medios de comunicaci\u00f3n, los consejeros indicaron adem\u00e1s \u2014seg\u00fan una publicaci\u00f3n en la misma red social\u2014 \u201cque no existe conflicto con otros miembros del cuerpo colegiado. Se trata de diferencias que ser\u00e1n resueltas a trav\u00e9s del di\u00e1logo\u201d.<\/p>\n<p>Esto luego de que el martes 20 de noviembre, tanto Verdesoto como Acero no asistieran a la\u00a0primera sesi\u00f3n del CNE, en la que s\u00ed estuvieron presentes la presidenta\u00a0<b>Diana Atamaint<\/b>, el vicepresidente<b>\u00a0Enrique Pita<\/b>\u00a0y el consejero\u00a0<b>Jos\u00e9 Cabrera<\/b>.<\/p>\n<p>Atamaint justific\u00f3 la decisi\u00f3n de reunirse con tres funcionarios debido a que hoy se deb\u00eda hacer la convocatoria a las\u00a0<b>elecciones seccionales<\/b>\u00a0para el 24 de marzo de 2019.<\/p>\n<p>Por su parte, el titular del\u00a0<b>Consejo de Participaci\u00f3n Ciudadana y Control Social (CPCCS)<\/b>, que nombr\u00f3 a las nuevas autoridades mediante concurso p\u00fablico, manifest\u00f3 que \u201cintegramos un CNE pluralista e independiente que no est\u00e1 bajo las \u00f3rdenes de nadie, mucho menos de nosotros, nuestra facultad termin\u00f3 en el momento en que les designamos\u201d.<\/p>\n<p>Los cinco miembros del ente electoral, quienes lo integrar\u00e1n durante seis a\u00f1os, fueron\u00a0posesionados\u00a0el martes en el Pleno de la<b>\u00a0Asamblea Nacional<\/b>.<\/p>\n<p>https:\/\/twitter.com\/CPCCS\/status\/1065272005124075520<\/p>\n<p>Fuente: expreso.ec &#8211; twitter.com<\/p>\n<div class=\"gsp_post_data\" \r\n\t            data-post_type=\"post\" \r\n\t            data-cat=\"general,noticias-ecuador\" \r\n\t            data-modified=\"120\"\r\n\t            data-created=\"1542817085\"\r\n\t            data-title=\"Luis Verdesoto y Esthela Acero aceptan designaci\u00f3n de autoridades electorales\" \r\n\t            data-home=\"https:\/\/www.evafm.net\/sitio\"><\/div>","protected":false},"excerpt":{"rendered":"<p>Esthela Acero\u00a0y\u00a0Luis Verdesoto, vocales del\u00a0Consejo Nacional Electoral (CNE), informaron que reconocen a las autoridades designadas, seg\u00fan expone el organismo electoral desde su cuenta oficial de Twitter, este mi\u00e9rcoles 21 de noviembre de 2018. Durante una reuni\u00f3n con medios de comunicaci\u00f3n, los consejeros indicaron adem\u00e1s \u2014seg\u00fan una publicaci\u00f3n en la misma red social\u2014 \u201cque no existe&#8230;<\/p>\n","protected":false},"author":5,"featured_media":41669,"comment_status":"closed","ping_status":"open","sticky":false,"template":"","format":"standard","meta":{"_joinchat":[],"footnotes":""},"categories":[1720,1558],"tags":[],"class_list":["post-41667","post","type-post","status-publish","format-standard","has-post-thumbnail","hentry","category-general","category-noticias-ecuador","have-post-thumb"],"_links":{"self":[{"href":"https:\/\/www.evafm.net\/sitio\/wp-json\/wp\/v2\/posts\/41667","targetHints":{"allow":["GET"]}}],"collection":[{"href":"https:\/\/www.evafm.net\/sitio\/wp-json\/wp\/v2\/posts"}],"about":[{"href":"https:\/\/www.evafm.net\/sitio\/wp-json\/wp\/v2\/types\/post"}],"author":[{"embeddable":true,"href":"https:\/\/www.evafm.net\/sitio\/wp-json\/wp\/v2\/users\/5"}],"replies":[{"embeddable":true,"href":"https:\/\/www.evafm.net\/sitio\/wp-json\/wp\/v2\/comments?post=41667"}],"version-history":[{"count":1,"href":"https:\/\/www.evafm.net\/sitio\/wp-json\/wp\/v2\/posts\/41667\/revisions"}],"predecessor-version":[{"id":41670,"href":"https:\/\/www.evafm.net\/sitio\/wp-json\/wp\/v2\/posts\/41667\/revisions\/41670"}],"wp:featuredmedia":[{"embeddable":true,"href":"https:\/\/www.evafm.net\/sitio\/wp-json\/wp\/v2\/media\/41669"}],"wp:attachment":[{"href":"https:\/\/www.evafm.net\/sitio\/wp-json\/wp\/v2\/media?parent=41667"}],"wp:term":[{"taxonomy":"category","embeddable":true,"href":"https:\/\/www.evafm.net\/sitio\/wp-json\/wp\/v2\/categories?post=41667"},{"taxonomy":"post_tag","embeddable":true,"href":"https:\/\/www.evafm.net\/sitio\/wp-json\/wp\/v2\/tags?post=41667"}],"curies":[{"name":"wp","href":"https:\/\/api.w.org\/{rel}","templated":true}]}}