{"id":41671,"date":"2018-11-21T16:28:54","date_gmt":"2018-11-21T21:28:54","guid":{"rendered":"http:\/\/www.evafm.net\/sitio\/?p=41671"},"modified":"2018-11-21T16:28:54","modified_gmt":"2018-11-21T21:28:54","slug":"unos-16-000-alumnos-de-la-universidad-de-cuenca-marcharon-por-el-presupuesto","status":"publish","type":"post","link":"https:\/\/www.evafm.net\/sitio\/unos-16-000-alumnos-de-la-universidad-de-cuenca-marcharon-por-el-presupuesto\/","title":{"rendered":"Unos 16.000 alumnos de la Universidad de Cuenca marcharon por el presupuesto"},"content":{"rendered":"<div class=\"location-event\">Cuenca &#8211;<\/div>\n<p>El acuerdo conseguido el lunes pasado entre las universidades p\u00fablicas y el\u00a0Gobierno Nacional\u00a0para que no se recorte sus asignaciones en el presupuesto de 2019, no fren\u00f3 la marcha organizada por la Universidad de Cuenca y que convoc\u00f3 este mi\u00e9rcoles a cerca de 16.000 estudiantes de doce facultades, adem\u00e1s de docentes, trabajadores e investigadores.<\/p>\n<p>La marcha inici\u00f3 en el campus central ubicado en la avenida Doce de Abril y avanz\u00f3 por la calle La Condamine para acceder al Centro Hist\u00f3rico.<\/p>\n<p>Fueron m\u00e1s de diez cuadras de marchantes que se motivaban con consignas como \u201cLen\u00edn (Moreno), escucha, la U est\u00e1 en la lucha\u201d o \u201cPor la U, nadie se cansa\u201d.<\/p>\n<p>Bernardo Vega, decano de la Facultad de Ciencias M\u00e9dicas, manifest\u00f3 que la marcha era necesaria porque aunque no se recort\u00f3 el presupuesto 2019, tampoco se lo increment\u00f3, lo que deriva -seg\u00fan dijo- en limitaciones para investigar y generar nuevos procesos educativos. Adem\u00e1s que a\u00fan se mantiene en ofrecimiento la autonom\u00eda universitaria en cuanto al manejo de recursos, pues a\u00fan todo el dinero generado por autogesti\u00f3n va a una cuenta \u00fanica del Banco Central del Ecuador, lo que limita su acceso, asegur\u00f3.<\/p>\n<p>Mientras que la vicerrectora Catalina Le\u00f3n acot\u00f3 que esta marcha no solo se enfoc\u00f3 en el dinero sino en garantizar a los estudiantes una universidad p\u00fablica, gratuita y de calidad. \u201cNo podemos estar todos los a\u00f1os reclamando el presupuesto. Un tema crucial para ellos (los estudiantes) es la autonom\u00eda\u201d.<\/p>\n<p>Yulisa L\u00f3pez lleg\u00f3 desde la provincia de El Oro para estudiar en la Facultad de Ciencias M\u00e9dicas. As\u00ed como ella, la Universidad acoge a cerca de 2.000 j\u00f3venes de provincias como Zamora o Ca\u00f1ar. En la marcha portaba un cartel donde se le\u00eda: \u201cEl pueblo lo dice y tiene raz\u00f3n. Primero lo primero, salud y educaci\u00f3n\u201d. Esta joven insisti\u00f3 en que una de sus preocupaciones es que, en caso de disminuir el presupuesto, su preparaci\u00f3n no ser\u00eda de las mejores y eso se notar\u00e1 cuando sea una profesional.<\/p>\n<p>Al final, el rector Pablo Vanegas, asever\u00f3 que m\u00e1s all\u00e1 de los acuerdos, la presencia de la universidad en las calles es para garantizar la autonom\u00eda en todo sentido y para los pr\u00f3ximos a\u00f1os.<strong>\u00a0(I)<\/strong><\/p>\n<p>Fuente: eluniverso.com<\/p>\n<div class=\"gsp_post_data\" \r\n\t            data-post_type=\"post\" \r\n\t            data-cat=\"noticias-ecuador\" \r\n\t            data-modified=\"120\"\r\n\t            data-created=\"1542817734\"\r\n\t            data-title=\"Unos 16.000 alumnos de la Universidad de Cuenca marcharon por el presupuesto\" \r\n\t            data-home=\"https:\/\/www.evafm.net\/sitio\"><\/div>","protected":false},"excerpt":{"rendered":"<p>Cuenca &#8211; El acuerdo conseguido el lunes pasado entre las universidades p\u00fablicas y el\u00a0Gobierno Nacional\u00a0para que no se recorte sus asignaciones en el presupuesto de 2019, no fren\u00f3 la marcha organizada por la Universidad de Cuenca y que convoc\u00f3 este mi\u00e9rcoles a cerca de 16.000 estudiantes de doce facultades, adem\u00e1s de docentes, trabajadores e investigadores&#8230;.<\/p>\n","protected":false},"author":5,"featured_media":41672,"comment_status":"closed","ping_status":"open","sticky":false,"template":"","format":"standard","meta":{"_joinchat":[],"footnotes":""},"categories":[1558],"tags":[],"class_list":["post-41671","post","type-post","status-publish","format-standard","has-post-thumbnail","hentry","category-noticias-ecuador","have-post-thumb"],"_links":{"self":[{"href":"https:\/\/www.evafm.net\/sitio\/wp-json\/wp\/v2\/posts\/41671","targetHints":{"allow":["GET"]}}],"collection":[{"href":"https:\/\/www.evafm.net\/sitio\/wp-json\/wp\/v2\/posts"}],"about":[{"href":"https:\/\/www.evafm.net\/sitio\/wp-json\/wp\/v2\/types\/post"}],"author":[{"embeddable":true,"href":"https:\/\/www.evafm.net\/sitio\/wp-json\/wp\/v2\/users\/5"}],"replies":[{"embeddable":true,"href":"https:\/\/www.evafm.net\/sitio\/wp-json\/wp\/v2\/comments?post=41671"}],"version-history":[{"count":1,"href":"https:\/\/www.evafm.net\/sitio\/wp-json\/wp\/v2\/posts\/41671\/revisions"}],"predecessor-version":[{"id":41673,"href":"https:\/\/www.evafm.net\/sitio\/wp-json\/wp\/v2\/posts\/41671\/revisions\/41673"}],"wp:featuredmedia":[{"embeddable":true,"href":"https:\/\/www.evafm.net\/sitio\/wp-json\/wp\/v2\/media\/41672"}],"wp:attachment":[{"href":"https:\/\/www.evafm.net\/sitio\/wp-json\/wp\/v2\/media?parent=41671"}],"wp:term":[{"taxonomy":"category","embeddable":true,"href":"https:\/\/www.evafm.net\/sitio\/wp-json\/wp\/v2\/categories?post=41671"},{"taxonomy":"post_tag","embeddable":true,"href":"https:\/\/www.evafm.net\/sitio\/wp-json\/wp\/v2\/tags?post=41671"}],"curies":[{"name":"wp","href":"https:\/\/api.w.org\/{rel}","templated":true}]}}