{"id":41674,"date":"2018-11-21T16:35:05","date_gmt":"2018-11-21T21:35:05","guid":{"rendered":"http:\/\/www.evafm.net\/sitio\/?p=41674"},"modified":"2018-11-21T16:35:05","modified_gmt":"2018-11-21T21:35:05","slug":"john-bolton-se-reunira-con-bolsonaro-en-brasil-el-29-de-noviembre","status":"publish","type":"post","link":"https:\/\/www.evafm.net\/sitio\/john-bolton-se-reunira-con-bolsonaro-en-brasil-el-29-de-noviembre\/","title":{"rendered":"John Bolton, se reunir\u00e1 con Bolsonaro en Brasil el 29 de noviembre"},"content":{"rendered":"<div class=\"row pb-content-type-text\">\n<div class=\"col-xs-12 col-print-12\">\n<p class=\"element element-paragraph\"><strong>John Bolton, el asesor de seguridad nacional del presidente estadounidense, Donald Trump, anunci\u00f3\u00a0el mi\u00e9rcoles que visitar\u00e1 R\u00edo de Janeiro<\/strong>\u00a0el pr\u00f3ximo 29 de noviembre para reunirse con el mandatario electo de Brasil, Jair Bolsonaro.<\/p>\n<\/div>\n<\/div>\n<div class=\"row pb-content-type-text\">\n<div class=\"col-xs-12 col-print-12\">\n<p class=\"element element-paragraph\">\u00abVer\u00e9 al pr\u00f3ximo presidente de Brasil, @JairBolsonaro, en R\u00edo el 29 de noviembre.\u00a0<strong>Compartimos muchos intereses bilaterales y trabajaremos estrechamente para expandir la libertad y la prosperidad por todo el continente americano\u00bb<\/strong>, escribi\u00f3 Bolton en su cuenta de Twitter.<\/p>\n<div class=\"row pb-content-type-text\">\n<div class=\"col-xs-12 col-print-12\">\n<p class=\"element element-paragraph\">Esta ser\u00e1 la primera reuni\u00f3n conocida entre el Gobierno estadounidense y Bolsonaro, y se producir\u00e1 en la v\u00edspera de la cumbre de l\u00edderes del G20 en Buenos Aires, a la que asistir\u00e1 Trump.<\/p>\n<\/div>\n<\/div>\n<div class=\"row pb-content-type-text\">\n<div id=\"\" class=\"wrapper clearfix pb-feature pb-layout-item pb-f-ads-dfp left-align\">\n<div id=\"inline\" class=\"ad-slot\"><\/div>\n<\/div>\n<div class=\"col-xs-12 col-print-12\">\n<p class=\"element element-paragraph\">El actual presidente de Brasil,\u00a0<strong>Michel Temer, invit\u00f3 este mes a Bolsonaro a acompa\u00f1arle a la cumbre del G20, pero fuentes del equipo del presidente electo dijeron que no le ser\u00eda posible aceptar<\/strong>, pues todav\u00eda requiere cuidados tras la cuchillada que sufri\u00f3 en un mitin electoral previo a las elecciones de octubre.<\/p>\n<\/div>\n<\/div>\n<div class=\"row pb-content-type-text\">\n<div class=\"col-xs-12 col-print-12\">\n<p class=\"element element-paragraph\"><strong>Bolton aprovechar\u00e1 por tanto el trayecto a Buenos Aires para hacer el d\u00eda anterior una parada en Brasil<\/strong>, en una nueva muestra del inter\u00e9s de la Casa Blanca en tejer una temprana relaci\u00f3n con el presidente electo.<\/p>\n<\/div>\n<\/div>\n<div class=\"row pb-content-type-text\">\n<div class=\"col-xs-12 col-print-12\">\n<p class=\"element element-paragraph\"><strong>Trump telefone\u00f3 a Bolsonaro el pasado 29 de octubre para felicitarle por su victoria electoral y acord\u00f3 \u00abtrabajar estrechamente\u00bb<\/strong>\u00a0con \u00e9l \u00aben materia comercial, militar y todo lo dem\u00e1s\u00bb, seg\u00fan explic\u00f3 entonces en un mensaje publicado en Twitter.<\/p>\n<div class=\"row pb-content-type-text\">\n<div class=\"col-xs-12 col-print-12\">\n<p class=\"element element-paragraph\">Por su parte,\u00a0<strong>Bolton describi\u00f3 a Bolsonaro como un \u00abaliado de ideas afines\u00bb durante un discurso sobre Latinoam\u00e9rica<\/strong>\u00a0que dio a comienzos de este mes en Miami, y el secretario de Estado estadounidense, Mike Pompeo, tambi\u00e9n ha hablado sobre Venezuela con el presidente electo brasile\u00f1o.<\/p>\n<\/div>\n<\/div>\n<div class=\"row pb-content-type-text\">\n<div class=\"col-xs-12 col-print-12\">\n<p class=\"element element-paragraph\">El ultraderechista Bolsonaro recibi\u00f3 el apodo del<strong>\u00a0\u00abDonald Trump brasile\u00f1o\u00bb durante la campa\u00f1a electoral<\/strong>, debido a su admiraci\u00f3n por el presidente estadounidense y su historial de declaraciones de tinte machista y racista, adem\u00e1s de por su costumbre de rebatir las cr\u00edticas calific\u00e1ndolas de \u00abfake news\u00bb (\u00abnoticias falsas\u00bb).<\/p>\n<\/div>\n<\/div>\n<div class=\"row pb-content-type-text\">\n<div class=\"col-xs-12 col-print-12\">\n<p class=\"element element-paragraph\">Aunque la\u00a0<strong>Casa Blanca ha minimizado esas comparaciones, tambi\u00e9n ha dejado claro su inter\u00e9s en entablar una buena relaci\u00f3n con Bolsonaro<\/strong>, que asumir\u00e1 el poder el 1 de enero.<\/p>\n<blockquote class=\"twitter-tweet\" data-width=\"550\" data-dnt=\"true\">\n<p lang=\"en\" dir=\"ltr\">Look forward to seeing Brazil\u2019s next President <a href=\"https:\/\/twitter.com\/jairbolsonaro?ref_src=twsrc%5Etfw\">@JairBolsonaro<\/a> in Rio on November 29th. We share many bilateral interests and will work closely on expanding freedom and prosperity throughout the Western Hemisphere.<\/p>\n<p>&mdash; John Bolton (@AmbJohnBolton) <a href=\"https:\/\/twitter.com\/AmbJohnBolton\/status\/1065313120594186241?ref_src=twsrc%5Etfw\">November 21, 2018<\/a><\/p><\/blockquote>\n<p><script async src=\"https:\/\/platform.twitter.com\/widgets.js\" charset=\"utf-8\"><\/script><\/p>\n<p>Con informaci\u00f3n de EFE<\/p>\n<\/div>\n<\/div>\n<\/div>\n<\/div>\n<\/div>\n<\/div>\n<div class=\"gsp_post_data\" \r\n\t            data-post_type=\"post\" \r\n\t            data-cat=\"general,noticias-internacionales\" \r\n\t            data-modified=\"120\"\r\n\t            data-created=\"1542818105\"\r\n\t            data-title=\"John Bolton, se reunir\u00e1 con Bolsonaro en Brasil el 29 de noviembre\" \r\n\t            data-home=\"https:\/\/www.evafm.net\/sitio\"><\/div>","protected":false},"excerpt":{"rendered":"<p>John Bolton, el asesor de seguridad nacional del presidente estadounidense, Donald Trump, anunci\u00f3\u00a0el mi\u00e9rcoles que visitar\u00e1 R\u00edo de Janeiro\u00a0el pr\u00f3ximo 29 de noviembre para reunirse con el mandatario electo de Brasil, Jair Bolsonaro. \u00abVer\u00e9 al pr\u00f3ximo presidente de Brasil, @JairBolsonaro, en R\u00edo el 29 de noviembre.\u00a0Compartimos muchos intereses bilaterales y trabajaremos estrechamente para expandir la&#8230;<\/p>\n","protected":false},"author":5,"featured_media":41676,"comment_status":"closed","ping_status":"open","sticky":false,"template":"","format":"standard","meta":{"_joinchat":[],"footnotes":""},"categories":[1720,1345],"tags":[],"class_list":["post-41674","post","type-post","status-publish","format-standard","has-post-thumbnail","hentry","category-general","category-noticias-internacionales","have-post-thumb"],"_links":{"self":[{"href":"https:\/\/www.evafm.net\/sitio\/wp-json\/wp\/v2\/posts\/41674","targetHints":{"allow":["GET"]}}],"collection":[{"href":"https:\/\/www.evafm.net\/sitio\/wp-json\/wp\/v2\/posts"}],"about":[{"href":"https:\/\/www.evafm.net\/sitio\/wp-json\/wp\/v2\/types\/post"}],"author":[{"embeddable":true,"href":"https:\/\/www.evafm.net\/sitio\/wp-json\/wp\/v2\/users\/5"}],"replies":[{"embeddable":true,"href":"https:\/\/www.evafm.net\/sitio\/wp-json\/wp\/v2\/comments?post=41674"}],"version-history":[{"count":1,"href":"https:\/\/www.evafm.net\/sitio\/wp-json\/wp\/v2\/posts\/41674\/revisions"}],"predecessor-version":[{"id":41677,"href":"https:\/\/www.evafm.net\/sitio\/wp-json\/wp\/v2\/posts\/41674\/revisions\/41677"}],"wp:featuredmedia":[{"embeddable":true,"href":"https:\/\/www.evafm.net\/sitio\/wp-json\/wp\/v2\/media\/41676"}],"wp:attachment":[{"href":"https:\/\/www.evafm.net\/sitio\/wp-json\/wp\/v2\/media?parent=41674"}],"wp:term":[{"taxonomy":"category","embeddable":true,"href":"https:\/\/www.evafm.net\/sitio\/wp-json\/wp\/v2\/categories?post=41674"},{"taxonomy":"post_tag","embeddable":true,"href":"https:\/\/www.evafm.net\/sitio\/wp-json\/wp\/v2\/tags?post=41674"}],"curies":[{"name":"wp","href":"https:\/\/api.w.org\/{rel}","templated":true}]}}