{"id":41678,"date":"2018-11-21T16:50:59","date_gmt":"2018-11-21T21:50:59","guid":{"rendered":"http:\/\/www.evafm.net\/sitio\/?p=41678"},"modified":"2018-11-21T16:50:59","modified_gmt":"2018-11-21T21:50:59","slug":"jose-mujica-decidio-no-asistir-a-g20-en-argentina","status":"publish","type":"post","link":"https:\/\/www.evafm.net\/sitio\/jose-mujica-decidio-no-asistir-a-g20-en-argentina\/","title":{"rendered":"Jos\u00e9 Mujica decidi\u00f3 no asistir a G20 en Argentina"},"content":{"rendered":"<div class=\"row pb-content-type-text\">\n<div class=\"col-xs-12 col-print-12\">\n<p class=\"element element-paragraph\">Jos\u00e9 \u00abPepe\u00bb Mujica, ex presidente de Uruguay (2010-2015), finalmente\u00a0<strong>no asisti\u00f3 este martes a un Foro de Pensamiento Cr\u00edtico previo al G20 de Buenos Aires<\/strong>\u00a0para no \u00abcrear obst\u00e1culos\u00bb entre ambos pa\u00edses, afirm\u00f3 en una carta publicada en Twitter.<\/p>\n<\/div>\n<\/div>\n<div class=\"row pb-content-type-text\">\n<div class=\"col-xs-12 col-print-12\">\n<p class=\"element element-paragraph\">El ex mandatario\u00a0deb\u00eda encabezar el I Foro Mundial de Pensamiento Cr\u00edtico este martes en la capital argentina y\u00a0<strong>brindar una charla titulada \u00abAm\u00e9rica Latina: miedo, esperanza utop\u00eda\u00bb.<\/strong><\/p>\n<\/div>\n<\/div>\n<div class=\"row pb-content-type-text\">\n<div class=\"col-xs-12 col-print-12\">\n<p class=\"element element-paragraph\">El evento, pensado originalmente para el debate entre investigadores e intelectuales, fue lanzado el lunes por las ex presidentes Dilma Rousseff (Brasil) y Cristina Fern\u00e1ndez de Kirchner (Argentina)<strong>.<\/strong><\/p>\n<\/div>\n<\/div>\n<div class=\"row pb-content-type-text\">\n<div class=\"col-xs-12 col-print-12\">\n<p class=\"element element-paragraph\">\u00abCada vez que acontecimientos fortuitos de cualquier \u00edndole afectaron esa relaci\u00f3n (entre Uruguay y Argentina) mi pueblo, sufri\u00f3 las consecuencias. Hace mucho tiempo que me compromet\u00ed (\u2026) a participar de un evento sobre la Integraci\u00f3n Latinoamericana. En estos d\u00edas,\u00a0<strong>los medios de prensa cultivan la imagen de una contracumbre\u00bb<\/strong>, expres\u00f3 Mujica en la carta publicada por su agrupaci\u00f3n pol\u00edtica.<\/p>\n<\/div>\n<\/div>\n<div class=\"row pb-content-type-text\">\n<div id=\"\" class=\"wrapper clearfix pb-feature pb-layout-item pb-f-ads-dfp left-align\">\n<div id=\"inline\" class=\"ad-slot\">\u00abEntiendo que no es esa la intenci\u00f3n\u00bb de los organizadores, \u00abpero\u00a0<strong>no debo contribuir a crear obst\u00e1culos<\/strong>\u00a0subjetivos como los que abundaron en la historia del R\u00edo de la Plata.<\/div>\n<div class=\"ad-slot\">Estoy obligado a ser muy prudente en esta tan especial coyuntura y colaborar con el inter\u00e9s de mi gobierno y mi pueblo\u00bb, a\u00f1ade, sin mayores datos, y lamenta \u00abno poder cumplir el compromiso acordado\u00bb.<\/div>\n<div>\n<div class=\"row pb-content-type-text\">\n<div class=\"col-xs-12 col-print-12\">\n<p class=\"element element-paragraph\">Rousseff y Kirchner llamaron a construir frentes populares\u00a0<strong>para enfrentar a la derecha en Am\u00e9rica Latina<\/strong>, en un evento a pocos d\u00edas del G20 de presidentes que recibir\u00e1 Buenos Aires del 30 de noviembre al 1\u00b0 de diciembre.<\/p>\n<\/div>\n<\/div>\n<div class=\"row pb-content-type-text\">\n<div class=\"col-xs-12 col-print-12\">\n<p class=\"element element-paragraph\">Rousseff fue destituida por el Congreso brasile\u00f1o y Kirchner fue encausada como jefa de una asociaci\u00f3n il\u00edcita en la causa que estall\u00f3 este a\u00f1o conocida como\u00a0<strong>\u00ablos cuadernos de la corrupci\u00f3n\u00bb.<\/strong><\/p>\n<\/div>\n<\/div>\n<div class=\"row pb-content-type-text\">\n<div class=\"col-xs-12 col-print-12\">\n<p class=\"element element-paragraph\">La causa remite a supuestos sobornos millonarios que habr\u00edan pagado importantes empresarios a cambio de obtener contratos de obra p\u00fablica entre 2003 y 2015, durante los gobiernos de Cristina Kirchner y de su esposo N\u00e9stor, ya fallecido.<\/p>\n<div class=\"row pb-content-type-text\">\n<div class=\"col-xs-12 col-print-12\">\n<p class=\"element element-paragraph\">Medio centenar de personas, entre ex funcionarios del gobierno y empresarios, han sido imputados y varios se han acogido a la figura del arrepentido\u00a0<strong>que les permite permanecer en libertad a cambio de colaborar con la Justicia.<\/strong><\/p>\n<\/div>\n<\/div>\n<div class=\"row pb-content-type-text\">\n<div class=\"col-xs-12 col-print-12\">\n<p class=\"element element-paragraph\">La ex presidenta argentina\u00a0<strong>acumula siete procesos judiciales en su contra.<\/strong><\/p>\n<\/div>\n<\/div>\n<div class=\"row pb-content-type-text\">\n<div class=\"col-xs-12 col-print-12\">\n<p class=\"element element-paragraph\">En Brasil, el ex presidente Luis In\u00e1cio Lula da Silva (2003-2011), padrino pol\u00edtico de Rousseff,\u00a0<strong>purga una pena de 12 a\u00f1os de prisi\u00f3n por corrupci\u00f3n pasiva y lavado de activos.<\/strong><\/p>\n<div class=\"single-image\">\n<div class=\"shares\">\n<div class=\"share-button facebook\"><\/div>\n<\/div>\n<p><img decoding=\"async\" id=\"CJWG5ILGRZBKLOB5T4MAV53VFU\" class=\"image-lazy\" src=\"https:\/\/www.infobae.com\/new-resizer\/oE_lcEivh19bhv4HDVoIPqHiyhg=\/600x0\/filters:quality(100)\/s3.amazonaws.com\/arc-wordpress-client-uploads\/infobae-wp\/wp-content\/uploads\/2018\/11\/19111125\/CLACSO-Primer-foro-mundial-del-pensamiento-critico-30.jpg\" alt=\"Dilma Rousseff particip\u00f3 del Foro de Pensamiento Cr\u00edtico (Matias Baglietto)\" width=\"750\" height=\"421.42857142857144\" \/><\/div>\n<p><span class=\"credit\">Dilma Rousseff particip\u00f3 del Foro de Pensamiento Cr\u00edtico (Matias Baglietto)<\/span><\/p>\n<div class=\"single-image\">\n<div class=\"shares\">\n<div class=\"share-button facebook\"><\/div>\n<\/div>\n<p><img decoding=\"async\" id=\"FOH2PPOC5JBZBIVFUXSM3LPDGM\" class=\"image-lazy\" src=\"https:\/\/www.infobae.com\/new-resizer\/OJIe6PjZK3CG_0oppMQ-H6ZC3zk=\/600x0\/filters:quality(100)\/s3.amazonaws.com\/arc-wordpress-client-uploads\/infobae-wp\/wp-content\/uploads\/2018\/11\/19134305\/CLACSO-Primer-foro-mundial-del-pensamiento-critico-73.jpg\" alt=\"Cristina Fern\u00e1ndez de Kirchner encabez\u00f3 el acto en Buenos Aires (Matias Baglietto)\" width=\"750\" height=\"421.42857142857144\" \/><\/div>\n<p><span class=\"credit\">Cristina Fern\u00e1ndez de Kirchner encabez\u00f3 el acto en Buenos Aires (Matias Baglietto)<\/span><\/p>\n<div class=\"row pb-content-type-image\">\n<figure class=\"element element-image col-xs-12\">\n<div class=\"single-image\">\n<div class=\"shares\">\n<div class=\"share-button facebook\"><\/div>\n<\/div>\n<\/div>\n<\/figure>\n<\/div>\n<\/div>\n<\/div>\n<div class=\"row pb-content-type-text\">\n<div class=\"col-xs-12 col-print-12\">\n<p class=\"element element-paragraph\">Con informaci\u00f3n de AFP<\/p>\n<\/div>\n<\/div>\n<\/div>\n<\/div>\n<\/div>\n<\/div>\n<\/div>\n<div class=\"gsp_post_data\" \r\n\t            data-post_type=\"post\" \r\n\t            data-cat=\"noticias-internacionales\" \r\n\t            data-modified=\"120\"\r\n\t            data-created=\"1542819059\"\r\n\t            data-title=\"Jos\u00e9 Mujica decidi\u00f3 no asistir a G20 en Argentina\" \r\n\t            data-home=\"https:\/\/www.evafm.net\/sitio\"><\/div>","protected":false},"excerpt":{"rendered":"<p>Jos\u00e9 \u00abPepe\u00bb Mujica, ex presidente de Uruguay (2010-2015), finalmente\u00a0no asisti\u00f3 este martes a un Foro de Pensamiento Cr\u00edtico previo al G20 de Buenos Aires\u00a0para no \u00abcrear obst\u00e1culos\u00bb entre ambos pa\u00edses, afirm\u00f3 en una carta publicada en Twitter. El ex mandatario\u00a0deb\u00eda encabezar el I Foro Mundial de Pensamiento Cr\u00edtico este martes en la capital argentina y\u00a0brindar&#8230;<\/p>\n","protected":false},"author":5,"featured_media":41679,"comment_status":"closed","ping_status":"open","sticky":false,"template":"","format":"standard","meta":{"_joinchat":[],"footnotes":""},"categories":[1345],"tags":[],"class_list":["post-41678","post","type-post","status-publish","format-standard","has-post-thumbnail","hentry","category-noticias-internacionales","have-post-thumb"],"_links":{"self":[{"href":"https:\/\/www.evafm.net\/sitio\/wp-json\/wp\/v2\/posts\/41678","targetHints":{"allow":["GET"]}}],"collection":[{"href":"https:\/\/www.evafm.net\/sitio\/wp-json\/wp\/v2\/posts"}],"about":[{"href":"https:\/\/www.evafm.net\/sitio\/wp-json\/wp\/v2\/types\/post"}],"author":[{"embeddable":true,"href":"https:\/\/www.evafm.net\/sitio\/wp-json\/wp\/v2\/users\/5"}],"replies":[{"embeddable":true,"href":"https:\/\/www.evafm.net\/sitio\/wp-json\/wp\/v2\/comments?post=41678"}],"version-history":[{"count":1,"href":"https:\/\/www.evafm.net\/sitio\/wp-json\/wp\/v2\/posts\/41678\/revisions"}],"predecessor-version":[{"id":41680,"href":"https:\/\/www.evafm.net\/sitio\/wp-json\/wp\/v2\/posts\/41678\/revisions\/41680"}],"wp:featuredmedia":[{"embeddable":true,"href":"https:\/\/www.evafm.net\/sitio\/wp-json\/wp\/v2\/media\/41679"}],"wp:attachment":[{"href":"https:\/\/www.evafm.net\/sitio\/wp-json\/wp\/v2\/media?parent=41678"}],"wp:term":[{"taxonomy":"category","embeddable":true,"href":"https:\/\/www.evafm.net\/sitio\/wp-json\/wp\/v2\/categories?post=41678"},{"taxonomy":"post_tag","embeddable":true,"href":"https:\/\/www.evafm.net\/sitio\/wp-json\/wp\/v2\/tags?post=41678"}],"curies":[{"name":"wp","href":"https:\/\/api.w.org\/{rel}","templated":true}]}}