{"id":41681,"date":"2018-11-21T16:54:58","date_gmt":"2018-11-21T21:54:58","guid":{"rendered":"http:\/\/www.evafm.net\/sitio\/?p=41681"},"modified":"2018-11-21T16:54:58","modified_gmt":"2018-11-21T21:54:58","slug":"futbolista-michael-arroyo-fue-suspendido-de-manera-indefinida-por-la-fef","status":"publish","type":"post","link":"https:\/\/www.evafm.net\/sitio\/futbolista-michael-arroyo-fue-suspendido-de-manera-indefinida-por-la-fef\/","title":{"rendered":"Futbolista Michael Arroyo fue suspendido de manera indefinida por la FEF"},"content":{"rendered":"<p>La Comisi\u00f3n Disciplinaria de la Federaci\u00f3n Ecuatoriana de F\u00fatbol (FEF) decidi\u00f3 este martes abrirle un expediente a Michael Arroyo y llamarlo a rendir declaraciones, luego de que se confirm\u00f3 que el futbolista de Barcelona dio positivo en un control de dopaje, situaci\u00f3n que el jugador de 31 a\u00f1os afronta por segunda ocasi\u00f3n en su carrera deportiva.<\/p>\n<p>\u201cLa comisi\u00f3n ha resuelto abrir el expediente respectivo y convocarle al jugador (a rendir declaraciones). Est\u00e1 citado para el pr\u00f3ximo mi\u00e9rcoles (28 de noviembre) a las 09:30\u201d, detall\u00f3 Galo S\u00e1nchez, principal de dicha mesa de la FEF.<\/p>\n<p>El delegado de la Ecuaf\u00fatbol a\u00f1adi\u00f3 que el representante de Arroyo se reuni\u00f3 ya con la Comisi\u00f3n M\u00e9dica de la FEF y rechaz\u00f3 acceder al an\u00e1lisis de una muestra B, uno de los recursos que podr\u00eda usar en su defensa.<\/p>\n<p>En tanto, el abogado de Barcelona, Jorge Reinoso, detall\u00f3 que la sustancia prohibida hallada en la prueba es la hidroclorotiazida, un diur\u00e9tico.<\/p>\n<p>\u201cDe acuerdo a lo que determina FIFA y nuestro reglamento, el jugador est\u00e1 ya suspendido. Las sanciones por dopaje son internacionales autom\u00e1ticamente\u201d, dijo S\u00e1nchez.<\/p>\n<p>Fuente: eluniverso.com<\/p>\n<div class=\"gsp_post_data\" \r\n\t            data-post_type=\"post\" \r\n\t            data-cat=\"deportes-ecuador,general\" \r\n\t            data-modified=\"120\"\r\n\t            data-created=\"1542819298\"\r\n\t            data-title=\"Futbolista Michael Arroyo fue suspendido de manera indefinida por la FEF\" \r\n\t            data-home=\"https:\/\/www.evafm.net\/sitio\"><\/div>","protected":false},"excerpt":{"rendered":"<p>La Comisi\u00f3n Disciplinaria de la Federaci\u00f3n Ecuatoriana de F\u00fatbol (FEF) decidi\u00f3 este martes abrirle un expediente a Michael Arroyo y llamarlo a rendir declaraciones, luego de que se confirm\u00f3 que el futbolista de Barcelona dio positivo en un control de dopaje, situaci\u00f3n que el jugador de 31 a\u00f1os afronta por segunda ocasi\u00f3n en su carrera&#8230;<\/p>\n","protected":false},"author":5,"featured_media":41682,"comment_status":"closed","ping_status":"open","sticky":false,"template":"","format":"standard","meta":{"_joinchat":[],"footnotes":""},"categories":[1557,1720],"tags":[],"class_list":["post-41681","post","type-post","status-publish","format-standard","has-post-thumbnail","hentry","category-deportes-ecuador","category-general","have-post-thumb"],"_links":{"self":[{"href":"https:\/\/www.evafm.net\/sitio\/wp-json\/wp\/v2\/posts\/41681","targetHints":{"allow":["GET"]}}],"collection":[{"href":"https:\/\/www.evafm.net\/sitio\/wp-json\/wp\/v2\/posts"}],"about":[{"href":"https:\/\/www.evafm.net\/sitio\/wp-json\/wp\/v2\/types\/post"}],"author":[{"embeddable":true,"href":"https:\/\/www.evafm.net\/sitio\/wp-json\/wp\/v2\/users\/5"}],"replies":[{"embeddable":true,"href":"https:\/\/www.evafm.net\/sitio\/wp-json\/wp\/v2\/comments?post=41681"}],"version-history":[{"count":1,"href":"https:\/\/www.evafm.net\/sitio\/wp-json\/wp\/v2\/posts\/41681\/revisions"}],"predecessor-version":[{"id":41683,"href":"https:\/\/www.evafm.net\/sitio\/wp-json\/wp\/v2\/posts\/41681\/revisions\/41683"}],"wp:featuredmedia":[{"embeddable":true,"href":"https:\/\/www.evafm.net\/sitio\/wp-json\/wp\/v2\/media\/41682"}],"wp:attachment":[{"href":"https:\/\/www.evafm.net\/sitio\/wp-json\/wp\/v2\/media?parent=41681"}],"wp:term":[{"taxonomy":"category","embeddable":true,"href":"https:\/\/www.evafm.net\/sitio\/wp-json\/wp\/v2\/categories?post=41681"},{"taxonomy":"post_tag","embeddable":true,"href":"https:\/\/www.evafm.net\/sitio\/wp-json\/wp\/v2\/tags?post=41681"}],"curies":[{"name":"wp","href":"https:\/\/api.w.org\/{rel}","templated":true}]}}