{"id":41699,"date":"2018-11-21T18:37:06","date_gmt":"2018-11-21T23:37:06","guid":{"rendered":"http:\/\/www.evafm.net\/sitio\/?p=41699"},"modified":"2018-11-21T18:37:06","modified_gmt":"2018-11-21T23:37:06","slug":"taylor-swift-se-despide-de-su-discografica","status":"publish","type":"post","link":"https:\/\/www.evafm.net\/sitio\/taylor-swift-se-despide-de-su-discografica\/","title":{"rendered":"Taylor Swift se despide de su discogr\u00e1fica"},"content":{"rendered":"<p>MADRID.<\/p>\n<p class=\"letter-capitular\">Con un melanc\u00f3lico mensaje se ha despedido\u00a0<strong>Taylor Swift\u00a0<\/strong>de su casa discogr\u00e1fica,\u00a0<strong>Big Machine Records<\/strong>, tras vivir anoche su \u00faltimo concierto juntos.<\/p>\n<p>La cantante ha querido darle un homenaje a la compa\u00f1\u00eda que la lanz\u00f3 a la fama, publicando una imagen del concierto en su perfil de Instagram, con la que le dec\u00eda adi\u00f3s a pesar de que no pod\u00eda creer que ser\u00eda la \u00faltima vez que estuvieran juntos.<\/p>\n<p>\u00abEs tan dif\u00edcil creer que esta noche ser\u00e1 la \u00faltima vez que usemos estos disfraces, juguemos esta lista de canciones, hagamos esta coreograf\u00eda y luego nos despidamos del &#8216;Reputation Stadium Tour'\u00bb, confes\u00f3 la cantante emocionada.<\/p>\n<p>Y es que la artista quiere dar un cambio en su carrera musical, y para lograrlo una de las decisiones tomadas es cambiar contrato discogr\u00e1fico, e irse ahora con\u00a0<strong>Republic Records\u00a0<\/strong>y<strong>\u00a0Universal Music<\/strong>. Otro paso de cara al futuro que tambi\u00e9n expon\u00eda en su perfil anunciando el cambio en una fotograf\u00eda donde posaba con sus nuevos\u00a0<em>managers<\/em>.<\/p>\n<p>Adem\u00e1s, en el contrato ha firmado que a partir de ahora todas las grabaciones originales que componga Taylor pertenecer\u00e1n a ella misma y no a la discogr\u00e1fica. Hay que recordar que estos a\u00f1os atr\u00e1s, la joven ha luchado constantemente por conseguir que sus canciones fueran \u00fanica y exclusivamente de su derecho.<\/p>\n<p>Un nuevo camino que emprende la de Pensilvania que seguro ha acertado, porque aqu\u00ed tiene la oportunidad de seguir creciendo como artista y cosechar toda una carrera musical que al final vea recompensada en ella misma.<\/p>\n<p>https:\/\/www.instagram.com\/p\/BqbqZt-lY7d\/?utm_source=ig_web_copy_link<\/p>\n<p>cmd<\/p>\n<p>Fuente: excelsior.com.mx<\/p>\n<p>&nbsp;<\/p>\n<div class=\"gsp_post_data\" \r\n\t            data-post_type=\"post\" \r\n\t            data-cat=\"farandula-internacional\" \r\n\t            data-modified=\"120\"\r\n\t            data-created=\"1542825426\"\r\n\t            data-title=\"Taylor Swift se despide de su discogr\u00e1fica\" \r\n\t            data-home=\"https:\/\/www.evafm.net\/sitio\"><\/div>","protected":false},"excerpt":{"rendered":"<p>MADRID. Con un melanc\u00f3lico mensaje se ha despedido\u00a0Taylor Swift\u00a0de su casa discogr\u00e1fica,\u00a0Big Machine Records, tras vivir anoche su \u00faltimo concierto juntos. La cantante ha querido darle un homenaje a la compa\u00f1\u00eda que la lanz\u00f3 a la fama, publicando una imagen del concierto en su perfil de Instagram, con la que le dec\u00eda adi\u00f3s a pesar&#8230;<\/p>\n","protected":false},"author":5,"featured_media":41701,"comment_status":"closed","ping_status":"open","sticky":false,"template":"","format":"standard","meta":{"_joinchat":[],"footnotes":""},"categories":[1346],"tags":[],"class_list":["post-41699","post","type-post","status-publish","format-standard","has-post-thumbnail","hentry","category-farandula-internacional","have-post-thumb"],"_links":{"self":[{"href":"https:\/\/www.evafm.net\/sitio\/wp-json\/wp\/v2\/posts\/41699","targetHints":{"allow":["GET"]}}],"collection":[{"href":"https:\/\/www.evafm.net\/sitio\/wp-json\/wp\/v2\/posts"}],"about":[{"href":"https:\/\/www.evafm.net\/sitio\/wp-json\/wp\/v2\/types\/post"}],"author":[{"embeddable":true,"href":"https:\/\/www.evafm.net\/sitio\/wp-json\/wp\/v2\/users\/5"}],"replies":[{"embeddable":true,"href":"https:\/\/www.evafm.net\/sitio\/wp-json\/wp\/v2\/comments?post=41699"}],"version-history":[{"count":1,"href":"https:\/\/www.evafm.net\/sitio\/wp-json\/wp\/v2\/posts\/41699\/revisions"}],"predecessor-version":[{"id":41702,"href":"https:\/\/www.evafm.net\/sitio\/wp-json\/wp\/v2\/posts\/41699\/revisions\/41702"}],"wp:featuredmedia":[{"embeddable":true,"href":"https:\/\/www.evafm.net\/sitio\/wp-json\/wp\/v2\/media\/41701"}],"wp:attachment":[{"href":"https:\/\/www.evafm.net\/sitio\/wp-json\/wp\/v2\/media?parent=41699"}],"wp:term":[{"taxonomy":"category","embeddable":true,"href":"https:\/\/www.evafm.net\/sitio\/wp-json\/wp\/v2\/categories?post=41699"},{"taxonomy":"post_tag","embeddable":true,"href":"https:\/\/www.evafm.net\/sitio\/wp-json\/wp\/v2\/tags?post=41699"}],"curies":[{"name":"wp","href":"https:\/\/api.w.org\/{rel}","templated":true}]}}