{"id":41720,"date":"2018-11-22T16:46:55","date_gmt":"2018-11-22T21:46:55","guid":{"rendered":"http:\/\/www.evafm.net\/sitio\/?p=41720"},"modified":"2018-11-22T16:46:55","modified_gmt":"2018-11-22T21:46:55","slug":"angelina-jolie-contra-brad-pitt-quien-ganara","status":"publish","type":"post","link":"https:\/\/www.evafm.net\/sitio\/angelina-jolie-contra-brad-pitt-quien-ganara\/","title":{"rendered":"Angelina Jolie contra Brad Pitt: qui\u00e9n ganar\u00e1"},"content":{"rendered":"<div class=\"row pb-content-type-text\">\n<div class=\"col-xs-12 col-print-12\">\n<p class=\"element element-paragraph\">Desde que se separaron en 2016<strong>\u00a0Brad Pitt y Angelina Jolie<\/strong>\u00a0iniciaron una amarga batalla que, al parecer, pronto llegar\u00eda a su fin.\u00a0Los actores aparentemente est\u00e1n cerca de firmar un acuerdo con respecto a la custodia de sus seis hijos, seg\u00fan\u00a0report\u00f3\u00a0<em><strong>The Blast.<\/strong><\/em><\/p>\n<\/div>\n<\/div>\n<div class=\"row pb-content-type-text\">\n<div class=\"col-xs-12 col-print-12\">\n<p class=\"element element-paragraph\">Seg\u00fan las fuentes del citado medio, el actor de 54 a\u00f1os y la actriz de 43 est\u00e1n quieren cerrar el caso porque \u00ab<strong>se dieron cuenta de que la lucha en curso solo est\u00e1 perjudicando a los ni\u00f1os\u00bb.<\/strong><\/p>\n<\/div>\n<\/div>\n<div class=\"row pb-content-type-text\">\n<div class=\"col-xs-12 col-print-12\">\n<p class=\"element element-paragraph\">La ganadora del Oscar busca la custodia total de los menores, mientras que el actor pide que sea compartida. La ex pareja tiene como objetivo \u00ab<strong>concluir las negociaciones antes de que comience el juicio de la custodia<\/strong>\u00ab, que\u00a0comenzar\u00e1 el 4 de diciembre\u00a0 y durar\u00e1 entre dos y tres semanas, seg\u00fan inform\u00f3\u00a0<em>TMZ<\/em>.<\/p>\n<\/div>\n<\/div>\n<div class=\"row pb-content-type-text\">\n<div class=\"col-xs-12 col-print-12\">\n<p class=\"element element-paragraph\">A pesar de que\u00a0<strong>Jolie lucha por que Pitt reciba la custodia m\u00ednima<\/strong>, el acuerdo \u00ab<strong>incluir\u00e1 una cantidad sustancial de tiempo concedido al actor\u00bb.\u00a0\u00a0<\/strong>Sin embargo, las dos partes a\u00fan no han firmado arreglo.<\/p>\n<\/div>\n<\/div>\n<div class=\"row pb-content-type-text\">\n<div id=\"\" class=\"wrapper clearfix pb-feature pb-layout-item pb-f-ads-dfp left-align\">\n<div id=\"inline\" class=\"ad-slot\">Luego,\u00a0<strong>tendr\u00e1n que poner en orden sus finanzas<\/strong>\u00a0debido a que<strong>\u00a0no firmaron\u00a0un acuerdo prenupcial<\/strong>\u00a0cuando se casaron el 23 de agosto de 2014 en Francia.<\/div>\n<\/div>\n<div class=\"col-xs-12 col-print-12\">\n<div class=\"row pb-content-type-text\">\n<div class=\"col-xs-12 col-print-12\">\n<p class=\"element element-paragraph\">De acuerdo con la revista\u00a0<em>US Weekly<\/em>, Pitt fue quien se acerc\u00f3 a su ex para encontrar una soluci\u00f3n y \u00abpersuadirla\u00bb de que una audiencia\u00a0<strong>\u00abcausar\u00e1 un da\u00f1o psicol\u00f3gico duradero a sus hijos\u00bb<\/strong>, seg\u00fan revel\u00f3 la fuente del medio. \u00abNo habr\u00e1 ganadores, no importa lo que decida el juez\u00bb.<\/p>\n<\/div>\n<\/div>\n<div class=\"row pb-content-type-text\">\n<div class=\"col-xs-12 col-print-12\">\n<p class=\"element element-paragraph\">Los actores, que estuvieron m\u00e1s de una d\u00e9cada juntos, son padres de seis hijos: Maddox, de 17 a\u00f1os; Pax, 14; Zahara, 13; Shiloh, 12; y los mellizos Knox y Vivienne, de 10 a\u00f1os.<\/p>\n<\/div>\n<\/div>\n<div class=\"row pb-content-type-text\">\n<div class=\"col-xs-12 col-print-12\">\n<p class=\"element element-paragraph\">La pareja se comprometi\u00f3 en abril de 2012 y se cas\u00f3 el 23 de agosto de 2014, despu\u00e9s de nueve a\u00f1os juntos.\u00a0Jolie solicit\u00f3 el divorcio de Pitt el\u00a0<strong>19 de septiembre de 2016<\/strong>, citando \u00abdiferencias irreconciliables\u00bb.<\/p>\n<\/div>\n<\/div>\n<div class=\"row pb-content-type-text\">\n<div class=\"col-xs-12 col-print-12\">\n<p class=\"element element-paragraph\">Justo unos d\u00edas antes de la solicitud, hubo un<strong>\u00a0supuesto altercado que involucraba a\u00a0Pitt y Maddox, su hijo mayor,<\/strong>\u00a0a bordo de un avi\u00f3n privado que se dirig\u00eda desde Niza, Francia a Los \u00c1ngeles, California.<strong>\u00a0Tras una investigaci\u00f3n por violencia dom\u00e9stica, el actor fue\u00a0absuelto.\u00a0<\/strong><\/p>\n<div class=\"row pb-content-type-image\">\n<figure class=\"element element-image col-xs-12\">\n<div class=\"single-image\"><img decoding=\"async\" id=\"4G4GQ3TY3JHF5HBOKXTDXOOGMQ\" class=\"image-lazy\" src=\"https:\/\/www.infobae.com\/new-resizer\/imJu2iRBb012sD24RcbCVB7bvqs=\/600x0\/filters:quality(100)\/s3.amazonaws.com\/arc-wordpress-client-uploads\/infobae-wp\/wp-content\/uploads\/2016\/10\/17082857\/Guarda-espalda-familia-brad-pitt-angelina-jolie-11.jpg\" alt=\"Angelina Jolie y Brad Pitt se enfrentar\u00e1n en un juicio el 4 de diciembre (Archivo)\" width=\"750\" height=\"777.34375\" \/><\/div><figcaption class=\"\"><span class=\"credit\">Angelina Jolie y Brad Pitt se enfrentar\u00e1n en un juicio el 4 de diciembre (Archivo)<\/span><\/figcaption><\/figure>\n<\/div>\n<div class=\"row pb-content-type-image\">\n<figure class=\"element element-image col-xs-12\">\n<div class=\"single-image\">\n<div class=\"shares\">\n<div class=\"share-button facebook\"><\/div>\n<\/div>\n<p><img decoding=\"async\" id=\"DQLDDQW3GVDTLDJHLL6CVZMP2I\" class=\"image-lazy\" src=\"https:\/\/www.infobae.com\/new-resizer\/UiMM2nHnBOVAIpRjJzKr4veKoIA=\/600x0\/filters:quality(100)\/s3.amazonaws.com\/arc-wordpress-client-uploads\/infobae-wp\/wp-content\/uploads\/2016\/09\/20120536\/angelina.jpg\" alt=\"\" width=\"750\" height=\"421.484375\" \/><\/div><figcaption class=\"\"><\/figcaption><\/figure>\n<\/div>\n<div class=\"row pb-content-type-image\">\n<figure class=\"element element-image col-xs-12\">\n<div class=\"single-image\">\n<div class=\"shares\">\n<div class=\"share-button facebook\"><\/div>\n<\/div>\n<p><img decoding=\"async\" id=\"V5OGZ6AQLBHJZGSU2W75VGX6CM\" class=\"image-lazy\" src=\"https:\/\/www.infobae.com\/new-resizer\/jCi5f0Wp0kUQ2enP_5KHJ5jS5BI=\/600x0\/filters:quality(100)\/s3.amazonaws.com\/arc-wordpress-client-uploads\/infobae-wp\/wp-content\/uploads\/2016\/09\/20120512\/brad-angie.jpg\" alt=\"Brad Pitt con sus hijos y Angelina Jolie\" width=\"750\" height=\"421.484375\" \/><\/div><figcaption class=\"\"><span class=\"credit\">Brad Pitt con sus hijos y Angelina Jolie.<\/p>\n<p>Fuente: infobae.com<\/span><\/figcaption><\/figure>\n<\/div>\n<\/div>\n<\/div>\n<\/div>\n<\/div>\n<div class=\"gsp_post_data\" \r\n\t            data-post_type=\"post\" \r\n\t            data-cat=\"farandula-internacional,general\" \r\n\t            data-modified=\"120\"\r\n\t            data-created=\"1542905215\"\r\n\t            data-title=\"Angelina Jolie contra Brad Pitt: qui\u00e9n ganar\u00e1\" \r\n\t            data-home=\"https:\/\/www.evafm.net\/sitio\"><\/div>","protected":false},"excerpt":{"rendered":"<p>Desde que se separaron en 2016\u00a0Brad Pitt y Angelina Jolie\u00a0iniciaron una amarga batalla que, al parecer, pronto llegar\u00eda a su fin.\u00a0Los actores aparentemente est\u00e1n cerca de firmar un acuerdo con respecto a la custodia de sus seis hijos, seg\u00fan\u00a0report\u00f3\u00a0The Blast. Seg\u00fan las fuentes del citado medio, el actor de 54 a\u00f1os y la actriz de&#8230;<\/p>\n","protected":false},"author":5,"featured_media":41721,"comment_status":"closed","ping_status":"open","sticky":false,"template":"","format":"standard","meta":{"_joinchat":[],"footnotes":""},"categories":[1346,1720],"tags":[],"class_list":["post-41720","post","type-post","status-publish","format-standard","has-post-thumbnail","hentry","category-farandula-internacional","category-general","have-post-thumb"],"_links":{"self":[{"href":"https:\/\/www.evafm.net\/sitio\/wp-json\/wp\/v2\/posts\/41720","targetHints":{"allow":["GET"]}}],"collection":[{"href":"https:\/\/www.evafm.net\/sitio\/wp-json\/wp\/v2\/posts"}],"about":[{"href":"https:\/\/www.evafm.net\/sitio\/wp-json\/wp\/v2\/types\/post"}],"author":[{"embeddable":true,"href":"https:\/\/www.evafm.net\/sitio\/wp-json\/wp\/v2\/users\/5"}],"replies":[{"embeddable":true,"href":"https:\/\/www.evafm.net\/sitio\/wp-json\/wp\/v2\/comments?post=41720"}],"version-history":[{"count":1,"href":"https:\/\/www.evafm.net\/sitio\/wp-json\/wp\/v2\/posts\/41720\/revisions"}],"predecessor-version":[{"id":41722,"href":"https:\/\/www.evafm.net\/sitio\/wp-json\/wp\/v2\/posts\/41720\/revisions\/41722"}],"wp:featuredmedia":[{"embeddable":true,"href":"https:\/\/www.evafm.net\/sitio\/wp-json\/wp\/v2\/media\/41721"}],"wp:attachment":[{"href":"https:\/\/www.evafm.net\/sitio\/wp-json\/wp\/v2\/media?parent=41720"}],"wp:term":[{"taxonomy":"category","embeddable":true,"href":"https:\/\/www.evafm.net\/sitio\/wp-json\/wp\/v2\/categories?post=41720"},{"taxonomy":"post_tag","embeddable":true,"href":"https:\/\/www.evafm.net\/sitio\/wp-json\/wp\/v2\/tags?post=41720"}],"curies":[{"name":"wp","href":"https:\/\/api.w.org\/{rel}","templated":true}]}}