{"id":41738,"date":"2018-11-22T17:32:04","date_gmt":"2018-11-22T22:32:04","guid":{"rendered":"http:\/\/www.evafm.net\/sitio\/?p=41738"},"modified":"2018-11-22T17:32:04","modified_gmt":"2018-11-22T22:32:04","slug":"kate-del-castillo-no-testificara-en-juicio-de-el-chapo","status":"publish","type":"post","link":"https:\/\/www.evafm.net\/sitio\/kate-del-castillo-no-testificara-en-juicio-de-el-chapo\/","title":{"rendered":"Kate del Castillo no testificar\u00e1 en juicio de \u2018El Chapo\u2019"},"content":{"rendered":"<p>En d\u00edas pasados se inform\u00f3 que Kate del Castillo estaba contemplada para testificar en el\u00a0juicio\u00a0en contra de\u00a0Joaqu\u00edn \u201cEl Chapo\u201d Guzm\u00e1n, pues sus v\u00ednculos con \u00e9l eran un factor determinante para la sentencia final; sin embargo, es ella misma quien afirma que esta noticia es totalmente falsa y por el momento las autoridades no la han buscado para que rinda su declaraci\u00f3n.<\/p>\n<p>En entrevista con\u00a0\u2018Suelta la Sopa\u2019, la actriz se\u00f1al\u00f3 que no tiene pensado involucrarse m\u00e1s en los asuntos relacionados con el narcotraficante y que mientras no le hablen y le digan que debe declarar, su prioridad es continuar con su carrera y enfocarse en las posibilidades de regresar a M\u00e9xico a finales de este a\u00f1o.<\/p>\n<p>\u201cHasta ahorita no me han llamado. \u00a1Gracias a Dios! As\u00ed que no voy a ir a testificar en el juicio.<\/p>\n<p>Nunca se me avis\u00f3, as\u00ed que no. S\u00ed me he enterado de algunas cosas que pasaron en el proceso, pero la verdad es que no tengo tiempo de seguir paso a paso c\u00f3mo van las cosas ni quiero averiguarlo\u201d, asegur\u00f3 Kate.<\/p>\n<p>En otros temas, la protagonista de la serie \u201cIngobernable\u201d neg\u00f3 que vaya a posar sin ropa en la portada de Playboy, esto luego de que hace unos d\u00edas compartiera en sus redes sociales una fotograf\u00eda en la que luce su cuerpo en un vestido verde y nombra a la marca agradeci\u00e9ndole por la imagen.<\/p>\n<p>Recordemos que la actriz mexicana se convirti\u00f3 en protagonista de un esc\u00e1ndalo medi\u00e1tico, en 2016, luego de que se hiciera p\u00fablica su relaci\u00f3n con el l\u00edder del c\u00e1rtel de Sinaloa, con quien se reuni\u00f3 mientras estaba pr\u00f3fugo.<\/p>\n<p>https:\/\/www.instagram.com\/p\/Bp0kyMzj5z7\/?utm_source=ig_web_copy_link<\/p>\n<p>https:\/\/www.instagram.com\/p\/Bpo7CggDtxU\/?utm_source=ig_web_copy_link<\/p>\n<p>Fuente: mundohispanico.com &#8211; instagram.com<\/p>\n<div class=\"gsp_post_data\" \r\n\t            data-post_type=\"post\" \r\n\t            data-cat=\"farandula-internacional\" \r\n\t            data-modified=\"120\"\r\n\t            data-created=\"1542907924\"\r\n\t            data-title=\"Kate del Castillo no testificar\u00e1 en juicio de \u2018El Chapo\u2019\" \r\n\t            data-home=\"https:\/\/www.evafm.net\/sitio\"><\/div>","protected":false},"excerpt":{"rendered":"<p>En d\u00edas pasados se inform\u00f3 que Kate del Castillo estaba contemplada para testificar en el\u00a0juicio\u00a0en contra de\u00a0Joaqu\u00edn \u201cEl Chapo\u201d Guzm\u00e1n, pues sus v\u00ednculos con \u00e9l eran un factor determinante para la sentencia final; sin embargo, es ella misma quien afirma que esta noticia es totalmente falsa y por el momento las autoridades no la han&#8230;<\/p>\n","protected":false},"author":5,"featured_media":41741,"comment_status":"closed","ping_status":"open","sticky":false,"template":"","format":"standard","meta":{"_joinchat":[],"footnotes":""},"categories":[1346],"tags":[],"class_list":["post-41738","post","type-post","status-publish","format-standard","has-post-thumbnail","hentry","category-farandula-internacional","have-post-thumb"],"_links":{"self":[{"href":"https:\/\/www.evafm.net\/sitio\/wp-json\/wp\/v2\/posts\/41738","targetHints":{"allow":["GET"]}}],"collection":[{"href":"https:\/\/www.evafm.net\/sitio\/wp-json\/wp\/v2\/posts"}],"about":[{"href":"https:\/\/www.evafm.net\/sitio\/wp-json\/wp\/v2\/types\/post"}],"author":[{"embeddable":true,"href":"https:\/\/www.evafm.net\/sitio\/wp-json\/wp\/v2\/users\/5"}],"replies":[{"embeddable":true,"href":"https:\/\/www.evafm.net\/sitio\/wp-json\/wp\/v2\/comments?post=41738"}],"version-history":[{"count":1,"href":"https:\/\/www.evafm.net\/sitio\/wp-json\/wp\/v2\/posts\/41738\/revisions"}],"predecessor-version":[{"id":41742,"href":"https:\/\/www.evafm.net\/sitio\/wp-json\/wp\/v2\/posts\/41738\/revisions\/41742"}],"wp:featuredmedia":[{"embeddable":true,"href":"https:\/\/www.evafm.net\/sitio\/wp-json\/wp\/v2\/media\/41741"}],"wp:attachment":[{"href":"https:\/\/www.evafm.net\/sitio\/wp-json\/wp\/v2\/media?parent=41738"}],"wp:term":[{"taxonomy":"category","embeddable":true,"href":"https:\/\/www.evafm.net\/sitio\/wp-json\/wp\/v2\/categories?post=41738"},{"taxonomy":"post_tag","embeddable":true,"href":"https:\/\/www.evafm.net\/sitio\/wp-json\/wp\/v2\/tags?post=41738"}],"curies":[{"name":"wp","href":"https:\/\/api.w.org\/{rel}","templated":true}]}}