{"id":41743,"date":"2018-11-22T17:45:46","date_gmt":"2018-11-22T22:45:46","guid":{"rendered":"http:\/\/www.evafm.net\/sitio\/?p=41743"},"modified":"2018-11-22T17:45:46","modified_gmt":"2018-11-22T22:45:46","slug":"jose-ayovi-casi-fuera-de-barcelona-sc","status":"publish","type":"post","link":"https:\/\/www.evafm.net\/sitio\/jose-ayovi-casi-fuera-de-barcelona-sc\/","title":{"rendered":"Jos\u00e9 Ayov\u00ed, casi fuera de Barcelona SC"},"content":{"rendered":"<p>El delantero esmeralde\u00f1o\u00a0<strong>Jos\u00e9 Ayov\u00ed<\/strong>, quien retorn\u00f3 a\u00a0<strong>Barcelona SC<\/strong>\u00a0en julio anterior, est\u00e1 acordando su desvinculaci\u00f3n de la instituci\u00f3n amarilla a cuatro jornadas del final de la segunda etapa del campeonato nacional.<\/p>\n<p>En su vuelta al Monumental no respondi\u00f3 a la calidad de \u2018refuerzo\u2019 porque solo aline\u00f3 en ocho partidos, en uno apenas como titular. Su desempe\u00f1o fue irregular y solo anot\u00f3 un tanto.<\/p>\n<p>Carlos Alfaro Moreno, vicepresidente deportivo de Barcelona, le confirm\u00f3 este jueves a EL UNIVERSO que se \u00abest\u00e1 rescindiendo el contrato\u00bb de Ayov\u00ed.<\/p>\n<p>El directivo agreg\u00f3: \u00abEntiendo que ma\u00f1ana se har\u00e1 un comunicado oficial\u201d sobre la salida del atacante de 26 a\u00f1os.<\/p>\n<p>Mientras, Jos\u00e9 Chamorro, representante de Ayov\u00ed, puntualiz\u00f3 a este medio \u201cestamos terminando de mutuo acuerdo\u201d.<\/p>\n<p>Jos\u00e9 Ayov\u00ed lleg\u00f3 al club canario en julio procedente del elenco Cafetaleros de Tapachula, de la Divisi\u00f3n de Ascenso del f\u00fatbol\u00a0mexicano.<\/p>\n<p>Entre tanto Barcelona jugar\u00e1 como visitante el s\u00e1bado (20:30) contra Independiente del Valle, por la jornada 20 de la segunda etapa.<\/p>\n<p>Los amarillos son sextos con 28 unidades. (D)<\/p>\n<p>Fuente: eluniverso.com<\/p>\n<div class=\"gsp_post_data\" \r\n\t            data-post_type=\"post\" \r\n\t            data-cat=\"deportes-ecuador,general\" \r\n\t            data-modified=\"120\"\r\n\t            data-created=\"1542908746\"\r\n\t            data-title=\"Jos\u00e9 Ayov\u00ed, casi fuera de Barcelona SC\" \r\n\t            data-home=\"https:\/\/www.evafm.net\/sitio\"><\/div>","protected":false},"excerpt":{"rendered":"<p>El delantero esmeralde\u00f1o\u00a0Jos\u00e9 Ayov\u00ed, quien retorn\u00f3 a\u00a0Barcelona SC\u00a0en julio anterior, est\u00e1 acordando su desvinculaci\u00f3n de la instituci\u00f3n amarilla a cuatro jornadas del final de la segunda etapa del campeonato nacional. En su vuelta al Monumental no respondi\u00f3 a la calidad de \u2018refuerzo\u2019 porque solo aline\u00f3 en ocho partidos, en uno apenas como titular. Su desempe\u00f1o&#8230;<\/p>\n","protected":false},"author":5,"featured_media":41744,"comment_status":"closed","ping_status":"open","sticky":false,"template":"","format":"standard","meta":{"_joinchat":[],"footnotes":""},"categories":[1557,1720],"tags":[],"class_list":["post-41743","post","type-post","status-publish","format-standard","has-post-thumbnail","hentry","category-deportes-ecuador","category-general","have-post-thumb"],"_links":{"self":[{"href":"https:\/\/www.evafm.net\/sitio\/wp-json\/wp\/v2\/posts\/41743","targetHints":{"allow":["GET"]}}],"collection":[{"href":"https:\/\/www.evafm.net\/sitio\/wp-json\/wp\/v2\/posts"}],"about":[{"href":"https:\/\/www.evafm.net\/sitio\/wp-json\/wp\/v2\/types\/post"}],"author":[{"embeddable":true,"href":"https:\/\/www.evafm.net\/sitio\/wp-json\/wp\/v2\/users\/5"}],"replies":[{"embeddable":true,"href":"https:\/\/www.evafm.net\/sitio\/wp-json\/wp\/v2\/comments?post=41743"}],"version-history":[{"count":1,"href":"https:\/\/www.evafm.net\/sitio\/wp-json\/wp\/v2\/posts\/41743\/revisions"}],"predecessor-version":[{"id":41745,"href":"https:\/\/www.evafm.net\/sitio\/wp-json\/wp\/v2\/posts\/41743\/revisions\/41745"}],"wp:featuredmedia":[{"embeddable":true,"href":"https:\/\/www.evafm.net\/sitio\/wp-json\/wp\/v2\/media\/41744"}],"wp:attachment":[{"href":"https:\/\/www.evafm.net\/sitio\/wp-json\/wp\/v2\/media?parent=41743"}],"wp:term":[{"taxonomy":"category","embeddable":true,"href":"https:\/\/www.evafm.net\/sitio\/wp-json\/wp\/v2\/categories?post=41743"},{"taxonomy":"post_tag","embeddable":true,"href":"https:\/\/www.evafm.net\/sitio\/wp-json\/wp\/v2\/tags?post=41743"}],"curies":[{"name":"wp","href":"https:\/\/api.w.org\/{rel}","templated":true}]}}