{"id":41749,"date":"2018-11-22T17:53:30","date_gmt":"2018-11-22T22:53:30","guid":{"rendered":"http:\/\/www.evafm.net\/sitio\/?p=41749"},"modified":"2018-11-22T17:53:30","modified_gmt":"2018-11-22T22:53:30","slug":"lluvia-y-granizada-cayo-en-el-centro-de-quito","status":"publish","type":"post","link":"https:\/\/www.evafm.net\/sitio\/lluvia-y-granizada-cayo-en-el-centro-de-quito\/","title":{"rendered":"Lluvia y granizada cay\u00f3 en el centro de Quito"},"content":{"rendered":"<div class=\"location-event\">Quito &#8211;<\/div>\n<p>Un fuerte aguacero con granizo y rayos cay\u00f3 este jueves en el centro de\u00a0Quito, lo que provoc\u00f3 congesti\u00f3n vehicular y la inundaci\u00f3n de calles y viviendas. Seg\u00fan el sistema de emergencias ECU 911 se registraron 18 llamadas de emergencia durante los 40 minutos que dur\u00f3 la tormenta.<\/p>\n<p>Los pedidos de auxilio correspondieron a los barrios Santa Clara, El Tejar, La Loma, San Sebasti\u00e1n, Toctiuco y San Juan, en medio de los que se encuentra buena parte del casco colonial de la capital.<\/p>\n<p>En otras zonas de la ciudad llovi\u00f3 al mediod\u00eda o no hubo precipitaciones. El Cuerpo de Bomberos y el ECU 911, no obstante, exhortaron a la ciudadan\u00eda -a trav\u00e9s de sus cuentas de redes sociales- a tomar precauciones para resguardarse de las granizadas y de las congestiones vehiculares.<\/p>\n<p>El Instituto de Meteorolog\u00eda e Hidrolog\u00eda (Inamhi) inform\u00f3 que en la zona norte del callej\u00f3n de la Sierra y de la Amazon\u00eda se detect\u00f3 la convergencia de humedad acumulada de d\u00edas anteriores, lo que provoc\u00f3 precipitaciones de variable intensidad con tormentas el\u00e9ctricas y viento moderado.<strong>\u00a0(I)<\/strong><\/p>\n<p>Fuente: eluniverso.com<\/p>\n<div class=\"gsp_post_data\" \r\n\t            data-post_type=\"post\" \r\n\t            data-cat=\"general,noticias-ecuador\" \r\n\t            data-modified=\"120\"\r\n\t            data-created=\"1542909210\"\r\n\t            data-title=\"Lluvia y granizada cay\u00f3 en el centro de Quito\" \r\n\t            data-home=\"https:\/\/www.evafm.net\/sitio\"><\/div>","protected":false},"excerpt":{"rendered":"<p>Quito &#8211; Un fuerte aguacero con granizo y rayos cay\u00f3 este jueves en el centro de\u00a0Quito, lo que provoc\u00f3 congesti\u00f3n vehicular y la inundaci\u00f3n de calles y viviendas. Seg\u00fan el sistema de emergencias ECU 911 se registraron 18 llamadas de emergencia durante los 40 minutos que dur\u00f3 la tormenta. Los pedidos de auxilio correspondieron a&#8230;<\/p>\n","protected":false},"author":5,"featured_media":41750,"comment_status":"closed","ping_status":"open","sticky":false,"template":"","format":"standard","meta":{"_joinchat":[],"footnotes":""},"categories":[1720,1558],"tags":[],"class_list":["post-41749","post","type-post","status-publish","format-standard","has-post-thumbnail","hentry","category-general","category-noticias-ecuador","have-post-thumb"],"_links":{"self":[{"href":"https:\/\/www.evafm.net\/sitio\/wp-json\/wp\/v2\/posts\/41749","targetHints":{"allow":["GET"]}}],"collection":[{"href":"https:\/\/www.evafm.net\/sitio\/wp-json\/wp\/v2\/posts"}],"about":[{"href":"https:\/\/www.evafm.net\/sitio\/wp-json\/wp\/v2\/types\/post"}],"author":[{"embeddable":true,"href":"https:\/\/www.evafm.net\/sitio\/wp-json\/wp\/v2\/users\/5"}],"replies":[{"embeddable":true,"href":"https:\/\/www.evafm.net\/sitio\/wp-json\/wp\/v2\/comments?post=41749"}],"version-history":[{"count":1,"href":"https:\/\/www.evafm.net\/sitio\/wp-json\/wp\/v2\/posts\/41749\/revisions"}],"predecessor-version":[{"id":41751,"href":"https:\/\/www.evafm.net\/sitio\/wp-json\/wp\/v2\/posts\/41749\/revisions\/41751"}],"wp:featuredmedia":[{"embeddable":true,"href":"https:\/\/www.evafm.net\/sitio\/wp-json\/wp\/v2\/media\/41750"}],"wp:attachment":[{"href":"https:\/\/www.evafm.net\/sitio\/wp-json\/wp\/v2\/media?parent=41749"}],"wp:term":[{"taxonomy":"category","embeddable":true,"href":"https:\/\/www.evafm.net\/sitio\/wp-json\/wp\/v2\/categories?post=41749"},{"taxonomy":"post_tag","embeddable":true,"href":"https:\/\/www.evafm.net\/sitio\/wp-json\/wp\/v2\/tags?post=41749"}],"curies":[{"name":"wp","href":"https:\/\/api.w.org\/{rel}","templated":true}]}}