{"id":41752,"date":"2018-11-22T19:00:45","date_gmt":"2018-11-23T00:00:45","guid":{"rendered":"http:\/\/www.evafm.net\/sitio\/?p=41752"},"modified":"2018-11-22T19:00:45","modified_gmt":"2018-11-23T00:00:45","slug":"la-defensa-de-los-militares-pide-investigar-a-los-oficiales","status":"publish","type":"post","link":"https:\/\/www.evafm.net\/sitio\/la-defensa-de-los-militares-pide-investigar-a-los-oficiales\/","title":{"rendered":"La defensa de los militares pide investigar a los oficiales"},"content":{"rendered":"<p>Es dif\u00edcilmente cre\u00edble que en el supuesto tr\u00e1fico il\u00edcito de armas para el grupo de\u00a0<b>alias<\/b>\u00a0<b>Guacho<\/b>\u00a0se encuentren involucrados solo miembros de tropa del\u00a0<b>Ej\u00e9rcito<\/b>.<\/p>\n<p>Al menos ese es el criterio de los\u00a0<b>abogados<\/b>\u00a0que defienden a los uniformados detenidos en octubre junto con seis civiles. Por eso los defensores han solicitado que los jefes de los dep\u00f3sitos de armas den sus versiones.<\/p>\n<p>Cuando fueron detenidos los siete\u00a0<b>militares<\/b>\u00a0y un servidor del Ministerio de Defensa, el ministro\u00a0<b>Oswaldo<\/b>\u00a0<b>Jarr\u00edn<\/b>\u00a0asegur\u00f3 que no hab\u00eda ning\u00fan oficial de las\u00a0<b>FF. AA.<\/b>\u00a0involucrado. Ofreci\u00f3 que, en caso de existir, lo informar\u00eda a su debido tiempo.<\/p>\n<p>Pero Edwin Romero, quien defiende a Mart\u00edn Arroyo, apresado en el fuerte militar Huancavilca de Guayaquil, opina diferente. Las divergencias se presentan en momentos en que se avecinan cambios en los mandos de las\u00a0<b>Fuerzas Armadas<\/b>.<\/p>\n<p>\u201cLas personas que se encontraban al mando, a cargo de los rastrillos no se encuentran procesadas, ellos son los responsables absolutos por cuanto realizan las actas de entrega recepci\u00f3n tanto del material como la\u00a0<b>munici\u00f3n<\/b>\u201d, se\u00f1al\u00f3.<\/p>\n<p>Ayer fueron citados a la Fiscal\u00eda cinco oficiales. Romero y otros abogados acudieron a formular preguntas. Hasta el mediod\u00eda solo un\u00a0<b>oficial<\/b>\u00a0asisti\u00f3.<\/p>\n<p>\u00c9l habr\u00eda mencionado que durante las inspecciones a las bodegas se hallaron fusiles con\u00a0<b>numeraci\u00f3n adulterada<\/b>\u00a0y habr\u00eda indicado la cantidad de\u00a0<b>munici\u00f3n<\/b>\u00a0faltante.<\/p>\n<p>La semana pasada el ministro Jarr\u00edn descart\u00f3 que los sospechosos hayan traficado armas o explosivos.<\/p>\n<p>Dijo que se ha realizado una\u00a0<b>minuciosa inspecci\u00f3n<\/b>para constatar que los inventarios se encuentren sin novedad.<\/p>\n<p>Reconoci\u00f3 que lo que pudo haber existido era \u201crobo y tr\u00e1fico de municiones a trav\u00e9s de la frontera norte\u201d.<\/p>\n<p>El general Wagner Bravo consider\u00f3 que hay que hacer una diferenciaci\u00f3n en este caso: la investigaci\u00f3n penal, de la administrativa.<\/p>\n<p>El oficial record\u00f3 que, en el caso penal las investigaciones iniciaron hace m\u00e1s de un a\u00f1o y aparentemente, con la\u00a0<b>detenci\u00f3n<\/b>\u00a0de los\u00a0<b>siete militares<\/b>\u00a0y los seis civiles, la red estar\u00eda completa.<\/p>\n<p>Pero eso, se\u00f1ala Bravo, no obsta a que no se realice la\u00a0<b>investigaci\u00f3n<\/b>administrativa en Fuerzas Armadas para determinar si alguien no cumpli\u00f3 con alguna directiva de control de rastrillos y de armamento. \u201cHay una responsabilidad administrativa pero eso no quiere decir que el\u00a0<b>oficial<\/b>\u00a0o el\u00a0<b>comandante<\/b>\u00a0hayan estado involucrados en la venta y robo de la munici\u00f3n\u201d, precis\u00f3.<\/p>\n<p>El penalista Javier Mej\u00eda cree que todo lo que pase o deje de pasar en una unidad militar es responsabilidad del comandante.<\/p>\n<p>Pero considera que eso abre el espectro a la apertura de procesos para determinar si hubo acciones u omisiones contempladas en el reglamento de\u00a0<b>disciplina<\/b>\u00a0<b>militar<\/b>.<\/p>\n<p>Recuerda que el\u00a0<b>rastrillero<\/b>\u00a0o\u00a0<b>bodeguero<\/b>\u00a0(un voluntario, sargento o cabo) es el responsable, el que cuenta, entrega fusiles, tiene las llaves de la bodega, pero sobre \u00e9l hay un oficial que debi\u00f3 haber supervisado y controlado, a\u00f1adi\u00f3.<\/p>\n<p>Hoy desde las 09:00 se espera la versi\u00f3n de otros cinco militares, entre\u00a0<b>oficiales<\/b>\u00a0y\u00a0<b>voluntarios<\/b>, encargados de las \u00e1reas de Transportes, Servicios, Log\u00edstica, Planificaci\u00f3n de Inventarios, entre otros. \u00c1lvaro Gaybor, el fiscal del caso, tambi\u00e9n solicit\u00f3 por segunda ocasi\u00f3n y bajo prevenciones de ley el historial laboral de los<b>13 procesados<\/b>.<\/p>\n<p><b>Prisi\u00f3n preventiva<\/b><\/p>\n<p><b>Audiencia de apelaci\u00f3n<\/b><\/p>\n<p>La<b>\u00a0Corte de Justicia de Esmeraldas\u00a0<\/b>convoc\u00f3 para el martes 11 de diciembre, a las 08:30, a la audiencia de apelaci\u00f3n de la prisi\u00f3n dictada en contra de los 13 sospechosos de integrar una r<b>ed de tr\u00e1fico<\/b>\u00a0<b>de municiones<\/b>\u00a0para el frente narcoterrorista \u00d3liver Sinisterra.<\/p>\n<p>La apelaci\u00f3n fue solicitada por la defensa de los militares Luis Bautista, W\u00e1lter Angulo, Jikcson Arroyo, Mart\u00edn Arroyo, Jos\u00e9 Plaza y Oswaldo Bed\u00f3n.<\/p>\n<p>Fuente: expreso.ec<\/p>\n<div class=\"gsp_post_data\" \r\n\t            data-post_type=\"post\" \r\n\t            data-cat=\"noticias-ecuador\" \r\n\t            data-modified=\"120\"\r\n\t            data-created=\"1542913245\"\r\n\t            data-title=\"La defensa de los militares pide investigar a los oficiales\" \r\n\t            data-home=\"https:\/\/www.evafm.net\/sitio\"><\/div>","protected":false},"excerpt":{"rendered":"<p>Es dif\u00edcilmente cre\u00edble que en el supuesto tr\u00e1fico il\u00edcito de armas para el grupo de\u00a0alias\u00a0Guacho\u00a0se encuentren involucrados solo miembros de tropa del\u00a0Ej\u00e9rcito. Al menos ese es el criterio de los\u00a0abogados\u00a0que defienden a los uniformados detenidos en octubre junto con seis civiles. Por eso los defensores han solicitado que los jefes de los dep\u00f3sitos de armas&#8230;<\/p>\n","protected":false},"author":5,"featured_media":41753,"comment_status":"closed","ping_status":"open","sticky":false,"template":"","format":"standard","meta":{"_joinchat":[],"footnotes":""},"categories":[1558],"tags":[],"class_list":["post-41752","post","type-post","status-publish","format-standard","has-post-thumbnail","hentry","category-noticias-ecuador","have-post-thumb"],"_links":{"self":[{"href":"https:\/\/www.evafm.net\/sitio\/wp-json\/wp\/v2\/posts\/41752","targetHints":{"allow":["GET"]}}],"collection":[{"href":"https:\/\/www.evafm.net\/sitio\/wp-json\/wp\/v2\/posts"}],"about":[{"href":"https:\/\/www.evafm.net\/sitio\/wp-json\/wp\/v2\/types\/post"}],"author":[{"embeddable":true,"href":"https:\/\/www.evafm.net\/sitio\/wp-json\/wp\/v2\/users\/5"}],"replies":[{"embeddable":true,"href":"https:\/\/www.evafm.net\/sitio\/wp-json\/wp\/v2\/comments?post=41752"}],"version-history":[{"count":1,"href":"https:\/\/www.evafm.net\/sitio\/wp-json\/wp\/v2\/posts\/41752\/revisions"}],"predecessor-version":[{"id":41754,"href":"https:\/\/www.evafm.net\/sitio\/wp-json\/wp\/v2\/posts\/41752\/revisions\/41754"}],"wp:featuredmedia":[{"embeddable":true,"href":"https:\/\/www.evafm.net\/sitio\/wp-json\/wp\/v2\/media\/41753"}],"wp:attachment":[{"href":"https:\/\/www.evafm.net\/sitio\/wp-json\/wp\/v2\/media?parent=41752"}],"wp:term":[{"taxonomy":"category","embeddable":true,"href":"https:\/\/www.evafm.net\/sitio\/wp-json\/wp\/v2\/categories?post=41752"},{"taxonomy":"post_tag","embeddable":true,"href":"https:\/\/www.evafm.net\/sitio\/wp-json\/wp\/v2\/tags?post=41752"}],"curies":[{"name":"wp","href":"https:\/\/api.w.org\/{rel}","templated":true}]}}