{"id":41755,"date":"2018-11-22T19:13:24","date_gmt":"2018-11-23T00:13:24","guid":{"rendered":"http:\/\/www.evafm.net\/sitio\/?p=41755"},"modified":"2018-11-22T19:13:24","modified_gmt":"2018-11-23T00:13:24","slug":"unos-400-medicos-cubanos-ya-se-retiraron-de-brasil","status":"publish","type":"post","link":"https:\/\/www.evafm.net\/sitio\/unos-400-medicos-cubanos-ya-se-retiraron-de-brasil\/","title":{"rendered":"Unos 400 m\u00e9dicos cubanos ya se retiraron de Brasil"},"content":{"rendered":"<div class=\"row pb-content-type-text\">\n<div class=\"col-xs-12 col-print-12\">\n<p class=\"element element-paragraph\">Unos 400 m\u00e9dicos cubanos retornaron\u00a0este jueves\u00a0a su pa\u00eds luego de que las autoridades de La Habana anunciaron el fin de su participaci\u00f3n en el programa M\u00e1s M\u00e9dicos, mientras el gobierno del presidente Michel Temer abri\u00f3 inscripciones para nuevos profesionales.<\/p>\n<\/div>\n<\/div>\n<div class=\"row pb-content-type-text\">\n<div class=\"col-xs-12 col-print-12\">\n<p class=\"element element-paragraph\"><strong>El grupo de facultativos cubanos embarcaba este jueves, mientras otros contingentes lo har\u00e1n el viernes y s\u00e1bado tras haber dejado de prestar servicios en 2.800 ciudades de todo Brasil<\/strong>,\u00a0inform\u00f3 la agencia\u00a0<em>ANSA.<\/em><\/p>\n<\/div>\n<\/div>\n<div class=\"row pb-content-type-text\">\n<div class=\"col-xs-12 col-print-12\">\n<p class=\"element element-paragraph\">La Organizaci\u00f3n Panamericana de la Salud (OPS), que intermedi\u00f3 el acuerdo entre ambos pa\u00edses iniciado en 2013, estima que unos 8 mil profesionales dejar\u00e1n Brasil hasta el 12 de diciembre.<\/p>\n<div class=\"row pb-content-type-raw_html\">\n<div class=\"element element-rawhtml col-xs-12\">\n<div>\n<div>\n<p>La semana pasada,\u00a0el Gobierno cubano decidi\u00f3 retirar a los 8.332\u00a0profesionales que mantiene en Brasil\u00a0a trav\u00e9s del programa \u201cM\u00e1s M\u00e9dicos\u201d.<\/p>\n<\/div>\n<\/div>\n<\/div>\n<\/div>\n<div class=\"row pb-content-type-raw_html\">\n<div class=\"element element-rawhtml col-xs-12\">\n<div>\n<div>\n<p><strong>La decisi\u00f3n fue una respuesta a declaraciones del mandatario electo Jair Bolsonaro, que consider\u00f3 a los m\u00e9dicos cubanos como \u201cesclavos\u201d de una \u201cdictadura\u201d.<\/strong><\/p>\n<\/div>\n<\/div>\n<\/div>\n<\/div>\n<div class=\"row pb-content-type-raw_html\">\n<div class=\"element element-rawhtml col-xs-12\">\n<p>Seg\u00fan los acuerdos con la OPS,\u00a0los cubanos recib\u00edan el 30 % de su salario en Brasil y el resto era destinado al Gobierno cubano, lo que Bolsonaro consider\u00f3 \u201cinaceptable\u201d.<\/p>\n<div class=\"row pb-content-type-text\">\n<div class=\"col-xs-12 col-print-12\">\n<p class=\"element element-paragraph\">El mi\u00e9rcoles 3 mil m\u00e9dicos se inscribieron electr\u00f3nicamente en el ministerio de Salud para suplir a los cubanos, pero poco despu\u00e9s el sitio colaps\u00f3 debido a un supuesto ataque de hackers.<\/p>\n<\/div>\n<\/div>\n<div class=\"row pb-content-type-text\">\n<div class=\"col-xs-12 col-print-12\">\n<p class=\"element element-paragraph\">Mientras, pacientes enfrentaron filas para ser atendidos en puestos de salud de doce estados donde comenz\u00f3 a repercutir la falta de m\u00e9dicos, inform\u00f3\u00a0este jueves el portal de noticias\u00a0<em>G1.<\/em><\/p>\n<div class=\"single-image\">\n<div class=\"shares\">\n<div class=\"share-button facebook\"><\/div>\n<\/div>\n<p><img decoding=\"async\" id=\"IIABMNAAABC3BED7FKMBFKYGWY\" class=\"image-lazy\" src=\"https:\/\/www.infobae.com\/new-resizer\/ciXzG4v-SCwteBtSAdbtrutMwys=\/600x0\/filters:quality(100)\/s3.amazonaws.com\/arc-wordpress-client-uploads\/infobae-wp\/wp-content\/uploads\/2018\/04\/17091524\/Miguel-Diaz-Canel-6.jpg\" alt=\"Miguel D\u00edaz-Canel, el sucesor de Ra\u00fal Castro en el gobierno de Cuba (EFE)\" width=\"750\" height=\"421.875\" \/><\/div>\n<p><span class=\"credit\">Miguel D\u00edaz-Canel, el sucesor de Ra\u00fal Castro en el gobierno de Cuba (EFE)<\/span><\/p>\n<div class=\"row pb-content-type-image\">\n<figure class=\"element element-image col-xs-12\">\n<div class=\"single-image\">\n<div class=\"shares\">\n<div class=\"share-button facebook\"><\/div>\n<\/div>\n<p><img decoding=\"async\" id=\"W2H3KIW6GRHZFI5JWAWWVALX3Y\" class=\"image-lazy\" src=\"https:\/\/www.infobae.com\/new-resizer\/ERsLw282JdLwsHB7hqVVbgOJ1Vw=\/600x0\/filters:quality(100)\/s3.amazonaws.com\/arc-wordpress-client-uploads\/infobae-wp\/wp-content\/uploads\/2018\/11\/19102002\/medicos-cubanos1.jpg\" alt=\"M\u00e9dicos cubanos en Brasil (Foto: Mart\u00ed Noticias)\" width=\"750\" height=\"421.55425219941344\" \/><\/div><figcaption class=\"\"><span class=\"credit\">M\u00e9dicos cubanos en Brasil (Foto: Mart\u00ed Noticias)<\/p>\n<p>Fuente: infobae.com<\/span><\/figcaption><\/figure>\n<\/div>\n<\/div>\n<\/div>\n<\/div>\n<\/div>\n<\/div>\n<\/div>\n<div class=\"gsp_post_data\" \r\n\t            data-post_type=\"post\" \r\n\t            data-cat=\"general,noticias-internacionales\" \r\n\t            data-modified=\"120\"\r\n\t            data-created=\"1542914004\"\r\n\t            data-title=\"Unos 400 m\u00e9dicos cubanos ya se retiraron de Brasil\" \r\n\t            data-home=\"https:\/\/www.evafm.net\/sitio\"><\/div>","protected":false},"excerpt":{"rendered":"<p>Unos 400 m\u00e9dicos cubanos retornaron\u00a0este jueves\u00a0a su pa\u00eds luego de que las autoridades de La Habana anunciaron el fin de su participaci\u00f3n en el programa M\u00e1s M\u00e9dicos, mientras el gobierno del presidente Michel Temer abri\u00f3 inscripciones para nuevos profesionales. El grupo de facultativos cubanos embarcaba este jueves, mientras otros contingentes lo har\u00e1n el viernes y&#8230;<\/p>\n","protected":false},"author":5,"featured_media":41756,"comment_status":"closed","ping_status":"open","sticky":false,"template":"","format":"standard","meta":{"_joinchat":[],"footnotes":""},"categories":[1720,1345],"tags":[],"class_list":["post-41755","post","type-post","status-publish","format-standard","has-post-thumbnail","hentry","category-general","category-noticias-internacionales","have-post-thumb"],"_links":{"self":[{"href":"https:\/\/www.evafm.net\/sitio\/wp-json\/wp\/v2\/posts\/41755","targetHints":{"allow":["GET"]}}],"collection":[{"href":"https:\/\/www.evafm.net\/sitio\/wp-json\/wp\/v2\/posts"}],"about":[{"href":"https:\/\/www.evafm.net\/sitio\/wp-json\/wp\/v2\/types\/post"}],"author":[{"embeddable":true,"href":"https:\/\/www.evafm.net\/sitio\/wp-json\/wp\/v2\/users\/5"}],"replies":[{"embeddable":true,"href":"https:\/\/www.evafm.net\/sitio\/wp-json\/wp\/v2\/comments?post=41755"}],"version-history":[{"count":1,"href":"https:\/\/www.evafm.net\/sitio\/wp-json\/wp\/v2\/posts\/41755\/revisions"}],"predecessor-version":[{"id":41757,"href":"https:\/\/www.evafm.net\/sitio\/wp-json\/wp\/v2\/posts\/41755\/revisions\/41757"}],"wp:featuredmedia":[{"embeddable":true,"href":"https:\/\/www.evafm.net\/sitio\/wp-json\/wp\/v2\/media\/41756"}],"wp:attachment":[{"href":"https:\/\/www.evafm.net\/sitio\/wp-json\/wp\/v2\/media?parent=41755"}],"wp:term":[{"taxonomy":"category","embeddable":true,"href":"https:\/\/www.evafm.net\/sitio\/wp-json\/wp\/v2\/categories?post=41755"},{"taxonomy":"post_tag","embeddable":true,"href":"https:\/\/www.evafm.net\/sitio\/wp-json\/wp\/v2\/tags?post=41755"}],"curies":[{"name":"wp","href":"https:\/\/api.w.org\/{rel}","templated":true}]}}