{"id":41758,"date":"2018-11-22T19:25:11","date_gmt":"2018-11-23T00:25:11","guid":{"rendered":"http:\/\/www.evafm.net\/sitio\/?p=41758"},"modified":"2018-11-22T19:25:11","modified_gmt":"2018-11-23T00:25:11","slug":"el-brexit-choca-contra-el-penon-de-gibraltar","status":"publish","type":"post","link":"https:\/\/www.evafm.net\/sitio\/el-brexit-choca-contra-el-penon-de-gibraltar\/","title":{"rendered":"El \u00abBrexit\u00bb choca contra el Pe\u00f1\u00f3n de Gibraltar"},"content":{"rendered":"<div class=\"row pb-content-type-text\">\n<div class=\"col-xs-12 col-print-12\">\n<p class=\"element element-paragraph\">Hasta este pe\u00f1asco de piedra caliza se extend\u00eda el mundo de los griegos. Para ellos, despu\u00e9s de Gibraltar aparec\u00eda un territorio desconocido y peligroso.<\/p>\n<p class=\"element element-paragraph\">Dec\u00edan que era una de las \u00abcolumnas de H\u00e9rcules\u00bb. Cuando los romanos olvidaron los mitos griegos,\u00a0<strong>el Pe\u00f1\u00f3n pas\u00f3 a ser un punto estrat\u00e9gico para el control del Mediterr\u00e1neo y la salida al Atl\u00e1ntico.<\/strong><\/p>\n<p class=\"element element-paragraph\">Fue disputado por \u00e1rabes y europeos hasta que una enorme flota brit\u00e1nico holandesa se hizo con el control de la pen\u00ednsula.<\/p>\n<\/div>\n<\/div>\n<div class=\"row pb-content-type-text\">\n<div class=\"col-xs-12 col-print-12\">\n<p class=\"element element-paragraph\">Nueve a\u00f1os m\u00e1s tarde se firm\u00f3 el Tratado de Utrecht que le cedi\u00f3 la soberan\u00eda total de \u00abthe Rock\u00bb a Gran Breta\u00f1a.<\/p>\n<p class=\"element element-paragraph\"><strong>Desde entonces, es motivo de controversia y de dif\u00edciles relaciones hispano-brit\u00e1nicas. <\/strong><\/p>\n<p class=\"element element-paragraph\"><strong>El \u00abBrexit\u00bb, ahora le da una gran oportunidad al gobierno de Madrid para intentar renegociar de alguna manera el infame tratado de 1713<\/strong>.<\/p>\n<p class=\"element element-paragraph\">O, por lo menos, quedar en una posici\u00f3n en la que pueda en alg\u00fan momento recuperar la soberan\u00eda de este territorio.<\/p>\n<p class=\"element element-paragraph\">Si no se encuentra una soluci\u00f3n antes del domingo a la letra chica del acuerdo de salida del Reino Unido de la Uni\u00f3n Europea, el \u00abBrexit\u00bb podr\u00eda chocar contra el Pe\u00f1\u00f3n de Gibraltar como le sucedi\u00f3 durante siglos a algunos de los nav\u00edos m\u00e1s poderosos.<\/p>\n<\/div>\n<\/div>\n<div class=\"row pb-content-type-text\">\n<div class=\"col-xs-12 col-print-12\">\n<p class=\"element element-paragraph\">Para las Naciones Unidas, Gibraltar, como colonia,\u00a0<strong>es uno de los territorios no aut\u00f3nomos bajo supervisi\u00f3n de su Comit\u00e9 Especial de Descolonizaci\u00f3n, al igual que otros diecis\u00e9is casos m\u00e1s<\/strong>.<\/p>\n<p class=\"element element-paragraph\">El Tratado de Utrecht dice que \u00abla ciudad y castillos de Gibraltar, juntamente con su puerto, defensas y fortalezas\u00bb son propiedad a perpetuidad de la Corona brit\u00e1nica en territorio de jurisdicci\u00f3n espa\u00f1ola, debiendo retornar a Espa\u00f1a si el Reino Unido \u00abrenunciase o enajenase de alguna manera dicha propiedad\u00bb.<\/p>\n<p class=\"element element-paragraph\"><strong>Para Espa\u00f1a es, simplemente, territorio ocupado. Y si los ingleses se van de la Uni\u00f3n Europea hay que mantener el antiguo status de que cualquier negociaci\u00f3n tiene que ser \u00fanica y directa entre los gobiernos de Madrid y Londres.<\/strong><\/p>\n<div class=\"row pb-content-type-text\">\n<div class=\"col-xs-12 col-print-12\">\n<p class=\"element element-paragraph\">Espa\u00f1a acompa\u00f1\u00f3 la negociaci\u00f3n de los \u00faltimos 20 meses entre Londres y la UE para cumplir con la salida que los brit\u00e1nicos votaron en un pol\u00e9mico refer\u00e9ndum.<\/p>\n<p class=\"element element-paragraph\">Pero ahora, se puso al frente de los pa\u00edses que cuestionan el borrador del acuerdo entre la Comisi\u00f3n Europea y el gobierno de Theresa May que est\u00e1 circulando por las capitales de los 28 pa\u00edses miembros.<\/p>\n<p class=\"element element-paragraph\">El tratado que regular\u00e1 el \u00abBrexit\u00bb est\u00e1 siendo objetado por el futuro de Gibraltar, por<strong>\u00a0las ventajas que podr\u00eda obtener el Reino Unido durante el per\u00edodo de salida, la pesca en la zona de exclusi\u00f3n de las islas brit\u00e1nicas y la indefinici\u00f3n de c\u00f3mo se manejar\u00e1 la frontera entre Irlanda del Norte \u2013que se queda en la UE- y el resto del territorio brit\u00e1nico.<\/strong><\/p>\n<\/div>\n<\/div>\n<div class=\"row pb-content-type-text\">\n<div class=\"col-xs-12 col-print-12\">\n<p class=\"element element-paragraph\">El presidente del gobierno espa\u00f1ol, Pedro S\u00e1nchez, anunci\u00f3 que podr\u00eda levantar la mano en contra de este pacto si no se resuelven las objeciones respecto a Gibraltar<strong>. <\/strong><\/p>\n<p class=\"element element-paragraph\"><strong>\u00abSi el domingo va el acuerdo de retirada y la declaraci\u00f3n pol\u00edtica de futuro en los t\u00e9rminos que est\u00e1 ahora mismo, Espa\u00f1a votar\u00e1 que no<\/strong>\u00ab, anunci\u00f3 solemnemente en un foro organizado en Madrid por la revista brit\u00e1nica\u00a0<em>The Economist<\/em>.<\/p>\n<div class=\"row pb-content-type-text\">\n<div class=\"col-xs-12 col-print-12\">\n<p class=\"element element-paragraph\">S\u00e1nchez se siente traicionado por un art\u00edculo en apariencia inocuo, pero con repercusiones jur\u00eddicas para el encaje europeo de Gibraltar, introducido a \u00faltima hora en la propuesta de texto de retirada.<\/p>\n<p class=\"element element-paragraph\">El pol\u00e9mico art\u00edculo alude a la relaci\u00f3n futura que deber\u00e1n pactar Bruselas y Londres una vez que concluya el periodo de transici\u00f3n tras el Brexit y que deber\u00e1 negociarse \u00abcon pleno respeto a los respectivos \u00f3rdenes legales\u00bb<strong>. <\/strong><\/p>\n<p class=\"element element-paragraph\"><strong>Espa\u00f1a interpreta que esta expresi\u00f3n permite a Reino Unido aplicar cualquier v\u00ednculo futuro entre la UE y Londres a todos los territorios incluidos en su orden constitucional, entre ellos Gibraltar.<\/strong>Espa\u00f1a rechaza que la colonia forme parte de Reino Unido.<\/p>\n<p class=\"element element-paragraph\">Y aunque t\u00e9cnicamente solo hace falta el voto de la mayor\u00eda de los socios comunitarios para ratificar el acuerdo, en este tema tan crucial se busca el consenso general.<\/p>\n<\/div>\n<\/div>\n<div class=\"row pb-content-type-text\">\n<div class=\"col-xs-12 col-print-12\">\n<p class=\"element element-paragraph\">En materia de pesca,\u00a0<strong>Espa\u00f1a y Holanda encabezan el grupo que quiere seguir faenando frente a las islas brit\u00e1nicas<\/strong>.<\/p>\n<p class=\"element element-paragraph\">En esa zona se pesca un mill\u00f3n de toneladas de mariscos y pescados al a\u00f1o y el 60% lo hacen barcos europeos no brit\u00e1nicos.<\/p>\n<p class=\"element element-paragraph\">Los negociadores tambi\u00e9n temen que durante el per\u00edodo de transici\u00f3n Londres tenga todas las ventajas de seguir negociando dentro del mercado europeo sin cumplir con ninguna de las obligaciones.<\/p>\n<p class=\"element element-paragraph\">El tema de la frontera con Irlanda del Norte, por ahora, podr\u00eda resolverse con una unidad aduanera temporaria.<\/p>\n<p class=\"element element-paragraph\">Pero los brexistas duros se oponen a esa soluci\u00f3n y est\u00e1n complicando a Theresa May.<\/p>\n<p class=\"element element-paragraph\"><strong>Pero si el acuerdo de salida se aprueba el domingo en Bruselas, no habr\u00e1 marcha atr\u00e1s.<\/strong><\/p>\n<p class=\"element element-paragraph\"><strong> El 29 de marzo de 2019, Gran Breta\u00f1a ya no pertenecer\u00e1 a la Uni\u00f3n Europea y el exclusivo club pasar\u00e1 a estar integrado por 27 estados.<\/strong><\/p>\n<div class=\"row pb-content-type-text\">\n<div class=\"col-xs-12 col-print-12\">\n<p class=\"element element-paragraph\">La propia premier May dijo en el parlamento de Westminster que Gran Breta\u00f1a tiene s\u00f3lo tres opciones en este momento:\u00a0<strong>un acuerdo de salida de UE, salir sin acuerdo o quedarse. Los Tories m\u00e1s extremos, incluida la May, prefer\u00edan hasta hace poco irse golpeando la puerta y afrontando las consecuencias<\/strong>.<\/p>\n<p class=\"element element-paragraph\">Hoy, ven que eso ser\u00eda algo parecido a un suicidio. Los que quieren que se vuelva a votar porque creen que todo fue obra de una enorme confusi\u00f3n del electorado, de acuerdo a las encuestas son mayor\u00eda ahora pero no cuentan con los votos necesarios para revertir la decisi\u00f3n de 2016.<\/p>\n<\/div>\n<\/div>\n<div class=\"row pb-content-type-text\">\n<div class=\"col-xs-12 col-print-12\">\n<p class=\"element element-paragraph\"><strong>En tanto, el eje franco-alem\u00e1n intenta relanzar el proyecto comunitario minado no s\u00f3lo por los brexistas sino tambi\u00e9n por los populismos de derecha que comienzan a tener fuerza en varios pa\u00edses<\/strong>.<\/p>\n<p class=\"element element-paragraph\">El presidente franc\u00e9s Emmanuel Macron habl\u00f3 esta semana ante el Bundestag, con la presencia de la canciller Angela Merkel, y dijo que Francia y Alemania tienen la obligaci\u00f3n de \u00abno dejar que el mundo descienda hacia el caos y de acompa\u00f1arlo en el camino de la paz\u00bb.<\/p>\n<\/div>\n<\/div>\n<div class=\"row pb-content-type-text\">\n<div class=\"col-xs-12 col-print-12\">\n<p class=\"element element-paragraph\">En medio de esta puja entre los socios del acuerdo que muchos envidian en el mundo y quisieran imitar para sus regiones, el Pe\u00f1\u00f3n de Gibraltar vuelve a ser una de las columnas de H\u00e9rcules. Se necesitar\u00e1 esa fuerza tit\u00e1nica del m\u00edtico personaje para encontrar la salida a un conflicto que lleva tres siglos.<\/p>\n<div class=\"single-image\"><img decoding=\"async\" id=\"6ZYHICHXJNCZNMKQ4BQY3W6E2A\" class=\"image-lazy\" src=\"https:\/\/www.infobae.com\/new-resizer\/OyFS8bDqzwwsWsmTh5DgKnVfvTo=\/600x0\/filters:quality(100)\/s3.amazonaws.com\/arc-wordpress-client-uploads\/infobae-wp\/wp-content\/uploads\/2016\/11\/22114102\/jpg\" alt=\"Aeropuerto de Gibraltar\" width=\"750\" height=\"421.875\" \/><\/div>\n<p><span class=\"credit\">Aeropuerto de Gibraltar<\/span><\/p>\n<div class=\"shares\">\n<div class=\"share-button facebook\">\n<div class=\"shares\">\n<div class=\"share-button facebook\"><img decoding=\"async\" src=\"https:\/\/www.infobae.com\/new-resizer\/m2Q_PA8RoV4jqe4kwEK4-QFDM9M=\/600x0\/filters:quality(100)\/s3.amazonaws.com\/arc-wordpress-client-uploads\/infobae-wp\/wp-content\/uploads\/2018\/10\/26160833\/Julio-Ribas-Gibraltar-3.jpg\" alt=\"El Pe\u00c3\u00b1\u00c3\u00b3n de Gibraltar est\u00c3\u00a1 en poder del Reino Unido desde 1713 (Gibraltar Football Association)\" \/><\/div>\n<div>El Pe\u00f1\u00f3n de Gibraltar est\u00e1 en poder del Reino Unido desde 1713 (Gibraltar Football Association)<\/div>\n<div>\n<div class=\"single-image\"><img decoding=\"async\" id=\"S6CDH3WRNRHSBA6GSCXPC46XDI\" class=\"image-lazy\" src=\"https:\/\/www.infobae.com\/new-resizer\/W82sCN934FUlhIxyM1NGz1zWZNI=\/600x0\/filters:quality(100)\/s3.amazonaws.com\/arc-wordpress-client-uploads\/infobae-wp\/wp-content\/uploads\/2018\/09\/13081954\/2018-08-31T173046Z_615275420_RC1B82228D70_RTRMADP_3_COSTARICA-SPAIN-e1536837631941.jpg\" alt=\"Pedro S\u00e1nchez, presidente del gobierno de Espa\u00f1a (Reuters)\" width=\"750\" height=\"423.4375\" \/><\/div>\n<p><span class=\"credit\">Pedro S\u00e1nchez, presidente del gobierno de Espa\u00f1a (Reuters)<\/span><\/div>\n<div>\n<div class=\"single-image\">\n<div class=\"shares\">\n<div class=\"share-button facebook\"><\/div>\n<\/div>\n<p><img decoding=\"async\" id=\"I4YLHUHXTZA55EEWSMSHG44CHE\" class=\"image-lazy\" src=\"https:\/\/www.infobae.com\/new-resizer\/rcCljtBMrrB3u6V1aofyVoh1kYk=\/600x0\/filters:quality(100)\/s3.amazonaws.com\/arc-wordpress-client-uploads\/infobae-wp\/wp-content\/uploads\/2017\/04\/03112631\/2017-04-03T111915Z_1666715774_RC1647A879A0_RTRMADP_3_BRITAIN-EU.jpg\" alt=\"La bandera del Reino Unido, de Gibraltar y de la Uni\u00f3n Europea\u00a0(Reuters)\" width=\"750\" height=\"500.1428571428571\" \/><\/div>\n<p><span class=\"credit\">La bandera del Reino Unido, de Gibraltar y de la Uni\u00f3n Europea\u00a0(Reuters)<\/span><\/div>\n<div>Fuente: infobae.com<\/div>\n<\/div>\n<\/div>\n<\/div>\n<\/div>\n<\/div>\n<\/div>\n<\/div>\n<\/div>\n<\/div>\n<\/div>\n<\/div>\n<div class=\"gsp_post_data\" \r\n\t            data-post_type=\"post\" \r\n\t            data-cat=\"noticias-internacionales\" \r\n\t            data-modified=\"120\"\r\n\t            data-created=\"1542914711\"\r\n\t            data-title=\"El \u00abBrexit\u00bb choca contra el Pe\u00f1\u00f3n de Gibraltar\" \r\n\t            data-home=\"https:\/\/www.evafm.net\/sitio\"><\/div>","protected":false},"excerpt":{"rendered":"<p>Hasta este pe\u00f1asco de piedra caliza se extend\u00eda el mundo de los griegos. Para ellos, despu\u00e9s de Gibraltar aparec\u00eda un territorio desconocido y peligroso. Dec\u00edan que era una de las \u00abcolumnas de H\u00e9rcules\u00bb. Cuando los romanos olvidaron los mitos griegos,\u00a0el Pe\u00f1\u00f3n pas\u00f3 a ser un punto estrat\u00e9gico para el control del Mediterr\u00e1neo y la salida&#8230;<\/p>\n","protected":false},"author":5,"featured_media":41759,"comment_status":"closed","ping_status":"open","sticky":false,"template":"","format":"standard","meta":{"_joinchat":[],"footnotes":""},"categories":[1345],"tags":[],"class_list":["post-41758","post","type-post","status-publish","format-standard","has-post-thumbnail","hentry","category-noticias-internacionales","have-post-thumb"],"_links":{"self":[{"href":"https:\/\/www.evafm.net\/sitio\/wp-json\/wp\/v2\/posts\/41758","targetHints":{"allow":["GET"]}}],"collection":[{"href":"https:\/\/www.evafm.net\/sitio\/wp-json\/wp\/v2\/posts"}],"about":[{"href":"https:\/\/www.evafm.net\/sitio\/wp-json\/wp\/v2\/types\/post"}],"author":[{"embeddable":true,"href":"https:\/\/www.evafm.net\/sitio\/wp-json\/wp\/v2\/users\/5"}],"replies":[{"embeddable":true,"href":"https:\/\/www.evafm.net\/sitio\/wp-json\/wp\/v2\/comments?post=41758"}],"version-history":[{"count":1,"href":"https:\/\/www.evafm.net\/sitio\/wp-json\/wp\/v2\/posts\/41758\/revisions"}],"predecessor-version":[{"id":41760,"href":"https:\/\/www.evafm.net\/sitio\/wp-json\/wp\/v2\/posts\/41758\/revisions\/41760"}],"wp:featuredmedia":[{"embeddable":true,"href":"https:\/\/www.evafm.net\/sitio\/wp-json\/wp\/v2\/media\/41759"}],"wp:attachment":[{"href":"https:\/\/www.evafm.net\/sitio\/wp-json\/wp\/v2\/media?parent=41758"}],"wp:term":[{"taxonomy":"category","embeddable":true,"href":"https:\/\/www.evafm.net\/sitio\/wp-json\/wp\/v2\/categories?post=41758"},{"taxonomy":"post_tag","embeddable":true,"href":"https:\/\/www.evafm.net\/sitio\/wp-json\/wp\/v2\/tags?post=41758"}],"curies":[{"name":"wp","href":"https:\/\/api.w.org\/{rel}","templated":true}]}}