{"id":41778,"date":"2018-11-23T17:47:11","date_gmt":"2018-11-23T22:47:11","guid":{"rendered":"http:\/\/www.evafm.net\/sitio\/?p=41778"},"modified":"2018-11-23T17:47:11","modified_gmt":"2018-11-23T22:47:11","slug":"michael-douglas-y-catherine-zeta-jones-precavidos-con-sus-hijos","status":"publish","type":"post","link":"https:\/\/www.evafm.net\/sitio\/michael-douglas-y-catherine-zeta-jones-precavidos-con-sus-hijos\/","title":{"rendered":"Michael Douglas y Catherine Zeta Jones precavidos con sus hijos"},"content":{"rendered":"<div class=\"row pb-content-type-text\">\n<div class=\"col-xs-12 col-print-12\">\n<p class=\"element element-paragraph\"><strong>Michael Douglas teme de que sus hijos con Catherine Zeta Jones hayan heredado su misma predisposici\u00f3n gen\u00e9tica a las adicciones<\/strong>.<\/p>\n<p class=\"element element-paragraph\">El actor confes\u00f3 en una entrevista con\u00a0<em>The Mirror<\/em>\u00a0que est\u00e1 preocupado de que; Dylan de 18 y Carys de 15 enfrenten la misma batalla con la que \u00e9l y otros integrantes de su familia han tenido que luchar durante todas sus vidas.<\/p>\n<\/div>\n<\/div>\n<div class=\"row pb-content-type-text\">\n<div class=\"col-xs-12 col-print-12\">\n<p class=\"element element-paragraph\">En el pasado, Douglas debi\u00f3 ingresar en\u00a0un centro de rehabilitaci\u00f3n por su dependencia al alcohol y a las drogas.<\/p>\n<p class=\"element element-paragraph\">Cameron, su hijo mayor, ha luchado con adicci\u00f3n a la hero\u00edna.<\/p>\n<p class=\"element element-paragraph\">Y su medio hermano, Eric Douglas, falleci\u00f3 de una sobredosis accidental en el 2004 a los 46 a\u00f1os.<\/p>\n<div class=\"row pb-content-type-text\">\n<div class=\"col-xs-12 col-print-12\">\n<p class=\"element element-paragraph\"><strong>\u00abHay que tener cuidado, entonces uno aprende sobre la gen\u00e9tica. Lo tenemos de ambos lados de mi familia. <\/strong><\/p>\n<p class=\"element element-paragraph\"><strong>As\u00ed que los m\u00e1s j\u00f3venes, est\u00e1n m\u00e1s atentos a eso<\/strong>\u00ab, manifest\u00f3 el int\u00e9rprete y a\u00f1adi\u00f3 que habla continuamente con sus hijos sobre este tema para prevenir que sigan el mismo camino.<\/p>\n<\/div>\n<\/div>\n<div class=\"row pb-content-type-text\">\n<div id=\"\" class=\"wrapper clearfix pb-feature pb-layout-item pb-f-ads-dfp left-align\">\n<div id=\"inline\" class=\"ad-slot\">\u00abEn 1991 ingres\u00e9 a un centro de rehabilitaci\u00f3n, m\u00e1s por alcohol que por drogas pero las drogas tambi\u00e9n fueron parte del problema.<\/div>\n<div class=\"ad-slot\">Perd\u00ed a mi hermano y mi hijo mayor estuvo preso en una prisi\u00f3n federal por un crimen no violento relacionado con el consumo de drogas.<\/div>\n<div class=\"ad-slot\">Ahora est\u00e1 bien, le est\u00e1 yendo muy bien\u00bb, asegur\u00f3 el famoso.<\/div>\n<div>\n<div class=\"row pb-content-type-text\">\n<div class=\"col-xs-12 col-print-12\">\n<p class=\"element element-paragraph\">Michael, confes\u00f3 p\u00fablicamente en el 2010 que se sent\u00eda culpable por\u00a0los problemas de su hijo, asegurando que no fue \u00abun buen padre\u00bb.<\/p>\n<\/div>\n<\/div>\n<div class=\"row pb-content-type-text\">\n<div class=\"col-xs-12 col-print-12\">\n<p class=\"element element-paragraph\"><strong>\u00abMe hago cargo de ser mal padre- si ser mal padre es trabajar como loco para hacer tu carrera\u00bb,\u00a0<\/strong>dijo en una entrevista con el Today Show.<\/p>\n<\/div>\n<\/div>\n<div class=\"row pb-content-type-text\">\n<div class=\"col-xs-12 col-print-12\">\n<p class=\"element element-paragraph\">En el 2010 Michael fue diagnosticado con c\u00e1ncer de lengua y su tratamiento y recuperaci\u00f3n afect\u00f3 su relaci\u00f3n con Catherine Zeta Jones.<\/p>\n<p class=\"element element-paragraph\"><strong>La actriz debi\u00f3 ingresar en un centro de rehabilitaci\u00f3n para tratar su depresi\u00f3n en el 2011 y despu\u00e9s nuevamente en el 2013.<\/strong><\/p>\n<div class=\"row pb-content-type-text\">\n<div class=\"col-xs-12 col-print-12\">\n<p class=\"element element-paragraph\">\u00abLa bipolaridad es algo con lo que he luchado durante mucho tiempo\u00bb, revel\u00f3 la int\u00e9rprete en un comunicado sobre su diagn\u00f3stico.<\/p>\n<p class=\"element element-paragraph\">\u00abCuando te dan una noticia as\u00ed (la enfermedad de Michael) eso es un detonante que te desequilibra\u2026 la falta de sue\u00f1o, preocupaci\u00f3n, el estr\u00e9s. Es un verdadero detonante\u00bb.<\/p>\n<\/div>\n<\/div>\n<div class=\"row pb-content-type-text\">\n<div class=\"col-xs-12 col-print-12\">\n<p class=\"element element-paragraph\">\u00abNo quer\u00eda hablar tan p\u00fablicamente de esto como lo hice\u00bb, a\u00f1adi\u00f3 la estrella.<\/p>\n<p class=\"element element-paragraph\">\u00abTengo mentalidad brit\u00e1nica.<\/p>\n<p class=\"element element-paragraph\">No es algo que quer\u00eda gritarle al mundo, pero cuando sali\u00f3 a la luz,\u00a0<strong>yo s\u00e9 que no soy la \u00fanica persona que sufre de esto y tiene que lidiar con esto todos los d\u00edas.<\/strong><\/p>\n<p class=\"element element-paragraph\">As\u00ed que si he ayudado a alguien hablando de mi depresi\u00f3n, entonces eso es genial\u00bb.<\/p>\n<\/div>\n<\/div>\n<div class=\"row pb-content-type-text\">\n<div class=\"col-xs-12 col-print-12\">\n<p class=\"element element-paragraph\">La pareja celebr\u00f3 su aniversario n\u00famero 18 este mes.<\/p>\n<div class=\"row pb-content-type-image\">\n<figure class=\"element element-image col-xs-12\">\n<div class=\"single-image\">\n<div class=\"shares\">\n<div class=\"share-button facebook\"><\/div>\n<\/div>\n<p><img decoding=\"async\" id=\"2N4Z5BUUAJBE5LHVPHEGNQZDCM\" class=\"image-lazy\" src=\"https:\/\/www.infobae.com\/new-resizer\/Osicf1kjao2bm0ZS-tR77WOF87E=\/600x0\/filters:quality(100)\/s3.amazonaws.com\/arc-wordpress-client-uploads\/infobae-wp\/wp-content\/uploads\/2018\/08\/01162420\/Michael-Douglas-Cameron-1-2.jpg\" alt=\"Michael Douglas y su hija Cameron Douglas (Grosby Group)\" width=\"750\" height=\"421.875\" \/><\/div><figcaption class=\"\"><span class=\"credit\"><span class=\"credit\">Michael Douglas y su hija Cameron Douglas (Grosby Group)<\/p>\n<p><\/span><\/span><\/p>\n<div class=\"single-image\">\n<div class=\"shares\">\n<div class=\"share-button facebook\"><\/div>\n<\/div>\n<p><img decoding=\"async\" id=\"QRU33JCZ5ZC23PNR4UXKALNWKY\" class=\"image-lazy\" src=\"https:\/\/www.infobae.com\/new-resizer\/wus2jItjz33wAIPOsPBFIb-1KwU=\/600x0\/filters:quality(100)\/s3.amazonaws.com\/arc-wordpress-client-uploads\/infobae-wp\/wp-content\/uploads\/2018\/04\/11154543\/catherine-zeta-jones-michael-douglas-11.jpg\" alt=\"Kirk Douglas y su esposa Anne Douglas junto a Michael Douglas, Catherine Zeta Jones y sus hijos, Carys y Dylan (Photo by Chris Pizzello\/Invision\/AP)\" width=\"750\" height=\"541.796875\" \/><\/div>\n<\/figcaption><figcaption class=\"\"><span class=\"credit\"><span class=\"credit\">Kirk Douglas y su esposa Anne Douglas junto a Michael Douglas, Catherine Zeta Jones y sus hijos, Carys y Dylan (Photo by Chris Pizzello\/Invision\/AP)<\/p>\n<p><\/span><\/span><\/p>\n<div class=\"single-image\"><img decoding=\"async\" id=\"BKLJPAGMKJBRNIDLQJBLCYBNJ4\" class=\"image-lazy\" src=\"https:\/\/www.infobae.com\/new-resizer\/jE8yqriFrrpqXlYzkwmBnLgRmUs=\/600x0\/filters:quality(100)\/s3.amazonaws.com\/arc-wordpress-client-uploads\/infobae-wp\/wp-content\/uploads\/2018\/04\/18170641\/carys-douglas-catherine-zeta-jones-1.jpg\" alt=\"Catherine Zeta Jones y su hija Carys Douglas (The Grosby Group)\" width=\"750\" height=\"421.484375\" \/><\/div>\n<\/figcaption><figcaption class=\"\"><span class=\"credit\">Catherine Zeta Jones y su hija Carys Douglas (The Grosby Group)<\/p>\n<p><\/span>Fuente: infobae.com<\/figcaption><figcaption class=\"\"><\/figcaption><figcaption class=\"\"><span class=\"credit\">\u00a0<\/span><\/figcaption><\/figure>\n<\/div>\n<\/div>\n<\/div>\n<\/div>\n<\/div>\n<\/div>\n<\/div>\n<\/div>\n<\/div>\n<\/div>\n<div class=\"gsp_post_data\" \r\n\t            data-post_type=\"post\" \r\n\t            data-cat=\"farandula-internacional,general\" \r\n\t            data-modified=\"120\"\r\n\t            data-created=\"1542995231\"\r\n\t            data-title=\"Michael Douglas y Catherine Zeta Jones precavidos con sus hijos\" \r\n\t            data-home=\"https:\/\/www.evafm.net\/sitio\"><\/div>","protected":false},"excerpt":{"rendered":"<p>Michael Douglas teme de que sus hijos con Catherine Zeta Jones hayan heredado su misma predisposici\u00f3n gen\u00e9tica a las adicciones. El actor confes\u00f3 en una entrevista con\u00a0The Mirror\u00a0que est\u00e1 preocupado de que; Dylan de 18 y Carys de 15 enfrenten la misma batalla con la que \u00e9l y otros integrantes de su familia han tenido&#8230;<\/p>\n","protected":false},"author":5,"featured_media":41779,"comment_status":"closed","ping_status":"open","sticky":false,"template":"","format":"standard","meta":{"_joinchat":[],"footnotes":""},"categories":[1346,1720],"tags":[],"class_list":["post-41778","post","type-post","status-publish","format-standard","has-post-thumbnail","hentry","category-farandula-internacional","category-general","have-post-thumb"],"_links":{"self":[{"href":"https:\/\/www.evafm.net\/sitio\/wp-json\/wp\/v2\/posts\/41778","targetHints":{"allow":["GET"]}}],"collection":[{"href":"https:\/\/www.evafm.net\/sitio\/wp-json\/wp\/v2\/posts"}],"about":[{"href":"https:\/\/www.evafm.net\/sitio\/wp-json\/wp\/v2\/types\/post"}],"author":[{"embeddable":true,"href":"https:\/\/www.evafm.net\/sitio\/wp-json\/wp\/v2\/users\/5"}],"replies":[{"embeddable":true,"href":"https:\/\/www.evafm.net\/sitio\/wp-json\/wp\/v2\/comments?post=41778"}],"version-history":[{"count":1,"href":"https:\/\/www.evafm.net\/sitio\/wp-json\/wp\/v2\/posts\/41778\/revisions"}],"predecessor-version":[{"id":41780,"href":"https:\/\/www.evafm.net\/sitio\/wp-json\/wp\/v2\/posts\/41778\/revisions\/41780"}],"wp:featuredmedia":[{"embeddable":true,"href":"https:\/\/www.evafm.net\/sitio\/wp-json\/wp\/v2\/media\/41779"}],"wp:attachment":[{"href":"https:\/\/www.evafm.net\/sitio\/wp-json\/wp\/v2\/media?parent=41778"}],"wp:term":[{"taxonomy":"category","embeddable":true,"href":"https:\/\/www.evafm.net\/sitio\/wp-json\/wp\/v2\/categories?post=41778"},{"taxonomy":"post_tag","embeddable":true,"href":"https:\/\/www.evafm.net\/sitio\/wp-json\/wp\/v2\/tags?post=41778"}],"curies":[{"name":"wp","href":"https:\/\/api.w.org\/{rel}","templated":true}]}}