{"id":41798,"date":"2018-11-23T19:36:50","date_gmt":"2018-11-24T00:36:50","guid":{"rendered":"http:\/\/www.evafm.net\/sitio\/?p=41798"},"modified":"2018-11-23T19:36:50","modified_gmt":"2018-11-24T00:36:50","slug":"river-vs-boca-final-copa-libertadores-2018","status":"publish","type":"post","link":"https:\/\/www.evafm.net\/sitio\/river-vs-boca-final-copa-libertadores-2018\/","title":{"rendered":"River vs Boca Final Copa Libertadores 2018"},"content":{"rendered":"<p id=\"p575970-m468-467-469\" class=\"parrafo first-parrafo \"><b>Final Copa Libertadores 2018 en vivo<\/b>\u00a0| Este s\u00e1bado 24 de noviembre de noviembre, arranca el sue\u00f1o definitivo, la \u00faltima batalla, el\u00a0<b>River Plate vs. Boca Juniors<\/b>\u00a0por la gran final de la tan ansiada\u00a0<b>Copa Libertadores 2018<\/b>\u00a0que podr\u00e1s mirarla en directo v\u00eda Fox Sports a las 14:00 horas Per\u00fa (17:00 horas en Argentina, 14:00 horas en Colombia, 16:00 horas Chile, 13:00 horas en M\u00e9xico y 12:00 ET\/ 14:00 PT en Estados Unidos) desde el estadio Monumental en Buenos Aires.<\/p>\n<p id=\"p575970-m478-1-479\" class=\"parrafo first-parrafo \">En un partido &#8216;no apto para card\u00edacos&#8217; y catalogado como la Final del mundo,\u00a0<b>River Plate<\/b>\u00a0recibe a su m\u00e1s cl\u00e1sico rival,\u00a0<b>Boca Juniors<\/b>, en lo que significar\u00e1 el encuentro m\u00e1s importante de la historia de la\u00a0<b>Copa Libertadores<\/b>\u00a0de Am\u00e9rica y del cu\u00e1l tendremos a nuestro representante para jugar el Mundial de Clubes 2018.<\/p>\n<p id=\"p575970-m488-2-489\" class=\"parrafo first-parrafo \">Por otro lado,\u00a0<b>Boca Juniors<\/b>\u00a0busca igualar a Independiente de Avellaneda como el equipo m\u00e1s ganador en la historia de la Copa y es que en estos momentos cuentan con seis, una m\u00e1s e igualar\u00e1n a los &#8216;rojos&#8217; mientras que\u00a0<b>River<\/b>\u00a0va en b\u00fasqueda de su cuarta insignia continental.<\/p>\n<p id=\"p575970-m493-3-494\" class=\"parrafo first-parrafo \"><b>Resumen del River &#8211; Boca de ida en La Bombonera<\/b><\/p>\n<p id=\"p575970-m498-4-499\" class=\"parrafo first-parrafo \"><b>\u00a1Primer gol de Boca!<\/b>\u00a0Ram\u00f3n \u00c1bila encontr\u00f3 un bal\u00f3n por la banda izquierda y con un enganche a Jonathan Maidana, remat\u00f3 muy fuerte a lo que el portero Franco Armani dio un rebote que le volvi\u00f3 a quedar al mismo Wanchope que hizo el 1 a 0 parcial.<\/p>\n<p id=\"p575970-m503-5-504\" class=\"parrafo first-parrafo \"><b>\u00a1Empate de River Plate!\u00a0<\/b>La alegr\u00eda fue ef\u00edmera para los &#8216;xeneizes&#8217; y es que La Bombonera fue &#8216;silenciada&#8217; tras una jugada de Lucas Pratto, que a tan solo 2 minutos, hizo el gol con el que los &#8216;millonarios&#8217; igualaron el encuentro.<\/p>\n<p id=\"p575970-m508-6-509\" class=\"parrafo first-parrafo \"><b>\u00a1El segundo fue de Dar\u00edo Benedetto!<\/b>\u00a0El goleador de Boca Juniors apareci\u00f3 en un momento clave para el cl\u00e1sico y es que este anot\u00f3 el 2 a 1 de cabeza cuando estaba por culminar el primer tiempo con un potente cabezazo al que Armani no pudo atajar.<\/p>\n<p id=\"p575970-m513-7-514\" class=\"parrafo first-parrafo \"><b>\u00a1Empate del &#8216;Pity&#8217; Mart\u00ednez!\u00a0<\/b>Un remate de bal\u00f3n parado que descoloc\u00f3 a toda la defensa de Boca hizo que el centro de Gonzalo Mart\u00ednez choque en Izquierdoz y anote en su propia valla, concretando as\u00ed el 2 a 2 definitivo de la primera final de Copa.<\/p>\n<p align=\"justify\">Todo el plantel de River se concentrar\u00e1 en Cardales para la Superfinal de la Copa Libertadores ante Boca del s\u00e1bado a las 17 en el Monumental. De la lista de buena fe de 30 jugadores, 29 -solamente faltar\u00e1 el juvenil H\u00e9ctor Mart\u00ednez- estar\u00e1n desde el jueves en el predio que el t\u00e9cnico Marcelo Gallardo elige para la previa de los duelos importantes.<\/p>\n<p align=\"justify\">En la lista aparece el colombiano Rafael Santos Borr\u00e9, suspendido por acumulaci\u00f3n de tarjetas amarillas, y tambi\u00e9n Ignacio Scocco, quien qued\u00f3 descartado en las \u00faltimas horas para enfrentar al Xeneize por haberse resentido de la lesi\u00f3n muscular en el gemelo derecho que sufri\u00f3 ante Estudiantes por la Superliga.<\/p>\n<p align=\"justify\">Todo el plantel de River se concentrar\u00e1 en Cardales para la Superfinal de la Copa Libertadores ante Boca del s\u00e1bado a las 17 en el Monumental. De la lista de buena fe de 30 jugadores, 29 -solamente faltar\u00e1 el juvenil H\u00e9ctor Mart\u00ednez- estar\u00e1n desde el jueves en el predio que el t\u00e9cnico Marcelo Gallardo elige para la previa de los duelos importantes.<\/p>\n<p align=\"justify\">En la lista aparece el colombiano Rafael Santos Borr\u00e9, suspendido por acumulaci\u00f3n de tarjetas amarillas, y tambi\u00e9n Ignacio Scocco, quien qued\u00f3 descartado en las \u00faltimas horas para enfrentar al Xeneize por haberse resentido de la lesi\u00f3n muscular en el gemelo derecho que sufri\u00f3 ante Estudiantes por la Superliga.<\/p>\n<p align=\"justify\">\n<p align=\"justify\"><u>Los concentrados de River:<\/u><\/p>\n<p align=\"justify\">\n<p align=\"justify\"><u>Arqueros<\/u>: Franco Armani, Germ\u00e1n Lux y Enrique Bologna.<\/p>\n<p align=\"justify\">\n<p align=\"justify\"><u>Defensores<\/u>: Jonatan Maidana, Javier Pinola, Gonzalo Montiel, Milton Casco, Lucas Mart\u00ednez Quarta, Jorge Moreira, Luciano Lollo, Nahuel Gallardo y Kevin Sibille.<\/p>\n<p align=\"justify\">\n<p align=\"justify\"><u>Mediocampistas<\/u>: Leonardo Ponzio, Gonzalo Mart\u00ednez, Exequiel Palacios, Ignacio Fern\u00e1ndez, Enzo P\u00e9rez, Juan Fernando Quintero, Bruno Zuculini, Camilo Mayada, Nicol\u00e1s de la Cruz, Santiago Sosa y Cristian Ferreira.<\/p>\n<p align=\"justify\">\n<p align=\"justify\"><u>Delanteros<\/u>: Lucas Pratto, Rodrigo Mora, Rafael Santos Borr\u00e9, Ignacio Scocco, Juli\u00e1n Alvarez y Benjam\u00edn Rollheiser.<\/p>\n<p align=\"justify\">Convocados de Boca Juniors para la final.<\/p>\n<div align=\"justify\">\n<p>Boca hizo oficial una lista de 24 jugadores que quedar\u00e1n convocados de cara a la final de vuelta de la Copa Libertadores ante River. En relaci\u00f3n a la convocatoria del partido de ida, no hay ausencias pero s\u00ed tres incorporaciones.<\/p>\n<\/div>\n<p align=\"justify\">A los 21 concentrados del partido jugado en La Bombonera se a\u00f1adieron a la lista Esteban Andrada, Emanuel Reynoso y Crisitan Espinoza. Por otro lado, Cristian Pav\u00f3n aparece entre los 24 concentrados de Boca para la Superfinal ante River, este s\u00e1bado desde las 17 en el Monumental. A pesar de estar desgarrado, estar\u00e1 con el plantel.<\/p>\n<p align=\"justify\">\n<blockquote class=\"twitter-tweet\" data-width=\"550\" data-dnt=\"true\">\n<p lang=\"es\" dir=\"ltr\"><a href=\"https:\/\/twitter.com\/hashtag\/Concentrados?src=hash&amp;ref_src=twsrc%5Etfw\">#Concentrados<\/a> para la final de la Copa Libertadores.<a href=\"https:\/\/twitter.com\/hashtag\/JugamosTodos?src=hash&amp;ref_src=twsrc%5Etfw\">#JugamosTodos<\/a> <a href=\"https:\/\/twitter.com\/hashtag\/VamosBoca?src=hash&amp;ref_src=twsrc%5Etfw\">#VamosBoca<\/a> \ud83d\udc4a <a href=\"https:\/\/t.co\/iQ9YPLDoSW\">pic.twitter.com\/iQ9YPLDoSW<\/a><\/p>\n<p>&mdash; Boca Juniors (@BocaJrsOficial) <a href=\"https:\/\/twitter.com\/BocaJrsOficial\/status\/1065316993346256896?ref_src=twsrc%5Etfw\">November 21, 2018<\/a><\/p><\/blockquote>\n<p><script async src=\"https:\/\/platform.twitter.com\/widgets.js\" charset=\"utf-8\"><\/script><\/p>\n<div>Fuente: elcomercio.pe &#8211; ecuagol.com &#8211; twitter.com<\/div>\n<div class=\"gsp_post_data\" \r\n\t            data-post_type=\"post\" \r\n\t            data-cat=\"deportes-internacionales,general\" \r\n\t            data-modified=\"120\"\r\n\t            data-created=\"1543001810\"\r\n\t            data-title=\"River vs Boca Final Copa Libertadores 2018\" \r\n\t            data-home=\"https:\/\/www.evafm.net\/sitio\"><\/div>","protected":false},"excerpt":{"rendered":"<p>Final Copa Libertadores 2018 en vivo\u00a0| Este s\u00e1bado 24 de noviembre de noviembre, arranca el sue\u00f1o definitivo, la \u00faltima batalla, el\u00a0River Plate vs. Boca Juniors\u00a0por la gran final de la tan ansiada\u00a0Copa Libertadores 2018\u00a0que podr\u00e1s mirarla en directo v\u00eda Fox Sports a las 14:00 horas Per\u00fa (17:00 horas en Argentina, 14:00 horas en Colombia, 16:00&#8230;<\/p>\n","protected":false},"author":5,"featured_media":41800,"comment_status":"closed","ping_status":"open","sticky":false,"template":"","format":"standard","meta":{"_joinchat":[],"footnotes":""},"categories":[1342,1720],"tags":[],"class_list":["post-41798","post","type-post","status-publish","format-standard","has-post-thumbnail","hentry","category-deportes-internacionales","category-general","have-post-thumb"],"_links":{"self":[{"href":"https:\/\/www.evafm.net\/sitio\/wp-json\/wp\/v2\/posts\/41798","targetHints":{"allow":["GET"]}}],"collection":[{"href":"https:\/\/www.evafm.net\/sitio\/wp-json\/wp\/v2\/posts"}],"about":[{"href":"https:\/\/www.evafm.net\/sitio\/wp-json\/wp\/v2\/types\/post"}],"author":[{"embeddable":true,"href":"https:\/\/www.evafm.net\/sitio\/wp-json\/wp\/v2\/users\/5"}],"replies":[{"embeddable":true,"href":"https:\/\/www.evafm.net\/sitio\/wp-json\/wp\/v2\/comments?post=41798"}],"version-history":[{"count":1,"href":"https:\/\/www.evafm.net\/sitio\/wp-json\/wp\/v2\/posts\/41798\/revisions"}],"predecessor-version":[{"id":41801,"href":"https:\/\/www.evafm.net\/sitio\/wp-json\/wp\/v2\/posts\/41798\/revisions\/41801"}],"wp:featuredmedia":[{"embeddable":true,"href":"https:\/\/www.evafm.net\/sitio\/wp-json\/wp\/v2\/media\/41800"}],"wp:attachment":[{"href":"https:\/\/www.evafm.net\/sitio\/wp-json\/wp\/v2\/media?parent=41798"}],"wp:term":[{"taxonomy":"category","embeddable":true,"href":"https:\/\/www.evafm.net\/sitio\/wp-json\/wp\/v2\/categories?post=41798"},{"taxonomy":"post_tag","embeddable":true,"href":"https:\/\/www.evafm.net\/sitio\/wp-json\/wp\/v2\/tags?post=41798"}],"curies":[{"name":"wp","href":"https:\/\/api.w.org\/{rel}","templated":true}]}}