{"id":41830,"date":"2018-11-24T10:02:42","date_gmt":"2018-11-24T15:02:42","guid":{"rendered":"http:\/\/www.evafm.net\/sitio\/?p=41830"},"modified":"2018-11-24T10:02:42","modified_gmt":"2018-11-24T15:02:42","slug":"medico-de-lduq-confirmo-el-posible-retorno-de-pellerano","status":"publish","type":"post","link":"https:\/\/www.evafm.net\/sitio\/medico-de-lduq-confirmo-el-posible-retorno-de-pellerano\/","title":{"rendered":"M\u00e9dico de LDUQ confirm\u00f3 el posible retorno de Pellerano"},"content":{"rendered":"<p>El m\u00e9dico de LDUQ, Juan Barriga, habl\u00f3 en Mundo Deportivo sobre la lesi\u00f3n del futbolista argentino Hern\u00e1n Pellerano y gener\u00f3 buenas noticias para su posible retorno a las canchas luego de su lesi\u00f3n sufrida en el rostro.<\/p>\n<p>\u00abPellerano ya estar\u00e1 listo para el juego del mi\u00e9rcoles ante Aucas. Incluso el jugador quiere jugar ante El Nacional, pero por precauci\u00f3n no le permitimos para que no se empeore su fractura\u00bb, manifest\u00f3 el doctor albo.<\/p>\n<p>\u00abHay que adoptar todos los medios para que no juguemos una final del torneo y ser campeones directos\u00bb, sentenci\u00f3 el galeno del conjunto capitalino.<\/p>\n<p>Fuente: ecuagol.com<\/p>\n<div class=\"gsp_post_data\" \r\n\t            data-post_type=\"post\" \r\n\t            data-cat=\"deportes-ecuador\" \r\n\t            data-modified=\"120\"\r\n\t            data-created=\"1543053762\"\r\n\t            data-title=\"M\u00e9dico de LDUQ confirm\u00f3 el posible retorno de Pellerano\" \r\n\t            data-home=\"https:\/\/www.evafm.net\/sitio\"><\/div>","protected":false},"excerpt":{"rendered":"<p>El m\u00e9dico de LDUQ, Juan Barriga, habl\u00f3 en Mundo Deportivo sobre la lesi\u00f3n del futbolista argentino Hern\u00e1n Pellerano y gener\u00f3 buenas noticias para su posible retorno a las canchas luego de su lesi\u00f3n sufrida en el rostro. \u00abPellerano ya estar\u00e1 listo para el juego del mi\u00e9rcoles ante Aucas. Incluso el jugador quiere jugar ante El&#8230;<\/p>\n","protected":false},"author":5,"featured_media":41831,"comment_status":"closed","ping_status":"open","sticky":false,"template":"","format":"standard","meta":{"_joinchat":[],"footnotes":""},"categories":[1557],"tags":[],"class_list":["post-41830","post","type-post","status-publish","format-standard","has-post-thumbnail","hentry","category-deportes-ecuador","have-post-thumb"],"_links":{"self":[{"href":"https:\/\/www.evafm.net\/sitio\/wp-json\/wp\/v2\/posts\/41830","targetHints":{"allow":["GET"]}}],"collection":[{"href":"https:\/\/www.evafm.net\/sitio\/wp-json\/wp\/v2\/posts"}],"about":[{"href":"https:\/\/www.evafm.net\/sitio\/wp-json\/wp\/v2\/types\/post"}],"author":[{"embeddable":true,"href":"https:\/\/www.evafm.net\/sitio\/wp-json\/wp\/v2\/users\/5"}],"replies":[{"embeddable":true,"href":"https:\/\/www.evafm.net\/sitio\/wp-json\/wp\/v2\/comments?post=41830"}],"version-history":[{"count":1,"href":"https:\/\/www.evafm.net\/sitio\/wp-json\/wp\/v2\/posts\/41830\/revisions"}],"predecessor-version":[{"id":41832,"href":"https:\/\/www.evafm.net\/sitio\/wp-json\/wp\/v2\/posts\/41830\/revisions\/41832"}],"wp:featuredmedia":[{"embeddable":true,"href":"https:\/\/www.evafm.net\/sitio\/wp-json\/wp\/v2\/media\/41831"}],"wp:attachment":[{"href":"https:\/\/www.evafm.net\/sitio\/wp-json\/wp\/v2\/media?parent=41830"}],"wp:term":[{"taxonomy":"category","embeddable":true,"href":"https:\/\/www.evafm.net\/sitio\/wp-json\/wp\/v2\/categories?post=41830"},{"taxonomy":"post_tag","embeddable":true,"href":"https:\/\/www.evafm.net\/sitio\/wp-json\/wp\/v2\/tags?post=41830"}],"curies":[{"name":"wp","href":"https:\/\/api.w.org\/{rel}","templated":true}]}}