{"id":41833,"date":"2018-11-24T10:16:14","date_gmt":"2018-11-24T15:16:14","guid":{"rendered":"http:\/\/www.evafm.net\/sitio\/?p=41833"},"modified":"2018-11-24T10:16:14","modified_gmt":"2018-11-24T15:16:14","slug":"aquiles-alvarez-se-va-a-finales-de-este-ano-de-la-comision-de-futbol-de-barcelona","status":"publish","type":"post","link":"https:\/\/www.evafm.net\/sitio\/aquiles-alvarez-se-va-a-finales-de-este-ano-de-la-comision-de-futbol-de-barcelona\/","title":{"rendered":"Aquiles \u00c1lvarez se va a finales de este a\u00f1o de la Comisi\u00f3n de F\u00fatbol de Barcelona"},"content":{"rendered":"<p><strong>Aquiles \u00c1lvarez<\/strong>, presidente de la\u00a0<strong>Comisi\u00f3n de F\u00fatbol de Barcelona<\/strong>, aclar\u00f3 ayer a este Diario que no ha renunciado al cargo; sin embargo, inform\u00f3 que estar\u00e1 en el club hasta que finalice esta temporada.<\/p>\n<p>\u201cA inicios de la segunda etapa del campeonato conced\u00ed varias entrevistas en las que manifest\u00e9 que por temas familiares y otros factores, me hab\u00eda planteado cumplir hasta fin de a\u00f1o con Barcelona. Contin\u00fao con esa idea en firme\u201d, coment\u00f3 el dirigente de los amarillos.<\/p>\n<p>\u201cFaltan cuatro partidos (para que termine la fase) y voy a acompa\u00f1ar al equipo hasta el final porque hay ese compromiso con los jugadores, cuerpo t\u00e9cnico y el club\u201d, a\u00f1adi\u00f3.<\/p>\n<p>Respecto a la campa\u00f1a de su escuadra, que ocupa la sexta posici\u00f3n, con 28 puntos, y que de no vencer hoy a Independiente perder\u00eda toda opci\u00f3n de pelear por la etapa, el directivo est\u00e1 consciente de que la situaci\u00f3n no es f\u00e1cil para los dirigidos por Guillermo Almada.<\/p>\n<p>\u201cSe arm\u00f3 un gran plantel. Lastimosamente no se han conseguido los resultados que nos planteamos a inicios de a\u00f1o.<\/p>\n<p>i se nos dan los resultados es probable que Barcelona termine como el mejor en la acumulada, pero no nos va a servir de nada si el objetivo es querer ser campeones.<\/p>\n<p>Estamos conscientes de que es dif\u00edcil, pero hay que luchar hasta el final\u201d, expres\u00f3 el titular de la Comisi\u00f3n de F\u00fatbol de la escuadra torera.<\/p>\n<div id=\"vidoomy\">\n<div>\n<div id=\"1543072124775154650960\"><\/div>\n<\/div>\n<\/div>\n<p>Y de la suspensi\u00f3n indefinida del volante Michael Arroyo, quien afronta un caso de dopaje que podr\u00eda terminar con su carrera, \u00c1lvarez se\u00f1al\u00f3 que Barcelona respalda al futbolista.<\/p>\n<p>\u201cLo de Arroyo es una pena. En redes sociales se han vertido muchos comentarios y por su pasado se lo juzga cuando todav\u00eda no se conoce bien la sustancia que supuestamente ha salido en el informe m\u00e9dico. Confiamos en Michael, es un gran profesional. Debemos esperar qu\u00e9 sucede y lo vamos a apoyar sin duda alguna\u201d, indic\u00f3 el directivo torero.<\/p>\n<p>Tambi\u00e9n habl\u00f3 de la situaci\u00f3n del delantero Jos\u00e9 Ayov\u00ed, quien rescindir\u00e1 contrato al aducir \u201ctemas familiares\u201d, \u00c1lvarez ratific\u00f3 que el futbolista dejar\u00e1 la instituci\u00f3n y que ser\u00e1 por \u201cmutuo acuerdo\u201d de las partes. \u201cLa relaci\u00f3n laboral concluye en buenos t\u00e9rminos\u201d, finaliz\u00f3 \u00c1lvarez. (D)<\/p>\n<p>Fuente:<\/p>\n<div class=\"gsp_post_data\" \r\n\t            data-post_type=\"post\" \r\n\t            data-cat=\"deportes-ecuador\" \r\n\t            data-modified=\"120\"\r\n\t            data-created=\"1543054574\"\r\n\t            data-title=\"Aquiles \u00c1lvarez se va a finales de este a\u00f1o de la Comisi\u00f3n de F\u00fatbol de Barcelona\" \r\n\t            data-home=\"https:\/\/www.evafm.net\/sitio\"><\/div>","protected":false},"excerpt":{"rendered":"<p>Aquiles \u00c1lvarez, presidente de la\u00a0Comisi\u00f3n de F\u00fatbol de Barcelona, aclar\u00f3 ayer a este Diario que no ha renunciado al cargo; sin embargo, inform\u00f3 que estar\u00e1 en el club hasta que finalice esta temporada. \u201cA inicios de la segunda etapa del campeonato conced\u00ed varias entrevistas en las que manifest\u00e9 que por temas familiares y otros factores,&#8230;<\/p>\n","protected":false},"author":5,"featured_media":41834,"comment_status":"closed","ping_status":"open","sticky":false,"template":"","format":"standard","meta":{"_joinchat":[],"footnotes":""},"categories":[1557],"tags":[],"class_list":["post-41833","post","type-post","status-publish","format-standard","has-post-thumbnail","hentry","category-deportes-ecuador","have-post-thumb"],"_links":{"self":[{"href":"https:\/\/www.evafm.net\/sitio\/wp-json\/wp\/v2\/posts\/41833","targetHints":{"allow":["GET"]}}],"collection":[{"href":"https:\/\/www.evafm.net\/sitio\/wp-json\/wp\/v2\/posts"}],"about":[{"href":"https:\/\/www.evafm.net\/sitio\/wp-json\/wp\/v2\/types\/post"}],"author":[{"embeddable":true,"href":"https:\/\/www.evafm.net\/sitio\/wp-json\/wp\/v2\/users\/5"}],"replies":[{"embeddable":true,"href":"https:\/\/www.evafm.net\/sitio\/wp-json\/wp\/v2\/comments?post=41833"}],"version-history":[{"count":1,"href":"https:\/\/www.evafm.net\/sitio\/wp-json\/wp\/v2\/posts\/41833\/revisions"}],"predecessor-version":[{"id":41835,"href":"https:\/\/www.evafm.net\/sitio\/wp-json\/wp\/v2\/posts\/41833\/revisions\/41835"}],"wp:featuredmedia":[{"embeddable":true,"href":"https:\/\/www.evafm.net\/sitio\/wp-json\/wp\/v2\/media\/41834"}],"wp:attachment":[{"href":"https:\/\/www.evafm.net\/sitio\/wp-json\/wp\/v2\/media?parent=41833"}],"wp:term":[{"taxonomy":"category","embeddable":true,"href":"https:\/\/www.evafm.net\/sitio\/wp-json\/wp\/v2\/categories?post=41833"},{"taxonomy":"post_tag","embeddable":true,"href":"https:\/\/www.evafm.net\/sitio\/wp-json\/wp\/v2\/tags?post=41833"}],"curies":[{"name":"wp","href":"https:\/\/api.w.org\/{rel}","templated":true}]}}