{"id":41950,"date":"2018-11-26T17:44:54","date_gmt":"2018-11-26T22:44:54","guid":{"rendered":"http:\/\/www.evafm.net\/sitio\/?p=41950"},"modified":"2018-11-26T17:44:54","modified_gmt":"2018-11-26T22:44:54","slug":"luis-fonsi-y-eros-ramazzotti","status":"publish","type":"post","link":"https:\/\/www.evafm.net\/sitio\/luis-fonsi-y-eros-ramazzotti\/","title":{"rendered":"Luis Fonsi y Eros Ramazzotti"},"content":{"rendered":"<p>El astro boricua catalog\u00f3 como \u00abun verdadero placer\u00bb su colaboraci\u00f3n con el astro italiano Eros Ramazzotti, quien revel\u00f3 hoy mediante comunicado de prensa detalles de una gira mundial que lo traer\u00e1 al continente americano el pr\u00f3ximo verano.<\/p>\n<p>En sus declaraciones escritas, Fonsi y Ramazzotti expresaron como del trabajo colaborativo en Miami para grabar el tema \u00abPer Le Strade Una Canzone\u00bb (Por las calles las canciones) naci\u00f3 una sincera amistad entre ambos.<\/p>\n<p>\u00abPer le strade una canzone\u00a0es una canci\u00f3n que te hace sentir bien, te da buen humor, habla de la m\u00fasica y de salir a la calle a celebrar el amor y a divertirse junto a la gente. Esto es lo que Eros y yo queremos comunicar, la idea de compartir con los dem\u00e1s las buenas vibraciones de la m\u00fasica\u00bb, dijo Fonsi.<\/p>\n<p>\u00abEstoy feliz de haber colaborado con el extraordinario e incre\u00edble Eros Ramazzotti, lo adoro y ha sido un verdadero placer trabajar con \u00e9l\u00bb, expres\u00f3 el astro boricua, del que el comunicado de prensa destaca su monumental \u00e9xito Despacito.<\/p>\n<p>En la canci\u00f3n, Ramazzotti canta en italiano y espa\u00f1ol, algo que ha hecho en el pasado, e incluye como parte de la letra oficial a Puerto Rico.<\/p>\n<p>\u00abSolo si est\u00e1s, no importa lluvia y viento, lo que tenga que venir vendr\u00e1\u00bb, es parte de la letra que canta Fonsi en el tema con Eros.<\/p>\n<p>El tema est\u00e1 incluido en\u00a0VITA CE N&#8217;\u00c8, la primera producci\u00f3n con temas completamente nuevos de Ramazzotti, que tambi\u00e9n ser\u00e1 eje de una\u00a0gira mundial, producida por\u00a0Radiorama\u00a0y organizada por\u00a0Vertigo\/CTS Eventim, que empezar\u00e1 en\u00a0Munich\u00a0el pr\u00f3ximo\u00a017 de febrero, evento del que ya se agotaron los boletos.<\/p>\n<p>Dos meses despu\u00e9s de la apertura de las preventas s\u00f3lo de las fechas europeas y de los estrenos italianos,\u00a0ya ha vendido 200,000 boletos, se indic\u00f3.<\/p>\n<p>La gira de ros alcanzar\u00e1 los cinco continentes y, el 3 de diciembre, con motivo del lanzamiento americano de la gira, se anunciar\u00e1n los espect\u00e1culos de Am\u00e9rica del Norte y Am\u00e9rica del Sur.<\/p>\n<p>De hecho, Eros estar\u00e1 ocupado en EE. UU desde el 14 de mayo hasta el 26 de junio cuando el\u00a0Vita ce n&#8217;\u00e8 World tour tocar\u00e1 ciudades como Nueva York, Los \u00c1ngeles, Miami, Chicago, Toronto, Ciudad de M\u00e9xico, Buenos Aires, R\u00edo De Janeiro, Sao Paulo, Santiago de Chile y muchos m\u00e1s.<\/p>\n<p><iframe title=\"Eros Ramazzotti - Per Le Strade Una Canzone (feat. Luis Fonsi)\" width=\"1200\" height=\"675\" src=\"https:\/\/www.youtube.com\/embed\/GbOJIc8W31c?feature=oembed\" frameborder=\"0\" allow=\"accelerometer; autoplay; clipboard-write; encrypted-media; gyroscope; picture-in-picture; web-share\" referrerpolicy=\"strict-origin-when-cross-origin\" allowfullscreen><\/iframe><\/p>\n<p>Fuente: primerahora.com<\/p>\n<div class=\"gsp_post_data\" \r\n\t            data-post_type=\"post\" \r\n\t            data-cat=\"musica-internacional\" \r\n\t            data-modified=\"120\"\r\n\t            data-created=\"1543254294\"\r\n\t            data-title=\"Luis Fonsi y Eros Ramazzotti\" \r\n\t            data-home=\"https:\/\/www.evafm.net\/sitio\"><\/div>","protected":false},"excerpt":{"rendered":"<p>El astro boricua catalog\u00f3 como \u00abun verdadero placer\u00bb su colaboraci\u00f3n con el astro italiano Eros Ramazzotti, quien revel\u00f3 hoy mediante comunicado de prensa detalles de una gira mundial que lo traer\u00e1 al continente americano el pr\u00f3ximo verano. En sus declaraciones escritas, Fonsi y Ramazzotti expresaron como del trabajo colaborativo en Miami para grabar el tema&#8230;<\/p>\n","protected":false},"author":5,"featured_media":41951,"comment_status":"closed","ping_status":"open","sticky":false,"template":"","format":"standard","meta":{"_joinchat":[],"footnotes":""},"categories":[2],"tags":[],"class_list":["post-41950","post","type-post","status-publish","format-standard","has-post-thumbnail","hentry","category-musica-internacional","have-post-thumb"],"_links":{"self":[{"href":"https:\/\/www.evafm.net\/sitio\/wp-json\/wp\/v2\/posts\/41950","targetHints":{"allow":["GET"]}}],"collection":[{"href":"https:\/\/www.evafm.net\/sitio\/wp-json\/wp\/v2\/posts"}],"about":[{"href":"https:\/\/www.evafm.net\/sitio\/wp-json\/wp\/v2\/types\/post"}],"author":[{"embeddable":true,"href":"https:\/\/www.evafm.net\/sitio\/wp-json\/wp\/v2\/users\/5"}],"replies":[{"embeddable":true,"href":"https:\/\/www.evafm.net\/sitio\/wp-json\/wp\/v2\/comments?post=41950"}],"version-history":[{"count":1,"href":"https:\/\/www.evafm.net\/sitio\/wp-json\/wp\/v2\/posts\/41950\/revisions"}],"predecessor-version":[{"id":41952,"href":"https:\/\/www.evafm.net\/sitio\/wp-json\/wp\/v2\/posts\/41950\/revisions\/41952"}],"wp:featuredmedia":[{"embeddable":true,"href":"https:\/\/www.evafm.net\/sitio\/wp-json\/wp\/v2\/media\/41951"}],"wp:attachment":[{"href":"https:\/\/www.evafm.net\/sitio\/wp-json\/wp\/v2\/media?parent=41950"}],"wp:term":[{"taxonomy":"category","embeddable":true,"href":"https:\/\/www.evafm.net\/sitio\/wp-json\/wp\/v2\/categories?post=41950"},{"taxonomy":"post_tag","embeddable":true,"href":"https:\/\/www.evafm.net\/sitio\/wp-json\/wp\/v2\/tags?post=41950"}],"curies":[{"name":"wp","href":"https:\/\/api.w.org\/{rel}","templated":true}]}}