{"id":41956,"date":"2018-11-26T18:11:25","date_gmt":"2018-11-26T23:11:25","guid":{"rendered":"http:\/\/www.evafm.net\/sitio\/?p=41956"},"modified":"2018-11-26T18:11:25","modified_gmt":"2018-11-26T23:11:25","slug":"si-la-justicia-me-da-la-verdad-no-tengo-que-buscarla-afuera","status":"publish","type":"post","link":"https:\/\/www.evafm.net\/sitio\/si-la-justicia-me-da-la-verdad-no-tengo-que-buscarla-afuera\/","title":{"rendered":"\u201cSi la justicia me da la verdad, no tengo que buscarla afuera\u201d"},"content":{"rendered":"<p><b>&#8211; Ya son casi ocho a\u00f1os de lucha. \u00bfQu\u00e9 se viene ahora?<\/b><\/p>\n<p>&#8211; La deuda que tiene la justicia para que est\u00e9n presos los autores intelectuales. Tambi\u00e9n deben estar detenidos los miembros de ese comit\u00e9 institucional que conform\u00f3 el expresidente Rafael Correa que, estoy convencida, lo hizo solo para borrar las huellas que dej\u00f3 el delito de asesinato a mi esposo.<\/p>\n<p><b>&#8211; \u00bfY conf\u00eda en la investigaci\u00f3n fiscal y en los jueces?<\/b><\/p>\n<p>&#8211; La justicia tiene que demostrar con el caso Gabela que realmente tiene ganas de llegar a la verdad.<\/p>\n<p>La sociedad ecuatoriana est\u00e1 expectante en este caso y nosotros como familia tambi\u00e9n.<\/p>\n<p>Haremos p\u00fablica cualquier anormalidad, algo que podamos sentir que la Fiscal\u00eda est\u00e9 demorando o haciendo algo que no est\u00e9 bien.<\/p>\n<p><b>&#8211; Una persona que en su momento se dijo que era el autor material del asesinato de su esposo fue asesinada.<\/b><\/p>\n<p><b> \u00bfCree usted que ese caso debe incluirse?<\/b><\/p>\n<p>&#8211; Definitivamente creo que es important\u00edsimo que se investiguen las causas del asesinato de alias Francis, quien fue el ejecutor del disparo a mi esposo.<\/p>\n<p>Sorprende que aquel fiscal anterior, Ren\u00e9 Astudillo, no hiciera una pericia de la direcci\u00f3n de la bala en el caso de mi esposo, que no investigara las amenazas p\u00fablicas que toda la prensa public\u00f3. Me quedan serias dudas de esa investigaci\u00f3n.<\/p>\n<p><b>&#8211; Ahora que menciona al entonces fiscal, \u00e9l concluy\u00f3 que fue la delincuencia com\u00fan la responsable en el caso de su esposo. <\/b><\/p>\n<p><b>\u00bfCree que hubo alg\u00fan inter\u00e9s de por medio o recibi\u00f3 presiones?<\/b><\/p>\n<p>&#8211; La respuesta la tiene que dar \u00e9l. Tiene que responder por qu\u00e9 no hizo una pericia de la direcci\u00f3n de la bala que asesin\u00f3 a mi esposo.<\/p>\n<p>Eso es contundente. Si la hubiese hecho se habr\u00eda dado cuenta de que quien dispar\u00f3 a mi esposo era zurdo y no derecho.<\/p>\n<p>Y todos los detenidos son derechos.<\/p>\n<p><b>&#8211; Usted ha dicho que va a ir hasta las \u00faltimas instancias. \u00bfBusca alguna reparaci\u00f3n econ\u00f3mica del Estado?<\/b><\/p>\n<p>&#8211; No. No me interesa. Hemos vivido con orgullo con lo que nos dej\u00f3 mi esposo.<\/p>\n<p>S\u00ed siento orgullo porque fue con su trabajo, esfuerzo y (estoy) convencida de que mi esposo no tiene ni una gota de sangre en sus manos ni responsabilidad de nada.<\/p>\n<p><b>&#8211; Se investigar\u00e1n las cuentas de todas las personas que tuvieron alguna vinculaci\u00f3n en la compra de los helic\u00f3pteros Dhruv y en la investigaci\u00f3n del caso de su esposo. \u00bfCree que se pueda hallar algo en esas cuentas? \u00bfQu\u00e9 espera encontrar?<\/b><\/p>\n<p>&#8211; Le ped\u00ed a la Fiscal\u00eda que nos incluyeran a m\u00ed y a mi esposo. Todos debemos ser investigados.<\/p>\n<p>El que no ha hecho (nada), no tiene por qu\u00e9 temer.<\/p>\n<p><b>&#8211; \u00bfCu\u00e1nto le ha costado econ\u00f3micamente, personalmente, estos ocho a\u00f1os de lucha?<\/b><\/p>\n<p>&#8211; Yo vivo del montep\u00edo de mi esposo. Con eso he hecho todo.<\/p>\n<p>He vendido terrenos.<\/p>\n<p>Toda la familia, tanto la de mi esposo como la m\u00eda, ha apoyado y siempre estoy agradecida con ellos.<\/p>\n<p>Seguiremos hasta el final.<\/p>\n<p><b>&#8211; El perito Roberto Meza vendr\u00e1 a hacer un nuevo peritaje. \u00bfUsted conf\u00eda en \u00e9l?<\/b><\/p>\n<p>&#8211; Vendr\u00e1 en enero de 2019 y har\u00e1 una pericia dirigida a la Fiscal\u00eda.<\/p>\n<p>No tiene nada que ver con rehacer el tercer producto.<\/p>\n<p>Lo que lo retrasar\u00e1 son las fiestas navide\u00f1as.<\/p>\n<p>Estimo que con eso y el aporte de la comisi\u00f3n se acelere un poco el caso y podamos hablar de detenidos y de algo m\u00e1s fuerte.<\/p>\n<p>La justicia tiene que hacer su parte, pero tampoco voy a esperar dos a\u00f1os.<\/p>\n<p>Hemos esperado ocho a\u00f1os.<\/p>\n<p><b>&#8211; Luego de conocer esa verdad, \u00bfqu\u00e9 ser\u00e1 de Patricia Ochoa?<\/b><\/p>\n<p>&#8211; El hecho de que haya perdido a mi pareja no significa que no tenga sue\u00f1os.<\/p>\n<p>Quiero estudiar. Terminar la universidad.<\/p>\n<p>Tal vez ponerme una cafeter\u00eda (sonr\u00ede).<\/p>\n<p>Fuente: expreso.ec<\/p>\n<div class=\"gsp_post_data\" \r\n\t            data-post_type=\"post\" \r\n\t            data-cat=\"noticias-ecuador\" \r\n\t            data-modified=\"120\"\r\n\t            data-created=\"1543255885\"\r\n\t            data-title=\"\u201cSi la justicia me da la verdad, no tengo que buscarla afuera\u201d\" \r\n\t            data-home=\"https:\/\/www.evafm.net\/sitio\"><\/div>","protected":false},"excerpt":{"rendered":"<p>&#8211; Ya son casi ocho a\u00f1os de lucha. \u00bfQu\u00e9 se viene ahora? &#8211; La deuda que tiene la justicia para que est\u00e9n presos los autores intelectuales. Tambi\u00e9n deben estar detenidos los miembros de ese comit\u00e9 institucional que conform\u00f3 el expresidente Rafael Correa que, estoy convencida, lo hizo solo para borrar las huellas que dej\u00f3 el&#8230;<\/p>\n","protected":false},"author":5,"featured_media":41957,"comment_status":"closed","ping_status":"open","sticky":false,"template":"","format":"standard","meta":{"_joinchat":[],"footnotes":""},"categories":[1558],"tags":[],"class_list":["post-41956","post","type-post","status-publish","format-standard","has-post-thumbnail","hentry","category-noticias-ecuador","have-post-thumb"],"_links":{"self":[{"href":"https:\/\/www.evafm.net\/sitio\/wp-json\/wp\/v2\/posts\/41956","targetHints":{"allow":["GET"]}}],"collection":[{"href":"https:\/\/www.evafm.net\/sitio\/wp-json\/wp\/v2\/posts"}],"about":[{"href":"https:\/\/www.evafm.net\/sitio\/wp-json\/wp\/v2\/types\/post"}],"author":[{"embeddable":true,"href":"https:\/\/www.evafm.net\/sitio\/wp-json\/wp\/v2\/users\/5"}],"replies":[{"embeddable":true,"href":"https:\/\/www.evafm.net\/sitio\/wp-json\/wp\/v2\/comments?post=41956"}],"version-history":[{"count":1,"href":"https:\/\/www.evafm.net\/sitio\/wp-json\/wp\/v2\/posts\/41956\/revisions"}],"predecessor-version":[{"id":41958,"href":"https:\/\/www.evafm.net\/sitio\/wp-json\/wp\/v2\/posts\/41956\/revisions\/41958"}],"wp:featuredmedia":[{"embeddable":true,"href":"https:\/\/www.evafm.net\/sitio\/wp-json\/wp\/v2\/media\/41957"}],"wp:attachment":[{"href":"https:\/\/www.evafm.net\/sitio\/wp-json\/wp\/v2\/media?parent=41956"}],"wp:term":[{"taxonomy":"category","embeddable":true,"href":"https:\/\/www.evafm.net\/sitio\/wp-json\/wp\/v2\/categories?post=41956"},{"taxonomy":"post_tag","embeddable":true,"href":"https:\/\/www.evafm.net\/sitio\/wp-json\/wp\/v2\/tags?post=41956"}],"curies":[{"name":"wp","href":"https:\/\/api.w.org\/{rel}","templated":true}]}}