{"id":41985,"date":"2018-11-27T16:31:11","date_gmt":"2018-11-27T21:31:11","guid":{"rendered":"http:\/\/www.evafm.net\/sitio\/?p=41985"},"modified":"2018-11-27T16:31:36","modified_gmt":"2018-11-27T21:31:36","slug":"vegeta-en-la-pelicula-de-dragon-ball-super","status":"publish","type":"post","link":"https:\/\/www.evafm.net\/sitio\/vegeta-en-la-pelicula-de-dragon-ball-super\/","title":{"rendered":"Vegeta en la pel\u00edcula de Dragon Ball Super"},"content":{"rendered":"<p>Broly est\u00e1 a punto de hacer su entrada oficial en el canon de\u00a0<strong>Dragon Ball Super. El Saiyan\u00a0<\/strong>legendario est\u00e1 de vuelta con una nueva apariencia y una historia mucho m\u00e1s conectada con el pr\u00edncipe de los\u00a0<strong>Saiyan Vegeta<\/strong>. \u00bfC\u00f3mo reaccionar\u00e1 el superguerrero ante \u00e9ste nuevo adversario?<\/p>\n<p>En una entrevista con el sitio oficial de\u00a0<strong>Dragon Ball<\/strong>, el actor japon\u00e9s que pone voz a Vegeta, Ryo Horikawa, ha dado algunas pistas de c\u00f3mo se comportar\u00e1 su personaje cuando Broly traiga consigo no s\u00f3lo un poder incontrolable, sino tambi\u00e9n los fantasmas del oscuro pasado de la raza Saiyan.<a href=\"https:\/\/www.elespectador.com\/entretenimiento\/cine\/alguien-que-ya-vio-dragon-ball-super-broly-advierte-la-lucha-con-goku-y-vegeta-es-epica-articulo-825230\" target=\"_blank\" rel=\"noopener\"><strong>\u00a0<\/strong><\/a><\/p>\n<p>\u00abAunque hay muchas peleas en la pel\u00edcula, tambi\u00e9n hay muchos momentos personales, lo que proporciona un atisbo de la vulnerabilidad y la bondad de los personajes. Tambi\u00e9n est\u00e1 la pregunta de qu\u00e9 pensar\u00e1\u00a0<strong>Vegeta del nuevo Saiyan<\/strong>. \u00bfLe parecer\u00e1 bien?\u00bb, traduce el usuario de Twitter Herms98 sobre las palabras de Horikawa.<\/p>\n<p>El actor de doblaje hace referencia a las numerosas peleas, uno de los puntos fuertes del film tan y como han se\u00f1alado las primeras cr\u00edticas, pero tambi\u00e9n a los momentos personales que explorar\u00e1n el car\u00e1cter de los personajes. Tambi\u00e9n abre la posibilidad de que Vegeta no vea a Broly como un adversario desde el principio.<\/p>\n<p>El c\u00f3mo se tomar\u00e1 Vegeta la aparici\u00f3n de Broly sigue siendo un misterio, pero conociendo al personaje seguro que quiere medir sus capacidades de combate con un enemigo tan digno como el Saiyan Legendario.<\/p>\n<p>Adem\u00e1s, Horikawa tambi\u00e9n advierte que \u00ablas escenas de combate son tan r\u00e1pida que no sabes cu\u00e1ndo est\u00e1s atacando o te est\u00e1n atacando\u00bb, se\u00f1alando que incluso \u00e9l tuvo que preguntar al director Tatsuya Nagamine para estar completamente seguro de qui\u00e9n recib\u00eda los golpes en cada momento.<\/p>\n<p>Para ver el enfrentamiento entre Vegeta, Broly, Goku y el resto de personajes de Dragon Ball Super habr\u00e1 que esperar hasta el 16 de diciembre, fecha de estreno prevista en Jap\u00f3n. A Espa\u00f1a llegar\u00e1 en febrero de 2019 gracias a Selecta Vision.<\/p>\n<p>Fuente: elespectador.com<\/p>\n<div class=\"gsp_post_data\" \r\n\t            data-post_type=\"post\" \r\n\t            data-cat=\"espectaculos,general\" \r\n\t            data-modified=\"120\"\r\n\t            data-created=\"1543336271\"\r\n\t            data-title=\"Vegeta en la pel\u00edcula de Dragon Ball Super\" \r\n\t            data-home=\"https:\/\/www.evafm.net\/sitio\"><\/div>","protected":false},"excerpt":{"rendered":"<p>Broly est\u00e1 a punto de hacer su entrada oficial en el canon de\u00a0Dragon Ball Super. El Saiyan\u00a0legendario est\u00e1 de vuelta con una nueva apariencia y una historia mucho m\u00e1s conectada con el pr\u00edncipe de los\u00a0Saiyan Vegeta. \u00bfC\u00f3mo reaccionar\u00e1 el superguerrero ante \u00e9ste nuevo adversario? En una entrevista con el sitio oficial de\u00a0Dragon Ball, el actor&#8230;<\/p>\n","protected":false},"author":5,"featured_media":41986,"comment_status":"closed","ping_status":"open","sticky":false,"template":"","format":"standard","meta":{"_joinchat":[],"footnotes":""},"categories":[4,1720],"tags":[],"class_list":["post-41985","post","type-post","status-publish","format-standard","has-post-thumbnail","hentry","category-espectaculos","category-general","have-post-thumb"],"_links":{"self":[{"href":"https:\/\/www.evafm.net\/sitio\/wp-json\/wp\/v2\/posts\/41985","targetHints":{"allow":["GET"]}}],"collection":[{"href":"https:\/\/www.evafm.net\/sitio\/wp-json\/wp\/v2\/posts"}],"about":[{"href":"https:\/\/www.evafm.net\/sitio\/wp-json\/wp\/v2\/types\/post"}],"author":[{"embeddable":true,"href":"https:\/\/www.evafm.net\/sitio\/wp-json\/wp\/v2\/users\/5"}],"replies":[{"embeddable":true,"href":"https:\/\/www.evafm.net\/sitio\/wp-json\/wp\/v2\/comments?post=41985"}],"version-history":[{"count":1,"href":"https:\/\/www.evafm.net\/sitio\/wp-json\/wp\/v2\/posts\/41985\/revisions"}],"predecessor-version":[{"id":41987,"href":"https:\/\/www.evafm.net\/sitio\/wp-json\/wp\/v2\/posts\/41985\/revisions\/41987"}],"wp:featuredmedia":[{"embeddable":true,"href":"https:\/\/www.evafm.net\/sitio\/wp-json\/wp\/v2\/media\/41986"}],"wp:attachment":[{"href":"https:\/\/www.evafm.net\/sitio\/wp-json\/wp\/v2\/media?parent=41985"}],"wp:term":[{"taxonomy":"category","embeddable":true,"href":"https:\/\/www.evafm.net\/sitio\/wp-json\/wp\/v2\/categories?post=41985"},{"taxonomy":"post_tag","embeddable":true,"href":"https:\/\/www.evafm.net\/sitio\/wp-json\/wp\/v2\/tags?post=41985"}],"curies":[{"name":"wp","href":"https:\/\/api.w.org\/{rel}","templated":true}]}}