{"id":41995,"date":"2018-11-27T16:57:59","date_gmt":"2018-11-27T21:57:59","guid":{"rendered":"http:\/\/www.evafm.net\/sitio\/?p=41995"},"modified":"2018-11-27T16:57:59","modified_gmt":"2018-11-27T21:57:59","slug":"catherine-zeta-jones-quedamos-destrozados-por-esas-acusaciones","status":"publish","type":"post","link":"https:\/\/www.evafm.net\/sitio\/catherine-zeta-jones-quedamos-destrozados-por-esas-acusaciones\/","title":{"rendered":"Catherine Zeta-Jones: \u00abQuedamos destrozados por esas acusaciones\u00bb"},"content":{"rendered":"<div class=\"node-teaser field field--name-field-teaser field--type-text-long field--label-hidden\">\n<p>Aunque siempre defendi\u00f3 y confi\u00f3 en la inocencia de su marido cuando una antigua empleada asegur\u00f3 haber sido objeto de un trato denigrante por parte de Michael Douglas, la actriz y sus hijos no fueron inmunes al impacto psicol\u00f3gico derivado de este ataque a su reputaci\u00f3n.<\/p>\n<\/div>\n<div class=\"node-image field field--name-field-main-picture field--type-image field--label-hidden\">\n<div class=\"ds-1col file file-image file-image-jpeg view-mode-article clearfix\">Al igual que ocurri\u00f3 hace unos meses cuando el actor Michael Douglas, de 74 a\u00f1os, fue acusado por una antigua empleada de haberle realizado\u00a0un trato\u00a0sexualmente degradante d\u00e9cadas atr\u00e1s, la actriz Catherine Zeta-Jones solo ha querido pronunciarse sobre un asunto tan espinoso para defender con vehemencia la inocencia de su c\u00e9lebre marido y, en este caso, tambi\u00e9n para ahondar en los dram\u00e1ticos efectos psicol\u00f3gicos que ejerci\u00f3 semejante alegato tanto en ella como en los dos hijos que tiene el matrimonio, los j\u00f3venes Dylan (18) y Carys (15).<\/div>\n<\/div>\n<div><\/div>\n<div>\u00abMis hijos y yo nos quedamos destrozados por culpa de estas acusaciones. Y adem\u00e1s yo acab\u00e9 cuestionando buena parte de esos principios morales que cre\u00eda absolutos.<\/div>\n<div>Esta mujer apareci\u00f3 de la nada y arremeti\u00f3 contra mi marido sin nada m\u00e1s a lo que aferrarse que a su d\u00e9bil testimonio, pero aun as\u00ed tuve una conversaci\u00f3n muy importante con mis hijos y con mi marido y les dije a todos: &#8216;Si salen m\u00e1s cosas como esta, ser\u00e1 muy doloroso'\u00bb, le dijo\u00a0a la revista del Sunday Times.<\/div>\n<div><\/div>\n<div>Y es que al margen de la falta de pruebas e incluso de indicios que pudieran otorgar algo de credibilidad a la versi\u00f3n de los hechos ofrecida por la supuesta v\u00edctima, el ataque contra la reputaci\u00f3n y el buen nombre del astro de Hollywood -as\u00ed como la consiguiente cobertura medi\u00e1tica y posibles rumores que pudieran surgir al respecto- lleg\u00f3 a perturbar significativamente la tranquilidad familiar y les puso a todos en el punto de mira de un debate francamente doloroso.<\/div>\n<div><\/div>\n<div>\u00abEl \u00fanico consuelo que ten\u00edamos es que sab\u00edamos perfectamente que no hab\u00eda noticia de ning\u00fan tipo en sus alegaciones y que tiempo pondr\u00eda a cada uno en su lugar.<\/div>\n<div>Y, efectivamente, as\u00ed termin\u00f3 siendo todo.<\/div>\n<div>Es que no hab\u00eda absolutamente nada que pudiera fundamentar su historia\u00bb, explic\u00f3 en la misma conversaci\u00f3n para expresar, a continuaci\u00f3n, la pena que le embarga cuando una acusaci\u00f3n infundada de esta naturaleza amenaza con desacreditar al movimiento feminista en su totalidad.<\/p>\n<p>\u00abMe parece muy triste que se acuse a la gente con esta ligereza y sin ofrecer evidencia alguna que lo respalde.<\/p><\/div>\n<div><\/div>\n<div>Creo que por cada una de estas historias falsas, el movimiento retrocede 20 a\u00f1os atr\u00e1s en el tiempo\u00bb, sentenci\u00f3\u00a0Catherine Zeta-Jones.<\/div>\n<div><\/div>\n<div>Fuente: elespectador.com<\/div>\n<div><\/div>\n<div class=\"gsp_post_data\" \r\n\t            data-post_type=\"post\" \r\n\t            data-cat=\"farandula-internacional\" \r\n\t            data-modified=\"120\"\r\n\t            data-created=\"1543337879\"\r\n\t            data-title=\"Catherine Zeta-Jones: \u00abQuedamos destrozados por esas acusaciones\u00bb\" \r\n\t            data-home=\"https:\/\/www.evafm.net\/sitio\"><\/div>","protected":false},"excerpt":{"rendered":"<p>Aunque siempre defendi\u00f3 y confi\u00f3 en la inocencia de su marido cuando una antigua empleada asegur\u00f3 haber sido objeto de un trato denigrante por parte de Michael Douglas, la actriz y sus hijos no fueron inmunes al impacto psicol\u00f3gico derivado de este ataque a su reputaci\u00f3n. Al igual que ocurri\u00f3 hace unos meses cuando el&#8230;<\/p>\n","protected":false},"author":5,"featured_media":41996,"comment_status":"closed","ping_status":"open","sticky":false,"template":"","format":"standard","meta":{"_joinchat":[],"footnotes":""},"categories":[1346],"tags":[],"class_list":["post-41995","post","type-post","status-publish","format-standard","has-post-thumbnail","hentry","category-farandula-internacional","have-post-thumb"],"_links":{"self":[{"href":"https:\/\/www.evafm.net\/sitio\/wp-json\/wp\/v2\/posts\/41995","targetHints":{"allow":["GET"]}}],"collection":[{"href":"https:\/\/www.evafm.net\/sitio\/wp-json\/wp\/v2\/posts"}],"about":[{"href":"https:\/\/www.evafm.net\/sitio\/wp-json\/wp\/v2\/types\/post"}],"author":[{"embeddable":true,"href":"https:\/\/www.evafm.net\/sitio\/wp-json\/wp\/v2\/users\/5"}],"replies":[{"embeddable":true,"href":"https:\/\/www.evafm.net\/sitio\/wp-json\/wp\/v2\/comments?post=41995"}],"version-history":[{"count":1,"href":"https:\/\/www.evafm.net\/sitio\/wp-json\/wp\/v2\/posts\/41995\/revisions"}],"predecessor-version":[{"id":41997,"href":"https:\/\/www.evafm.net\/sitio\/wp-json\/wp\/v2\/posts\/41995\/revisions\/41997"}],"wp:featuredmedia":[{"embeddable":true,"href":"https:\/\/www.evafm.net\/sitio\/wp-json\/wp\/v2\/media\/41996"}],"wp:attachment":[{"href":"https:\/\/www.evafm.net\/sitio\/wp-json\/wp\/v2\/media?parent=41995"}],"wp:term":[{"taxonomy":"category","embeddable":true,"href":"https:\/\/www.evafm.net\/sitio\/wp-json\/wp\/v2\/categories?post=41995"},{"taxonomy":"post_tag","embeddable":true,"href":"https:\/\/www.evafm.net\/sitio\/wp-json\/wp\/v2\/tags?post=41995"}],"curies":[{"name":"wp","href":"https:\/\/api.w.org\/{rel}","templated":true}]}}