{"id":42098,"date":"2018-11-29T18:25:32","date_gmt":"2018-11-29T23:25:32","guid":{"rendered":"http:\/\/www.evafm.net\/sitio\/?p=42098"},"modified":"2018-11-29T18:25:32","modified_gmt":"2018-11-29T23:25:32","slug":"cayo-en-ecuador-uno-de-los-cinco-guerrilleros-de-las-farc","status":"publish","type":"post","link":"https:\/\/www.evafm.net\/sitio\/cayo-en-ecuador-uno-de-los-cinco-guerrilleros-de-las-farc\/","title":{"rendered":"Cay\u00f3 en Ecuador uno de los cinco guerrilleros de las FARC"},"content":{"rendered":"<div class=\"row pb-content-type-text\">\n<div class=\"col-xs-12 col-print-12\">\n<p class=\"element element-paragraph\">Las fuerzas de seguridad ecuatorianas detuvieron a un individuo considerado el \u00ab<strong>quinto m\u00e1s buscado<\/strong>\u00bb del denominado frente\u00a0<strong>Oliver Sinisterra<\/strong>, una disidencia de la ex guerrilla colombiana FARC a la que se le atribuye la muerte de nueve ecuatorianos este a\u00f1o.<\/p>\n<\/div>\n<\/div>\n<div class=\"row pb-content-type-text\">\n<div class=\"col-xs-12 col-print-12\">\n<p class=\"element element-paragraph\">El comandante general de la Polic\u00eda Nacional,\u00a0<strong>Nelson Villegas<\/strong>, precis\u00f3 en una rueda de prensa en Quito que\u00a0<strong>el sospechoso fue aprehendido en las \u00faltimas 24 horas<\/strong>\u00a0en el sector de San Lorenzo, provincia de Esmeraldas (fronteriza con Colombia).<\/p>\n<\/div>\n<\/div>\n<div class=\"row pb-content-type-text\">\n<div class=\"col-xs-12 col-print-12\">\n<p class=\"element element-paragraph\">\u00abDando cumplimiento a la boleta de captura por el presunto delito de delincuencia organizada y terrorismo, procedi\u00f3 la Polic\u00eda Nacional con sus unidades especiales a la detenci\u00f3n del ciudadano de nombre\u00a0<strong>Doger M.<\/strong>\u00a0quien es parte del grupo delincuencial organizado\u00a0<strong>Oliver Sinisterra<\/strong>&#8216; liderado por alias\u00a0<em><strong>Guacho<\/strong><\/em>\u00a0(Walter Patricio Arizala)\u00bb, refiri\u00f3 Villegas.<\/p>\n<\/div>\n<\/div>\n<div class=\"row pb-content-type-text\">\n<div class=\"col-xs-12 col-print-12\">\n<p class=\"element element-paragraph\">Entre las actividades que desarrollaba el detenido, el responsable policial enumer\u00f3 las de \u00ab<strong>albergar en una finca de su propiedad a miembros de esta organizaci\u00f3n<\/strong>\u00bb y de \u00ab<strong>abastecer de v\u00edveres e insumos a dichos miembros<\/strong>\u00ab.<\/p>\n<\/div>\n<\/div>\n<div class=\"row pb-content-type-text\">\n<div id=\"\" class=\"wrapper clearfix pb-feature pb-layout-item pb-f-ads-dfp left-align\">\n<div id=\"inline\" class=\"ad-slot\"><\/div>\n<\/div>\n<div class=\"col-xs-12 col-print-12\">\n<p class=\"element element-paragraph\">Asimismo, \u00ab<strong>alertaba a la organizaci\u00f3n delictiva de la presencia de las fuerzas armadas y de la Polic\u00eda Nacional<\/strong>\u00bb y se le atribuye la participaci\u00f3n en un\u00a0<strong>ataque con bomba<\/strong>\u00a0en el cuartel de la Polic\u00eda en San Lorenzo el 27 de enero de este a\u00f1o, que caus\u00f3 una treintena de heridos y cuantiosos da\u00f1os materiales.<\/p>\n<\/div>\n<\/div>\n<div class=\"row pb-content-type-text\">\n<div class=\"col-xs-12 col-print-12\">\n<p class=\"element element-paragraph\">Villegas precis\u00f3 que el detenido contaba con \u00ab<strong>una notificaci\u00f3n azul en Interpol por los delitos de lesiones con resultados de muerte, homicidio o asesinato, y como miembro del grupo terrorista y actos terroristas<\/strong>\u00ab.<\/p>\n<div class=\"row pb-content-type-text\">\n<div class=\"col-xs-12 col-print-12\">\n<p class=\"element element-paragraph\">El director general de Inteligencia, general\u00a0<strong>Fredy Ramos<\/strong>, calific\u00f3 la detenci\u00f3n de \u00ab<strong>duro golpe a la organizaci\u00f3n de alias\u00a0<em>Guacho<\/em>\u00ab<\/strong><em>,<\/em>\u00a0y subray\u00f3 que \u00abera un objetivo com\u00fan de las autoridades tanto colombianas como ecuatorianas\u00bb.<\/p>\n<\/div>\n<\/div>\n<div class=\"row pb-content-type-text\">\n<div class=\"col-xs-12 col-print-12\">\n<p class=\"element element-paragraph\">\u00ab<strong>Es el quinto, se puede decir, m\u00e1s buscado de esta organizaci\u00f3n de Oliver Sinisterra<\/strong>\u00ab, recalc\u00f3.<\/p>\n<\/div>\n<\/div>\n<div class=\"row pb-content-type-text\">\n<div class=\"col-xs-12 col-print-12\">\n<p class=\"element element-paragraph\">A\u00f1adi\u00f3 que el detenido pose\u00eda una finca en el sector Ricaurte de San Lorenzo, donde albergaba a los integrantes del comando delictivo\u00a0<strong>\u00abcuando comet\u00edan delitos en el lado colombiano<\/strong>\u00bb y deb\u00edan esperar un tiempo \u00ab<strong>a que las cosas pasen<\/strong>\u00bb antes de retornar a su pa\u00eds.<\/p>\n<\/div>\n<\/div>\n<div class=\"row pb-content-type-text\">\n<div class=\"col-xs-12 col-print-12\">\n<p class=\"element element-paragraph\">El jefe de la Inteligencia dijo que la detenci\u00f3n que se realiz\u00f3 es la\u00a0<strong>n\u00famero 75 de la organizaci\u00f3n que se efect\u00faa en Ecuador<\/strong>, adem\u00e1s de otros cinco detenidos en Colombia que las autoridades de ese pa\u00eds pudieron capturar gracias a la colaboraci\u00f3n de las ecuatorianas.<\/p>\n<\/div>\n<\/div>\n<div class=\"row pb-content-type-text\">\n<div class=\"col-xs-12 col-print-12\">\n<p class=\"element element-paragraph\">El detenido ha sido puesto bajo disposici\u00f3n judicial en la unidad Multicompetente de San Lorenzo, y todos sus bienes, bajo custodia de las autoridades hasta que decidan cu\u00e1l ser\u00e1 su destino final.<\/p>\n<\/div>\n<\/div>\n<div class=\"row pb-content-type-text\">\n<div class=\"col-xs-12 col-print-12\">\n<p class=\"element element-paragraph\">La ministra ecuatoriana del Interior,\u00a0<strong>Mar\u00eda Paula Romo<\/strong>, hab\u00eda dicho horas antes que el detenido era requerido por la Justicia \u00ab<strong>para rendir cuentas por actividades delictivas y por la violencia en la frontera norte<\/strong>\u00ab.<\/p>\n<\/div>\n<\/div>\n<div class=\"row pb-content-type-text\">\n<div class=\"col-xs-12 col-print-12\">\n<p class=\"element element-paragraph\">Al grupo liderado por\u00a0<em>Guacho<\/em>\u00a0se le atribuye la muerte de cuatro soldados ecuatorianos a principios de a\u00f1o en ataques con explosivos en la zona fronteriza con Colombia y el secuestro y asesinato de cinco civiles, tres de ellos miembros de un equipo period\u00edstico.<\/p>\n<div class=\"single-image\">\n<div class=\"shares\">\n<div class=\"share-button facebook\"><\/div>\n<\/div>\n<p><img decoding=\"async\" id=\"VY2PWR2LHNDS3P43PGS4HU7NQU\" class=\"image-lazy\" src=\"https:\/\/www.infobae.com\/new-resizer\/4zRrHT95uq8N0pq9Milyszi3AcQ=\/750x0\/filters:quality(100)\/s3.amazonaws.com\/arc-wordpress-client-uploads\/infobae-wp\/wp-content\/uploads\/2018\/03\/28153047\/guacho-disidente-de-las-farc.jpg\" alt=\"\u201cGuacho\u201d, cabecilla del frente Oliver Sinisterra de las disidencias de las FARC y el hombre m\u00e1s buscado en Colombia y Ecuador\" width=\"750\" height=\"421.875\" \/><\/div>\n<p><span class=\"credit\">\u201cGuacho\u201d, cabecilla del frente Oliver Sinisterra de las disidencias de las FARC y el hombre m\u00e1s buscado en Colombia y Ecuador.<\/span><\/p>\n<p>Fuente:<\/p>\n<\/div>\n<\/div>\n<\/div>\n<\/div>\n<div class=\"gsp_post_data\" \r\n\t            data-post_type=\"post\" \r\n\t            data-cat=\"noticias-internacionales\" \r\n\t            data-modified=\"120\"\r\n\t            data-created=\"1543515932\"\r\n\t            data-title=\"Cay\u00f3 en Ecuador uno de los cinco guerrilleros de las FARC\" \r\n\t            data-home=\"https:\/\/www.evafm.net\/sitio\"><\/div>","protected":false},"excerpt":{"rendered":"<p>Las fuerzas de seguridad ecuatorianas detuvieron a un individuo considerado el \u00abquinto m\u00e1s buscado\u00bb del denominado frente\u00a0Oliver Sinisterra, una disidencia de la ex guerrilla colombiana FARC a la que se le atribuye la muerte de nueve ecuatorianos este a\u00f1o. El comandante general de la Polic\u00eda Nacional,\u00a0Nelson Villegas, precis\u00f3 en una rueda de prensa en Quito&#8230;<\/p>\n","protected":false},"author":5,"featured_media":42099,"comment_status":"closed","ping_status":"open","sticky":false,"template":"","format":"standard","meta":{"_joinchat":[],"footnotes":""},"categories":[1345],"tags":[],"class_list":["post-42098","post","type-post","status-publish","format-standard","has-post-thumbnail","hentry","category-noticias-internacionales","have-post-thumb"],"_links":{"self":[{"href":"https:\/\/www.evafm.net\/sitio\/wp-json\/wp\/v2\/posts\/42098","targetHints":{"allow":["GET"]}}],"collection":[{"href":"https:\/\/www.evafm.net\/sitio\/wp-json\/wp\/v2\/posts"}],"about":[{"href":"https:\/\/www.evafm.net\/sitio\/wp-json\/wp\/v2\/types\/post"}],"author":[{"embeddable":true,"href":"https:\/\/www.evafm.net\/sitio\/wp-json\/wp\/v2\/users\/5"}],"replies":[{"embeddable":true,"href":"https:\/\/www.evafm.net\/sitio\/wp-json\/wp\/v2\/comments?post=42098"}],"version-history":[{"count":1,"href":"https:\/\/www.evafm.net\/sitio\/wp-json\/wp\/v2\/posts\/42098\/revisions"}],"predecessor-version":[{"id":42100,"href":"https:\/\/www.evafm.net\/sitio\/wp-json\/wp\/v2\/posts\/42098\/revisions\/42100"}],"wp:featuredmedia":[{"embeddable":true,"href":"https:\/\/www.evafm.net\/sitio\/wp-json\/wp\/v2\/media\/42099"}],"wp:attachment":[{"href":"https:\/\/www.evafm.net\/sitio\/wp-json\/wp\/v2\/media?parent=42098"}],"wp:term":[{"taxonomy":"category","embeddable":true,"href":"https:\/\/www.evafm.net\/sitio\/wp-json\/wp\/v2\/categories?post=42098"},{"taxonomy":"post_tag","embeddable":true,"href":"https:\/\/www.evafm.net\/sitio\/wp-json\/wp\/v2\/tags?post=42098"}],"curies":[{"name":"wp","href":"https:\/\/api.w.org\/{rel}","templated":true}]}}