{"id":42106,"date":"2018-11-29T18:52:26","date_gmt":"2018-11-29T23:52:26","guid":{"rendered":"http:\/\/www.evafm.net\/sitio\/?p=42106"},"modified":"2018-11-29T18:52:26","modified_gmt":"2018-11-29T23:52:26","slug":"sylvester-stallone-colgara-los-guantes-como-rocky-balboa","status":"publish","type":"post","link":"https:\/\/www.evafm.net\/sitio\/sylvester-stallone-colgara-los-guantes-como-rocky-balboa\/","title":{"rendered":"Sylvester Stallone colgar\u00e1 los guantes como \u201cRocky Balboa\u201d"},"content":{"rendered":"<p>Sylvester Stallone, quien dio vida a Rocky Balboa en una de las sagas de acci\u00f3n m\u00e1s recordadas de la historia del cine, anunci\u00f3 que colgar\u00e1 los guantes y dejar\u00e1 al personaje de forma definitiva.<\/p>\n<p>El actor utiliz\u00f3 su cuenta de Instagram para compartir un video donde precisa que \u00abCreed 2\u00bb ser\u00e1 la \u00faltima participaci\u00f3n de Rocky Balboa en una pel\u00edcula.<\/p>\n<p>\u00abSolo quiero agradecer a todo el mundo por tomar a Rocky como parte de sus familias y dejarlo entrar a sus corazones durante m\u00e1s de 40 a\u00f1os. Ha sido mi \u00faltimo privilegio haber sido capaz de crear y jugar a este personaje significativo\u00bb, dijo la estrella.<\/p>\n<p>\u00abAunque rompe mi coraz\u00f3n, lamentablemente todas las cosas deben pasar&#8230; y terminar. Los amo, gente amable y generosa, y lo m\u00e1s maravilloso de todo es que Rocky nunca morir\u00e1 porque \u00e9l vive en ti\u00bb, agreg\u00f3 a sus m\u00e1s de 8 millones de seguidores en Instagram.<\/p>\n<p>En el video, se le oye decir a Stallone un emotivo discurso al elenco y al equipo.<\/p>\n<p>\u00abEste probablemente sea mi \u00faltimo rodeo. Pens\u00e9 que Rocky hab\u00eda terminado en 2006, y estaba muy feliz con eso (&#8230;) Ahora t\u00fa tienes que llevar el manto\u00bb, le dijo a Michael B. Jordan, quien da vida al hijo de Apolo Creed en la pel\u00edcula.<\/p>\n<p>En \u00abCreed 2\u00bb, el veterano peleador entrena a Adonis Creed para su lucha contra Viktor Drago.<\/p>\n<p>https:\/\/www.instagram.com\/p\/Bquk06OharC\/?utm_source=ig_web_copy_link<\/p>\n<p>https:\/\/www.instagram.com\/p\/BqvLhv_Bv6P\/?utm_source=ig_web_copy_link<\/p>\n<p>Fuente: primerahora.com &#8211; twitter.com<\/p>\n<div class=\"gsp_post_data\" \r\n\t            data-post_type=\"post\" \r\n\t            data-cat=\"espectaculos,general\" \r\n\t            data-modified=\"120\"\r\n\t            data-created=\"1543517546\"\r\n\t            data-title=\"Sylvester Stallone colgar\u00e1 los guantes como \u201cRocky Balboa\u201d\" \r\n\t            data-home=\"https:\/\/www.evafm.net\/sitio\"><\/div>","protected":false},"excerpt":{"rendered":"<p>Sylvester Stallone, quien dio vida a Rocky Balboa en una de las sagas de acci\u00f3n m\u00e1s recordadas de la historia del cine, anunci\u00f3 que colgar\u00e1 los guantes y dejar\u00e1 al personaje de forma definitiva. El actor utiliz\u00f3 su cuenta de Instagram para compartir un video donde precisa que \u00abCreed 2\u00bb ser\u00e1 la \u00faltima participaci\u00f3n de&#8230;<\/p>\n","protected":false},"author":5,"featured_media":42108,"comment_status":"closed","ping_status":"open","sticky":false,"template":"","format":"standard","meta":{"_joinchat":[],"footnotes":""},"categories":[4,1720],"tags":[],"class_list":["post-42106","post","type-post","status-publish","format-standard","has-post-thumbnail","hentry","category-espectaculos","category-general","have-post-thumb"],"_links":{"self":[{"href":"https:\/\/www.evafm.net\/sitio\/wp-json\/wp\/v2\/posts\/42106","targetHints":{"allow":["GET"]}}],"collection":[{"href":"https:\/\/www.evafm.net\/sitio\/wp-json\/wp\/v2\/posts"}],"about":[{"href":"https:\/\/www.evafm.net\/sitio\/wp-json\/wp\/v2\/types\/post"}],"author":[{"embeddable":true,"href":"https:\/\/www.evafm.net\/sitio\/wp-json\/wp\/v2\/users\/5"}],"replies":[{"embeddable":true,"href":"https:\/\/www.evafm.net\/sitio\/wp-json\/wp\/v2\/comments?post=42106"}],"version-history":[{"count":1,"href":"https:\/\/www.evafm.net\/sitio\/wp-json\/wp\/v2\/posts\/42106\/revisions"}],"predecessor-version":[{"id":42110,"href":"https:\/\/www.evafm.net\/sitio\/wp-json\/wp\/v2\/posts\/42106\/revisions\/42110"}],"wp:featuredmedia":[{"embeddable":true,"href":"https:\/\/www.evafm.net\/sitio\/wp-json\/wp\/v2\/media\/42108"}],"wp:attachment":[{"href":"https:\/\/www.evafm.net\/sitio\/wp-json\/wp\/v2\/media?parent=42106"}],"wp:term":[{"taxonomy":"category","embeddable":true,"href":"https:\/\/www.evafm.net\/sitio\/wp-json\/wp\/v2\/categories?post=42106"},{"taxonomy":"post_tag","embeddable":true,"href":"https:\/\/www.evafm.net\/sitio\/wp-json\/wp\/v2\/tags?post=42106"}],"curies":[{"name":"wp","href":"https:\/\/api.w.org\/{rel}","templated":true}]}}