{"id":42111,"date":"2018-11-29T18:56:33","date_gmt":"2018-11-29T23:56:33","guid":{"rendered":"http:\/\/www.evafm.net\/sitio\/?p=42111"},"modified":"2018-11-29T18:56:33","modified_gmt":"2018-11-29T23:56:33","slug":"elvis-crespo-se-siente-en-el-punto-mas-alto-de-su-carrera","status":"publish","type":"post","link":"https:\/\/www.evafm.net\/sitio\/elvis-crespo-se-siente-en-el-punto-mas-alto-de-su-carrera\/","title":{"rendered":"Elvis Crespo se siente en el punto m\u00e1s alto de su carrera"},"content":{"rendered":"<p><strong>Miami<\/strong>&#8211; El boricua\u00a0Elvis Crespo\u00a0se siente en el punto m\u00e1s alto de su carrera de dos d\u00e9cadas, con \u00e9xitos como \u00abAzukita\u00bb, el reconocimiento de los Latin Grammy a su disco \u00abDiomedizado\u00bb y el lanzamiento de \u00abElla me bes\u00f3\u00bb, un nuevo tema con el que espera que sus fans reciban el a\u00f1o 2019 bailando.<\/p>\n<p>Sin embargo, en una entrevista con Efe, reconoci\u00f3 que lo que m\u00e1s aprecia \u00abes poder vivirlo sanamente\u00bb.<\/p>\n<p><strong>\u00abAntes tomaba mis decisiones bas\u00e1ndome en la ansiedad y el ego y eso lo pagu\u00e9 muy caro\u00bb,\u00a0<\/strong>dice en referencia a las adicciones contra las que batall\u00f3 por a\u00f1os.<\/p>\n<p>Agradecido de poder experimentar otro gran momento en su carrera, de una mayor magnitud que el fen\u00f3meno que fue su tema \u00abSuavemente\u00bb en 1998, Crespo, de 47 a\u00f1os, asegura que una rutina de\u00a0<strong>\u00abmeditaci\u00f3n, ejercicio y leer\u00bb le mantiene \u00abanclado\u00bb.<\/strong><\/p>\n<p>Es lo que le ha permitido vivir la locura de 2018 en calma. \u00abEste a\u00f1o ha sido grandioso\u00bb, afirma Crespo, quien revela que tuvo experiencias que ni hab\u00eda llegado a so\u00f1ar.<\/p>\n<p>\u00abEmpezamos el a\u00f1o con &#8216;Azukita&#8217; con dos monstruos de la m\u00fasica como Daddy Yankee y Steve Aoki, producida por los grandes de Play-N-Skilz y la estrenamos en Ultra, que fue una locura\u00bb, record\u00f3.<\/p>\n<p>\u00abAzukita\u00bb fue de hecho la primera canci\u00f3n de m\u00fasica urbana en espa\u00f1ol tocada en el festival de m\u00fasica electr\u00f3nica Ultra de Miami, que es considerado uno de los m\u00e1s importantes del mundo.<\/p>\n<p>Adem\u00e1s, en 2018 recorri\u00f3 \u00abtodo Estados Unidos y Canad\u00e1, hasta en partes bien al norte donde solo se habla franc\u00e9s\u00bb y varias ciudades de Europa.<\/p>\n<p>\u00abVer a toda esa gente cantando mis canciones es indescriptible\u00bb, se\u00f1ala con satisfacci\u00f3n.<\/p>\n<p>Adem\u00e1s,\u00a0<strong>Crespo lanz\u00f3 este a\u00f1o al mercado su disco \u00abDiomedizao\u00bb, que fue nominado a los Grammy latinos en la categor\u00eda Mejor \u00c1lbum Tropical Contempor\u00e1neo, con versiones de los temas m\u00e1s populares del icono colombiano del vallenato Diomedes D\u00edaz.<\/strong><\/p>\n<p>Para 2019 espera que la mecha de \u00e9xitos siga encendida y cuenta para comenzar con el sencillo \u00abElla me bes\u00f3\u00bb, una canci\u00f3n alegre y ligera, con una fusi\u00f3n del merengue que caracteriz\u00f3 a los primeros \u00e9xitos de Crespo, como \u00abSuavemente\u00bb y \u00abB\u00e9same\u00bb, con los arreglos electr\u00f3nicos de la m\u00fasica latina bailable hoy en d\u00eda.<\/p>\n<p>El tema, que desde hoy est\u00e1 disponible en las principales plataformas de streaming y venta de m\u00fasica digital, sali\u00f3 acompa\u00f1ado de un colorido v\u00eddeo grabado en Miami Beach, en el que por primera vez permiti\u00f3 la participaci\u00f3n de G\u00e9nesis Vittoria, la menor de sus tres hijos.<\/p>\n<p><strong>\u00abEn el v\u00eddeo no iba a haber ni\u00f1os, pero ella me lo pidi\u00f3 y le dije a mi esposa que ten\u00edamos que apoyarla en eso\u00bb,<\/strong>\u00a0revel\u00f3 el artista. \u00abElla se aprendi\u00f3 la coreograf\u00eda y lo hizo muy bien, pero lo mejor fue el tiempo que pudimos pasar juntos. Es lo que m\u00e1s valoro\u00bb, agreg\u00f3.<\/p>\n<p>La ni\u00f1a nacida en 2012 es producto de su matrimonio con Maribel Vega, quien es tambi\u00e9n su manager hoy en d\u00eda. Adem\u00e1s, en la producci\u00f3n tambi\u00e9n participa la estrella de zumba Cat Medina.<\/p>\n<p>Aunque entr\u00f3 en el estudio de grabaci\u00f3n pensando solamente en hacer un sencillo -\u00absoy de la generaci\u00f3n de los discos. Yo a\u00fan los compro, me gusta verlos, tocarlos\u00bb-, al final decidi\u00f3 que \u00abElla me bes\u00f3\u00bb ser\u00e1 el primer tema promocional de su pr\u00f3ximo \u00e1lbum, que ha bautizado \u00abMultitudes\u00bb y tiene previsto sacar en abril.<\/p>\n<p>\u00abYa tengo grabadas colaboraciones con otros artistas j\u00f3venes que quiero compartir tambi\u00e9n con el p\u00fablico\u00bb, indic\u00f3 Crespo, aunque se neg\u00f3 a dar nombres.<\/p>\n<p>Para la Navidad, Crespo no espera nada concreto debajo del \u00e1rbol y que lo \u00fanico que pide es \u00abpaz interior\u00bb, algo que no se le hace f\u00e1cil, pues piensa \u00abmucho\u00bb.<\/p>\n<p><strong>Profesionalmente aspira a superar en 2019 los \u00e9xitos de este a\u00f1o, aunque asegura que, de no ser as\u00ed, estar\u00eda tranquilo, pues agradece \u00abhasta lo que no sale bien\u00bb.<\/strong><\/p>\n<p>\u00abTodo es parte de quien soy hoy\u00bb, dice.<\/p>\n<p><iframe title=\"Elvis Crespo - Ella Me Bes\u00f3 (Official Video)\" width=\"1200\" height=\"675\" src=\"https:\/\/www.youtube.com\/embed\/F0yXEv932W0?feature=oembed\" frameborder=\"0\" allow=\"accelerometer; autoplay; clipboard-write; encrypted-media; gyroscope; picture-in-picture; web-share\" referrerpolicy=\"strict-origin-when-cross-origin\" allowfullscreen><\/iframe><\/p>\n<p>Fuente: elnuevodia.com<\/p>\n<div class=\"gsp_post_data\" \r\n\t            data-post_type=\"post\" \r\n\t            data-cat=\"general,musica-internacional\" \r\n\t            data-modified=\"120\"\r\n\t            data-created=\"1543517793\"\r\n\t            data-title=\"Elvis Crespo se siente en el punto m\u00e1s alto de su carrera\" \r\n\t            data-home=\"https:\/\/www.evafm.net\/sitio\"><\/div>","protected":false},"excerpt":{"rendered":"<p>Miami&#8211; El boricua\u00a0Elvis Crespo\u00a0se siente en el punto m\u00e1s alto de su carrera de dos d\u00e9cadas, con \u00e9xitos como \u00abAzukita\u00bb, el reconocimiento de los Latin Grammy a su disco \u00abDiomedizado\u00bb y el lanzamiento de \u00abElla me bes\u00f3\u00bb, un nuevo tema con el que espera que sus fans reciban el a\u00f1o 2019 bailando. Sin embargo, en&#8230;<\/p>\n","protected":false},"author":5,"featured_media":42113,"comment_status":"closed","ping_status":"open","sticky":false,"template":"","format":"standard","meta":{"_joinchat":[],"footnotes":""},"categories":[1720,2],"tags":[],"class_list":["post-42111","post","type-post","status-publish","format-standard","has-post-thumbnail","hentry","category-general","category-musica-internacional","have-post-thumb"],"_links":{"self":[{"href":"https:\/\/www.evafm.net\/sitio\/wp-json\/wp\/v2\/posts\/42111","targetHints":{"allow":["GET"]}}],"collection":[{"href":"https:\/\/www.evafm.net\/sitio\/wp-json\/wp\/v2\/posts"}],"about":[{"href":"https:\/\/www.evafm.net\/sitio\/wp-json\/wp\/v2\/types\/post"}],"author":[{"embeddable":true,"href":"https:\/\/www.evafm.net\/sitio\/wp-json\/wp\/v2\/users\/5"}],"replies":[{"embeddable":true,"href":"https:\/\/www.evafm.net\/sitio\/wp-json\/wp\/v2\/comments?post=42111"}],"version-history":[{"count":1,"href":"https:\/\/www.evafm.net\/sitio\/wp-json\/wp\/v2\/posts\/42111\/revisions"}],"predecessor-version":[{"id":42114,"href":"https:\/\/www.evafm.net\/sitio\/wp-json\/wp\/v2\/posts\/42111\/revisions\/42114"}],"wp:featuredmedia":[{"embeddable":true,"href":"https:\/\/www.evafm.net\/sitio\/wp-json\/wp\/v2\/media\/42113"}],"wp:attachment":[{"href":"https:\/\/www.evafm.net\/sitio\/wp-json\/wp\/v2\/media?parent=42111"}],"wp:term":[{"taxonomy":"category","embeddable":true,"href":"https:\/\/www.evafm.net\/sitio\/wp-json\/wp\/v2\/categories?post=42111"},{"taxonomy":"post_tag","embeddable":true,"href":"https:\/\/www.evafm.net\/sitio\/wp-json\/wp\/v2\/tags?post=42111"}],"curies":[{"name":"wp","href":"https:\/\/api.w.org\/{rel}","templated":true}]}}