{"id":42196,"date":"2018-12-01T18:38:04","date_gmt":"2018-12-01T23:38:04","guid":{"rendered":"http:\/\/www.evafm.net\/sitio\/?p=42196"},"modified":"2018-12-01T18:43:49","modified_gmt":"2018-12-01T23:43:49","slug":"el-gobierno-y-la-asamblea-ahondan-sus-diferencias","status":"publish","type":"post","link":"https:\/\/www.evafm.net\/sitio\/el-gobierno-y-la-asamblea-ahondan-sus-diferencias\/","title":{"rendered":"El Gobierno y la Asamblea ahondan sus diferencias"},"content":{"rendered":"<p>Un cada vez m\u00e1s evidente fuego cruzado. En cuesti\u00f3n de minutos la\u00a0<b>Asamblea Nacional<\/b>\u00a0le traspas\u00f3, la noche del jueves, dos \u2018papas calientes\u2019 al\u00a0<b>Gobierno\u00a0<\/b>del presidente<b>\u00a0Len\u00edn Moreno<\/b>, sin que su bloque en el\u00a0<b>Legislativo<\/b>\u00a0haya hecho mucho por impedirlo.<\/p>\n<p>Por el contrario, con sus votos varios asamble\u00edstas de\u00a0<b>Alianza PAIS<\/b>\u00a0(AP) avalaron los dos momentos que presionan al Ejecutivo a tomar decisiones que, en el corto y mediano plazo, acarrear\u00e1n efectos, empezando por los pol\u00edticos.<\/p>\n<p>El primero est\u00e1 relacionado con la proforma presupuestaria 2019. De las filas del propio PAIS, espec\u00edficamente de Esteban Albornoz, presidente de la\u00a0<b>Comisi\u00f3n de Desarrollo Econ\u00f3mico,<\/b>\u00a0sali\u00f3 la propuesta de devolver el documento con 17 observaciones.<\/p>\n<p>Eso implica que el equipo econ\u00f3mico del Gobierno tiene 10 d\u00edas para revisar la proforma, especialmente en el \u00e1rea social, en la que se registraban algunos reajustes a la baja, esto pese a que el\u00a0<b>ministro de Finanzas<\/b>,\u00a0<b>Richard Mart\u00ednez<\/b>, explic\u00f3 a la\u00a0<b>Asamblea<\/b>\u00a0que \u201cel pa\u00eds vive un momento complejo, una situaci\u00f3n fiscal insostenible\u201d.<\/p>\n<p>Con 90 votos, varios de la bancada verde flex, se aprob\u00f3 el retorno del presupuesto al Ejecutivo. Menos votos (77) obtuvo la resoluci\u00f3n con la que exigen a la\u00a0<b>vicepresidenta Mar\u00eda Alejandra Vicu\u00f1a<\/b>\u00a0que renuncie por estar investigada en un caso de presunto cobro de diezmos a sus colaboradores.<\/p>\n<p>Con esto, la Asamblea traslada la presi\u00f3n de definir el futuro de Vicu\u00f1a al Gobierno, mientras busca el mecanismo para llevarla a un juicio pol\u00edtico sorteando la falta de una Corte Constitucional que califique el procesamiento legislativo de la segunda mandataria.<\/p>\n<p>Puertas afuera, la percepci\u00f3n es que el cisma entre las dos funciones se profundiza cada vez m\u00e1s. \u00bfQu\u00e9 sucede casa adentro? La\u00a0<b>asamble\u00edsta Ximena Pe\u00f1a<\/b>, coordinadora de la bancada de PAIS, no cree que se deba hablar de un alejamiento, o peor todav\u00eda de una ruptura.<\/p>\n<p>\u201cSomos parte de un proyecto pol\u00edtico, pero eso no significa que desde la bancada no podamos sugerir, incluso poner reparos.<\/p>\n<p>La bancada decidi\u00f3 hacer observaciones a la proforma, pero antes de eso hubo reuniones de coordinaci\u00f3n con el Ejecutivo en las que se inform\u00f3 que esa ser\u00eda la postura\u201d.<\/p>\n<p>El secretario de la Pol\u00edtica,\u00a0<b>Pa\u00fal Granda<\/b>, dijo a<b>\u00a0EXPRESO<\/b>\u00a0que la decisi\u00f3n de la Asamblea de observar la proforma es una muestra de las buenas y respetuosas relaciones que existen entre las funciones del\u00a0<b>Estado.<\/b><\/p>\n<p>A\u00f1adi\u00f3 que el di\u00e1logo con el Legislativo es constante y sobre varios temas. Granda considera que la decisi\u00f3n tomada con respecto a Vicu\u00f1a es una expresi\u00f3n leg\u00edtima de los asamble\u00edstas y que el bloque de\u00a0<b>AP<\/b>\u00a0lo que ha hecho es ratificar el llamado a que cada entidad cumpla con el trabajo que le corresponde.<\/p>\n<p><b>Los detalles<\/b><\/p>\n<p><b>Tercer frente<\/b><\/p>\n<p>El movimiento\u00a0<b>Alianza<\/b>\u00a0<b>PAIS<\/b>\u00a0a trav\u00e9s de un comunicado respald\u00f3 a la vicepresidenta Vicu\u00f1a y dice que es v\u00edctima de una \u201carremetida pol\u00edtica\u201d. Tambi\u00e9n manifiesta que si bien la\u00a0<b>Asamblea<\/b>\u00a0tiene la funci\u00f3n de hacer control pol\u00edtico, debe alinearse a valores como el principio de presunci\u00f3n de inocencia de las personas.<\/p>\n<p><b>Veto total<\/b><\/p>\n<p>No solo la Asamblea ha hecho \u2018desplantes\u2019 en esta relaci\u00f3n. El presidente Len\u00edn Moreno tambi\u00e9n vet\u00f3 totalmente una Ley\u00a0<b>Anticorrupci\u00f3n<\/b>\u00a0que fue trabajada en el Legislativo y envi\u00f3 su propio proyecto. El cambio total no fue bien recibido ni siquiera por la bancada del oficialismo.<\/p>\n<p><b>Reacci\u00f3n.<\/b>\u00a0La presidenta de la Asamblea,\u00a0<b>Elizabeth Cabezas<\/b>, cuestion\u00f3 ayer el comunicado de apoyo a Vicu\u00f1a y dijo que no hab\u00eda sido discutido previamente.<\/p>\n<p>Fuente: expreso.ec<\/p>\n<div class=\"gsp_post_data\" \r\n\t            data-post_type=\"post\" \r\n\t            data-cat=\"general,noticias-ecuador\" \r\n\t            data-modified=\"120\"\r\n\t            data-created=\"1543689484\"\r\n\t            data-title=\"El Gobierno y la Asamblea ahondan sus diferencias\" \r\n\t            data-home=\"https:\/\/www.evafm.net\/sitio\"><\/div>","protected":false},"excerpt":{"rendered":"<p>Un cada vez m\u00e1s evidente fuego cruzado. En cuesti\u00f3n de minutos la\u00a0Asamblea Nacional\u00a0le traspas\u00f3, la noche del jueves, dos \u2018papas calientes\u2019 al\u00a0Gobierno\u00a0del presidente\u00a0Len\u00edn Moreno, sin que su bloque en el\u00a0Legislativo\u00a0haya hecho mucho por impedirlo. Por el contrario, con sus votos varios asamble\u00edstas de\u00a0Alianza PAIS\u00a0(AP) avalaron los dos momentos que presionan al Ejecutivo a tomar decisiones&#8230;<\/p>\n","protected":false},"author":5,"featured_media":42197,"comment_status":"closed","ping_status":"open","sticky":false,"template":"","format":"standard","meta":{"_joinchat":[],"footnotes":""},"categories":[1720,1558],"tags":[],"class_list":["post-42196","post","type-post","status-publish","format-standard","has-post-thumbnail","hentry","category-general","category-noticias-ecuador","have-post-thumb"],"_links":{"self":[{"href":"https:\/\/www.evafm.net\/sitio\/wp-json\/wp\/v2\/posts\/42196","targetHints":{"allow":["GET"]}}],"collection":[{"href":"https:\/\/www.evafm.net\/sitio\/wp-json\/wp\/v2\/posts"}],"about":[{"href":"https:\/\/www.evafm.net\/sitio\/wp-json\/wp\/v2\/types\/post"}],"author":[{"embeddable":true,"href":"https:\/\/www.evafm.net\/sitio\/wp-json\/wp\/v2\/users\/5"}],"replies":[{"embeddable":true,"href":"https:\/\/www.evafm.net\/sitio\/wp-json\/wp\/v2\/comments?post=42196"}],"version-history":[{"count":1,"href":"https:\/\/www.evafm.net\/sitio\/wp-json\/wp\/v2\/posts\/42196\/revisions"}],"predecessor-version":[{"id":42198,"href":"https:\/\/www.evafm.net\/sitio\/wp-json\/wp\/v2\/posts\/42196\/revisions\/42198"}],"wp:featuredmedia":[{"embeddable":true,"href":"https:\/\/www.evafm.net\/sitio\/wp-json\/wp\/v2\/media\/42197"}],"wp:attachment":[{"href":"https:\/\/www.evafm.net\/sitio\/wp-json\/wp\/v2\/media?parent=42196"}],"wp:term":[{"taxonomy":"category","embeddable":true,"href":"https:\/\/www.evafm.net\/sitio\/wp-json\/wp\/v2\/categories?post=42196"},{"taxonomy":"post_tag","embeddable":true,"href":"https:\/\/www.evafm.net\/sitio\/wp-json\/wp\/v2\/tags?post=42196"}],"curies":[{"name":"wp","href":"https:\/\/api.w.org\/{rel}","templated":true}]}}