{"id":42346,"date":"2018-12-05T20:33:18","date_gmt":"2018-12-06T01:33:18","guid":{"rendered":"http:\/\/www.evafm.net\/sitio\/?p=42346"},"modified":"2018-12-05T20:33:18","modified_gmt":"2018-12-06T01:33:18","slug":"revelan-fotografia-de-jenni-rivera-tomada-poco-antes-de-morir","status":"publish","type":"post","link":"https:\/\/www.evafm.net\/sitio\/revelan-fotografia-de-jenni-rivera-tomada-poco-antes-de-morir\/","title":{"rendered":"Revelan fotograf\u00eda de Jenni Rivera tomada poco antes de morir"},"content":{"rendered":"<p>La\u00a0emotiva foto\u00a0fue subida a la cuenta de\u00a0Instagram\u00a0de la cantante y su contenido es muy revelador.<\/p>\n<p>En\u00a0la postal\u00a0se ve a una sonriente Jenni luciendo una blusa verde oscuro, sentada sobre una silla y recargada en una mesa.<\/p>\n<p>Al frente de ella est\u00e1 un tel\u00e9fono y varias hojas.<\/p>\n<p>Lo trascendental de la imagen es que en su mano derecha, Jenni Rivera muestra una hoja con un texto que al parecer ella escribi\u00f3.<\/p>\n<p>\u201cNos vemos este 7 en Colima, 8 en Monterrey. \u00a1Los amo!\u201d, se puede leer en el c\u00e1rtel.<\/p>\n<p>Lo impactante es que lamentablemente la \u00faltima presentaci\u00f3n de \u2018La Diva de la Banda\u2019 fue el ocho de diciembre del 2012 en Monterrey.<\/p>\n<p>La publicaci\u00f3n en menos de una hora super\u00f3 los 10 mil \u2018Me gusta\u2019 de parte de los fans que a\u00fan la recuerdan con cari\u00f1o.<\/p>\n<p>\u201cMi vida. C\u00f3mo la extra\u00f1o\u201d, \u201cesto da miedo\u201d, \u201cmi diva, como la extra\u00f1o\u201d, \u201ca unos d\u00edas de su aniversario luctuoso, nueve de diciembre, saliendo de su \u00faltimo concierto en Monterrey\u201d, \u201csolo el eco del viento que baja y sube al cielo acompa\u00f1ado de tu hermosa y guerrera voz nos da el consuelo y gran certeza que est\u00e1s cantando y recibes los aplausos de nuestro Dios\u201d, comentaron algunos seguidores.<\/p>\n<p>Durante las \u00faltimas horas de vida de Jenni Rivera se present\u00f3 ante m\u00e1s de 15 mil espectadores en la ciudad de Monterrey.<\/p>\n<p>Cabe se\u00f1alar que, otro de los sucesos m\u00e1s impactantes es que el escenario en el que la cantante dar\u00eda su concierto era en forma de cruz.<\/p>\n<p>Posterior a su espect\u00e1culo, siendo ya nueve de diciembre por la madrugada, Jenni dio su \u00faltima conferencia en donde aseguraba que eran incre\u00edbles los hechos que le ocurr\u00edan.<\/p>\n<p>\u201cYo muchas veces no puedo creer las cosas en mi vida profesional, bueno en mi vida personal que suceden\u201d, coment\u00f3 en ese momento la cantante.<\/p>\n<p>https:\/\/www.instagram.com\/p\/Bq-r-IJhMeD\/?utm_source=ig_web_copy_link<\/p>\n<p>&nbsp;<\/p>\n<p><iframe title=\"EL ULTIMO DIA DE JENNI RIVERA \u2665\" width=\"1200\" height=\"675\" src=\"https:\/\/www.youtube.com\/embed\/SvDJ-ubks-o?feature=oembed\" frameborder=\"0\" allow=\"accelerometer; autoplay; clipboard-write; encrypted-media; gyroscope; picture-in-picture; web-share\" referrerpolicy=\"strict-origin-when-cross-origin\" allowfullscreen><\/iframe><\/p>\n<p>&nbsp;<\/p>\n<p>Fuente: mundohispanico.com &#8211; instagram.com<\/p>\n<div class=\"gsp_post_data\" \r\n\t            data-post_type=\"post\" \r\n\t            data-cat=\"farandula-internacional\" \r\n\t            data-modified=\"120\"\r\n\t            data-created=\"1544041998\"\r\n\t            data-title=\"Revelan fotograf\u00eda de Jenni Rivera tomada poco antes de morir\" \r\n\t            data-home=\"https:\/\/www.evafm.net\/sitio\"><\/div>","protected":false},"excerpt":{"rendered":"<p>La\u00a0emotiva foto\u00a0fue subida a la cuenta de\u00a0Instagram\u00a0de la cantante y su contenido es muy revelador. En\u00a0la postal\u00a0se ve a una sonriente Jenni luciendo una blusa verde oscuro, sentada sobre una silla y recargada en una mesa. Al frente de ella est\u00e1 un tel\u00e9fono y varias hojas. Lo trascendental de la imagen es que en su&#8230;<\/p>\n","protected":false},"author":5,"featured_media":42349,"comment_status":"closed","ping_status":"open","sticky":false,"template":"","format":"standard","meta":{"_joinchat":[],"footnotes":""},"categories":[1346],"tags":[],"class_list":["post-42346","post","type-post","status-publish","format-standard","has-post-thumbnail","hentry","category-farandula-internacional","have-post-thumb"],"_links":{"self":[{"href":"https:\/\/www.evafm.net\/sitio\/wp-json\/wp\/v2\/posts\/42346","targetHints":{"allow":["GET"]}}],"collection":[{"href":"https:\/\/www.evafm.net\/sitio\/wp-json\/wp\/v2\/posts"}],"about":[{"href":"https:\/\/www.evafm.net\/sitio\/wp-json\/wp\/v2\/types\/post"}],"author":[{"embeddable":true,"href":"https:\/\/www.evafm.net\/sitio\/wp-json\/wp\/v2\/users\/5"}],"replies":[{"embeddable":true,"href":"https:\/\/www.evafm.net\/sitio\/wp-json\/wp\/v2\/comments?post=42346"}],"version-history":[{"count":1,"href":"https:\/\/www.evafm.net\/sitio\/wp-json\/wp\/v2\/posts\/42346\/revisions"}],"predecessor-version":[{"id":42350,"href":"https:\/\/www.evafm.net\/sitio\/wp-json\/wp\/v2\/posts\/42346\/revisions\/42350"}],"wp:featuredmedia":[{"embeddable":true,"href":"https:\/\/www.evafm.net\/sitio\/wp-json\/wp\/v2\/media\/42349"}],"wp:attachment":[{"href":"https:\/\/www.evafm.net\/sitio\/wp-json\/wp\/v2\/media?parent=42346"}],"wp:term":[{"taxonomy":"category","embeddable":true,"href":"https:\/\/www.evafm.net\/sitio\/wp-json\/wp\/v2\/categories?post=42346"},{"taxonomy":"post_tag","embeddable":true,"href":"https:\/\/www.evafm.net\/sitio\/wp-json\/wp\/v2\/tags?post=42346"}],"curies":[{"name":"wp","href":"https:\/\/api.w.org\/{rel}","templated":true}]}}