{"id":42426,"date":"2018-12-09T13:44:42","date_gmt":"2018-12-09T18:44:42","guid":{"rendered":"http:\/\/www.evafm.net\/sitio\/?p=42426"},"modified":"2018-12-09T13:44:42","modified_gmt":"2018-12-09T18:44:42","slug":"jair-bolsonaro-eligio-a-su-ministra-de-derechos-humanos","status":"publish","type":"post","link":"https:\/\/www.evafm.net\/sitio\/jair-bolsonaro-eligio-a-su-ministra-de-derechos-humanos\/","title":{"rendered":"Jair Bolsonaro eligi\u00f3 a su ministra de Derechos Humanos"},"content":{"rendered":"<div class=\"row pb-content-type-text\">\n<div class=\"col-xs-12 col-print-12\">\n<p class=\"element element-paragraph\">El equipo del presidente electo de Brasil,<strong>\u00a0Jair Bolsonaro<\/strong>, anunci\u00f3 como futura ministra de la Mujer, la Familia y los Derechos Humanos a la pastora evangelista\u00a0<strong>Damares Alves<\/strong>, quien hasta ahora trabajaba como asesora en el Senado.<\/p>\n<\/div>\n<\/div>\n<div class=\"row pb-content-type-text\">\n<div class=\"col-xs-12 col-print-12\">\n<p class=\"element element-paragraph\">\u00ab<strong>Por orden del presidente Jair Bolsonaro, presento a la ministra Alves, quien se encargar\u00e1 de la cartera de la Mujer, la Familia y los Derechos Humanos<\/strong>\u00ab, declar\u00f3 a los periodistas el futuro titular del despacho de la Presidencia, Onyx Lorenzoni.<\/p>\n<\/div>\n<\/div>\n<div class=\"row pb-content-type-text\">\n<div class=\"col-xs-12 col-print-12\">\n<p class=\"element element-paragraph\">Seg\u00fan fuentes del equipo de Bolsonaro, a esa nueva cartera ser\u00e1 asignada la Fundaci\u00f3n Nacional del Indio (Funai), que regula todo lo relativo a los pueblos originarios.<\/p>\n<\/div>\n<\/div>\n<div class=\"row pb-content-type-text\">\n<div class=\"col-xs-12 col-print-12\">\n<p class=\"element element-paragraph\">Con el nombramiento de Alves,<strong>\u00a0Bolsonaro ya ha designado a 21 de los 22 ministros<\/strong>\u00a0que tendr\u00e1 su gabinete y s\u00f3lo le resta decidir el nombre del futuro titular de Medioambiente, un despacho que lleg\u00f3 a pensar en eliminar pero que finalmente ha decidido mantener.<\/p>\n<div class=\"row pb-content-type-text\">\n<div class=\"col-xs-12 col-print-12\">\n<p class=\"element element-paragraph\"><strong>Damares es abogada y se desempe\u00f1aba hasta ahora como asesora de un frente parlamentario evangelista y del senador Magno Malta<\/strong>, uno de los impulsores de la candidatura presidencial de Bolsonaro y, como ella, pastor de una iglesia de esa religi\u00f3n.<\/p>\n<\/div>\n<\/div>\n<div class=\"row pb-content-type-text\">\n<div class=\"col-xs-12 col-print-12\">\n<p class=\"element element-paragraph\">La futura ministra tiene un asumido talante conservador y en diversas entrevistas ha manifestado dudas sobre el papel que tienen hoy en la sociedad las mujeres, de las que consideran que \u00abnacieron para ser madres\u00bb.<\/p>\n<\/div>\n<\/div>\n<div class=\"row pb-content-type-text\">\n<div class=\"col-xs-12 col-print-12\">\n<p class=\"element element-paragraph\"><strong>Damares es la segunda ministra anunciada por Bolsonaro<\/strong>, quien ya ha nombrado como titular de la cartera de Agricultura a la diputada\u00a0<strong>Tereza Cristina Costa<\/strong>, quien presid\u00eda un frente parlamentario que defiende los intereses de los grandes empresarios del campo.<\/p>\n<\/div>\n<\/div>\n<div class=\"row pb-content-type-text\">\n<div class=\"col-xs-12 col-print-12\">\n<p class=\"element element-paragraph\">Bolsonaro hab\u00eda anunciado su intenci\u00f3n de reducir el n\u00famero de ministerios de los actuales 29 a unos 15, pero finalmente ha establecido que ser\u00e1n 22.<\/p>\n<\/div>\n<\/div>\n<div class=\"row pb-content-type-text\">\n<div class=\"col-xs-12 col-print-12\">\n<p class=\"element element-paragraph\">Esa decisi\u00f3n se enmarca en su concepci\u00f3n de \u00abEstado m\u00ednimo\u00bb y apunta a reforzar una fuerte reducci\u00f3n del gasto, con la que aspira a contener el cr\u00f3nico d\u00e9ficit fiscal brasile\u00f1o.<\/p>\n<div class=\"single-image\"><img decoding=\"async\" id=\"RIKSGX3QEFE2DHM4OOHAGELKDQ\" class=\"image-lazy\" src=\"https:\/\/www.infobae.com\/new-resizer\/FI-6zL4VOgJYDi-OM-L1gQPe2Zg=\/750x0\/filters:quality(100)\/s3.amazonaws.com\/arc-wordpress-client-uploads\/infobae-wp\/wp-content\/uploads\/2018\/12\/07102257\/Damares-Alves-1920-2.jpg\" alt=\"Damares Alves\" width=\"750\" height=\"421.875\" \/><\/div>\n<p><span class=\"credit\">Damares Alves.<\/span><\/p>\n<p>Fuente: infobae.com<\/p>\n<\/div>\n<\/div>\n<\/div>\n<\/div>\n<div class=\"gsp_post_data\" \r\n\t            data-post_type=\"post\" \r\n\t            data-cat=\"general,noticias-internacionales\" \r\n\t            data-modified=\"120\"\r\n\t            data-created=\"1544363082\"\r\n\t            data-title=\"Jair Bolsonaro eligi\u00f3 a su ministra de Derechos Humanos\" \r\n\t            data-home=\"https:\/\/www.evafm.net\/sitio\"><\/div>","protected":false},"excerpt":{"rendered":"<p>El equipo del presidente electo de Brasil,\u00a0Jair Bolsonaro, anunci\u00f3 como futura ministra de la Mujer, la Familia y los Derechos Humanos a la pastora evangelista\u00a0Damares Alves, quien hasta ahora trabajaba como asesora en el Senado. \u00abPor orden del presidente Jair Bolsonaro, presento a la ministra Alves, quien se encargar\u00e1 de la cartera de la Mujer,&#8230;<\/p>\n","protected":false},"author":5,"featured_media":42427,"comment_status":"closed","ping_status":"open","sticky":false,"template":"","format":"standard","meta":{"_joinchat":[],"footnotes":""},"categories":[1720,1345],"tags":[],"class_list":["post-42426","post","type-post","status-publish","format-standard","has-post-thumbnail","hentry","category-general","category-noticias-internacionales","have-post-thumb"],"_links":{"self":[{"href":"https:\/\/www.evafm.net\/sitio\/wp-json\/wp\/v2\/posts\/42426","targetHints":{"allow":["GET"]}}],"collection":[{"href":"https:\/\/www.evafm.net\/sitio\/wp-json\/wp\/v2\/posts"}],"about":[{"href":"https:\/\/www.evafm.net\/sitio\/wp-json\/wp\/v2\/types\/post"}],"author":[{"embeddable":true,"href":"https:\/\/www.evafm.net\/sitio\/wp-json\/wp\/v2\/users\/5"}],"replies":[{"embeddable":true,"href":"https:\/\/www.evafm.net\/sitio\/wp-json\/wp\/v2\/comments?post=42426"}],"version-history":[{"count":1,"href":"https:\/\/www.evafm.net\/sitio\/wp-json\/wp\/v2\/posts\/42426\/revisions"}],"predecessor-version":[{"id":42428,"href":"https:\/\/www.evafm.net\/sitio\/wp-json\/wp\/v2\/posts\/42426\/revisions\/42428"}],"wp:featuredmedia":[{"embeddable":true,"href":"https:\/\/www.evafm.net\/sitio\/wp-json\/wp\/v2\/media\/42427"}],"wp:attachment":[{"href":"https:\/\/www.evafm.net\/sitio\/wp-json\/wp\/v2\/media?parent=42426"}],"wp:term":[{"taxonomy":"category","embeddable":true,"href":"https:\/\/www.evafm.net\/sitio\/wp-json\/wp\/v2\/categories?post=42426"},{"taxonomy":"post_tag","embeddable":true,"href":"https:\/\/www.evafm.net\/sitio\/wp-json\/wp\/v2\/tags?post=42426"}],"curies":[{"name":"wp","href":"https:\/\/api.w.org\/{rel}","templated":true}]}}