{"id":42429,"date":"2018-12-09T13:52:21","date_gmt":"2018-12-09T18:52:21","guid":{"rendered":"http:\/\/www.evafm.net\/sitio\/?p=42429"},"modified":"2018-12-09T13:52:21","modified_gmt":"2018-12-09T18:52:21","slug":"china-protesta-por-el-arresto-de-la-ejecutiva-de-huawei","status":"publish","type":"post","link":"https:\/\/www.evafm.net\/sitio\/china-protesta-por-el-arresto-de-la-ejecutiva-de-huawei\/","title":{"rendered":"China protesta por el arresto de la ejecutiva de Huawei"},"content":{"rendered":"<div class=\"row pb-content-type-text\">\n<div class=\"col-xs-12 col-print-12\">\n<p class=\"element element-paragraph\">China convoc\u00f3 este domingo a\u00a0<strong>Terry Brandstad<\/strong>, embajador de Estados Unidos\u00a0en Beijing,\u00a0para protestar por el arresto, algo \u00abextremadamente malo\u00bb, en Canad\u00e1 de\u00a0<strong>Meng Wanzhou<\/strong>, directora financiera e hija del fundador del gigante de telecomunicaciones Huawei, y\u00a0<strong>exigi\u00f3 a Washington retirar el pedido de extradici\u00f3n.<\/strong><\/p>\n<\/div>\n<\/div>\n<div class=\"row pb-content-type-text\">\n<div class=\"col-xs-12 col-print-12\">\n<p class=\"element element-paragraph\">Beijing\u00a0\u00abse opone firmemente\u00bb a esta detenci\u00f3n \u00aby urge firmemente a Estados Unidos a que otorgue una gran importancia a la posici\u00f3n solemne y justa de China\u00bb,\u00a0se\u00f1al\u00f3 el ministerio de Relaciones Exteriores en una declaraci\u00f3n luego de que el viceministro de esa cartera,<strong>\u00a0Le Yucheng<\/strong>,\u00a0convocara a Branstad.<\/p>\n<\/div>\n<\/div>\n<div class=\"row pb-content-type-text\">\n<div class=\"col-xs-12 col-print-12\">\n<p class=\"element element-paragraph\">El arresto de Meng Wanzhou, quien enfrenta cargos de fraude en Estados Unidos\u00a0<strong>relacionados con los tratos que\u00a0violan las sanciones contra Ir\u00e1n<\/strong>, ha enfurecido al gigante asi\u00e1tico, alimentando las tensiones en medio de una tregua de guerra comercial entre China y Estados Unidos.<\/p>\n<div class=\"row pb-content-type-text\">\n<div class=\"col-xs-12 col-print-12\">\n<p class=\"element element-paragraph\">Meng, la hija del fundador de Huawei,\u00a0<strong>Ren Zhengfei<\/strong>, ex ingeniera del Ej\u00e9rcito Popular de Liberaci\u00f3n de China, est\u00e1 detenida mientras espera la decisi\u00f3n de una corte canadiense en libertad bajo fianza el lunes.<\/p>\n<\/div>\n<\/div>\n<div class=\"row pb-content-type-text\">\n<div class=\"col-xs-12 col-print-12\">\n<p class=\"element element-paragraph\">Le Yucheng convoc\u00f3 a Branstad un d\u00eda despu\u00e9s de que llam\u00f3 al enviado canadiense\u00a0<strong>John McCallum<\/strong>\u00a0para expresar el disgusto de China.<\/p>\n<\/div>\n<\/div>\n<div class=\"row pb-content-type-text\">\n<div class=\"col-xs-12 col-print-12\">\n<p class=\"element element-paragraph\">\u00abLe Yucheng se\u00f1al\u00f3 que la parte estadounidense ha violado gravemente los derechos e intereses leg\u00edtimos de los ciudadanos chinos, y la naturaleza de la violaci\u00f3n es extremadamente mala\u00bb,\u00a0indic\u00f3 el Ministerio de Relaciones Exteriores en una declaraci\u00f3n.<\/p>\n<\/div>\n<\/div>\n<div class=\"row pb-content-type-text\">\n<div class=\"col-xs-12 col-print-12\">\n<p class=\"element element-paragraph\">China tambi\u00e9n inst\u00f3 a Estados Unidos a \u00abtomar medidas inmediatas para corregir las pr\u00e1cticas incorrectas y\u00a0<strong>revocar la orden de arresto contra la ciudadana china\u00bb.<\/strong><\/p>\n<p><img decoding=\"async\" src=\"https:\/\/www.infobae.com\/new-resizer\/BxCHZ19oXT3nLJR_xjsCR-HsiBY=\/750x0\/filters:quality(100)\/s3.amazonaws.com\/arc-wordpress-client-uploads\/infobae-wp\/wp-content\/uploads\/2018\/12\/07103657\/Donald-Trump-Meng-Wanzhou-Xi-Jinping-PARTIDA.jpg\" \/><\/p>\n<p>&nbsp;<\/p>\n<\/div>\n<\/div>\n<div class=\"row pb-content-type-text\">\n<div class=\"col-xs-12 col-print-12\">\n<p class=\"element element-paragraph\">Con informaci\u00f3n de AFP<\/p>\n<p>Fuente: infobae.com<\/p>\n<\/div>\n<\/div>\n<\/div>\n<\/div>\n<div class=\"gsp_post_data\" \r\n\t            data-post_type=\"post\" \r\n\t            data-cat=\"noticias-internacionales\" \r\n\t            data-modified=\"120\"\r\n\t            data-created=\"1544363541\"\r\n\t            data-title=\"China protesta por el arresto de la ejecutiva de Huawei\" \r\n\t            data-home=\"https:\/\/www.evafm.net\/sitio\"><\/div>","protected":false},"excerpt":{"rendered":"<p>China convoc\u00f3 este domingo a\u00a0Terry Brandstad, embajador de Estados Unidos\u00a0en Beijing,\u00a0para protestar por el arresto, algo \u00abextremadamente malo\u00bb, en Canad\u00e1 de\u00a0Meng Wanzhou, directora financiera e hija del fundador del gigante de telecomunicaciones Huawei, y\u00a0exigi\u00f3 a Washington retirar el pedido de extradici\u00f3n. Beijing\u00a0\u00abse opone firmemente\u00bb a esta detenci\u00f3n \u00aby urge firmemente a Estados Unidos a que&#8230;<\/p>\n","protected":false},"author":5,"featured_media":42430,"comment_status":"closed","ping_status":"open","sticky":false,"template":"","format":"standard","meta":{"_joinchat":[],"footnotes":""},"categories":[1345],"tags":[],"class_list":["post-42429","post","type-post","status-publish","format-standard","has-post-thumbnail","hentry","category-noticias-internacionales","have-post-thumb"],"_links":{"self":[{"href":"https:\/\/www.evafm.net\/sitio\/wp-json\/wp\/v2\/posts\/42429","targetHints":{"allow":["GET"]}}],"collection":[{"href":"https:\/\/www.evafm.net\/sitio\/wp-json\/wp\/v2\/posts"}],"about":[{"href":"https:\/\/www.evafm.net\/sitio\/wp-json\/wp\/v2\/types\/post"}],"author":[{"embeddable":true,"href":"https:\/\/www.evafm.net\/sitio\/wp-json\/wp\/v2\/users\/5"}],"replies":[{"embeddable":true,"href":"https:\/\/www.evafm.net\/sitio\/wp-json\/wp\/v2\/comments?post=42429"}],"version-history":[{"count":1,"href":"https:\/\/www.evafm.net\/sitio\/wp-json\/wp\/v2\/posts\/42429\/revisions"}],"predecessor-version":[{"id":42431,"href":"https:\/\/www.evafm.net\/sitio\/wp-json\/wp\/v2\/posts\/42429\/revisions\/42431"}],"wp:featuredmedia":[{"embeddable":true,"href":"https:\/\/www.evafm.net\/sitio\/wp-json\/wp\/v2\/media\/42430"}],"wp:attachment":[{"href":"https:\/\/www.evafm.net\/sitio\/wp-json\/wp\/v2\/media?parent=42429"}],"wp:term":[{"taxonomy":"category","embeddable":true,"href":"https:\/\/www.evafm.net\/sitio\/wp-json\/wp\/v2\/categories?post=42429"},{"taxonomy":"post_tag","embeddable":true,"href":"https:\/\/www.evafm.net\/sitio\/wp-json\/wp\/v2\/tags?post=42429"}],"curies":[{"name":"wp","href":"https:\/\/api.w.org\/{rel}","templated":true}]}}